{"id":618529,"date":"2025-12-23T19:50:14","date_gmt":"2025-12-23T19:50:14","guid":{"rendered":"https:\/\/www.europesays.com\/fr\/618529\/"},"modified":"2025-12-23T19:50:14","modified_gmt":"2025-12-23T19:50:14","slug":"il-y-a-46-ans-un-echec-de-science-fiction-signe-disney-devenait-peu-a-peu-un-film-culte","status":"publish","type":"post","link":"https:\/\/www.europesays.com\/fr\/618529\/","title":{"rendered":"Il y a 46 ans, un \u00e9chec de science-fiction sign\u00e9 Disney devenait peu \u00e0 peu un film culte"},"content":{"rendered":"<p class=\"chapo\">Il y a 46 ans, un film de science-fiction sign\u00e9 Disney faisait ses d\u00e9buts dans l\u2019indiff\u00e9rence g\u00e9n\u00e9rale. Accueilli fra\u00eechement \u00e0 sa sortie, ce long-m\u00e9trage s\u2019est pourtant forg\u00e9 au fil du temps une solide r\u00e9putation de film culte.<\/p>\n<p>Tl;dr<\/p>\n<ul>\n<li>Disney domine la science-fiction, cin\u00e9ma et t\u00e9l\u00e9vision.<\/li>\n<li><strong>Le Trou noir<\/strong> : \u00e9chec initial, devenu culte.<\/li>\n<li>Remake incertain, l\u2019original reste unique et risqu\u00e9.<\/li>\n<\/ul>\n<p>L\u2019ascension de Disney dans la galaxie science-fiction<\/p>\n<p>En mati\u00e8re de <strong>science-fiction<\/strong>, rares sont les studios qui rivalisent d\u00e9sormais avec Disney. Depuis le rachat de 21st Century Fox, la firme s\u2019est impos\u00e9e comme un acteur incontournable du genre, aussi bien sur grand \u00e9cran qu\u2019\u00e0 la t\u00e9l\u00e9vision. Les succ\u00e8s plan\u00e9taires d\u2019Avatar, sign\u00e9s James Cameron, en t\u00e9moignent : \u00e0 chaque sortie, la barre des deux milliards de dollars est franchie. C\u00f4t\u00e9 s\u00e9ries, l\u2019ann\u00e9e 2025 a marqu\u00e9 les esprits avec le lancement d\u2019<a href=\"https:\/\/www.begeek.fr\/tout-savoir-sur-alien-earth-casting-intrigue-et-date-de-diffusion-407047\" target=\"_blank\" rel=\"noopener\">Alien: Earth<\/a>. Cette nouvelle it\u00e9ration orchestr\u00e9e par Noah Hawley a offert au mythique X\u00e9nomorphe une trajectoire in\u00e9dite, salu\u00e9e par la critique.<\/p>\n<p><strong>Le Trou noir<\/strong> : L\u2019audace mal r\u00e9compens\u00e9e<\/p>\n<p>Pourtant, il fut un temps o\u00f9 le g\u00e9ant du divertissement n\u2019\u00e9tait pas aussi h\u00e9g\u00e9monique. Reculons presque d\u2019un demi-si\u00e8cle\u202f: en plein \u00e2ge d\u2019or de la SF, Disney tente un pari risqu\u00e9 avec un film plus sombre qu\u2019\u00e0 son habitude. Baptis\u00e9 <strong>Le Trou noir<\/strong>, ce long-m\u00e9trage sorti fin 1979 s\u2019\u00e9loigne radicalement des standards familiaux du studio. Son intrigue\u202f? Un \u00e9quipage spatial sur le chemin du retour vers la Terre croise la route d\u2019un vaisseau disparu. \u00c0 bord, le sinistre docteur Hans Reinhardt r\u00e8gne avec ses robots compagnons \u2014 dont on d\u00e9couvrira qu\u2019ils abritent en r\u00e9alit\u00e9 les corps des membres d\u2019\u00e9quipage r\u00e9volt\u00e9s lors d\u2019une mutinerie. Une atmosph\u00e8re oppressante, loin de l\u2019h\u00e9ro\u00efsme lumineux qui faisait triompher les rebelles dans Star Wars.<\/p>\n<p>Difficult\u00e9s et renaissance d\u2019une \u0153uvre atypique<\/p>\n<p>Malgr\u00e9 un budget cons\u00e9quent pour l\u2019\u00e9poque (20 millions de dollars), le film peine \u00e0 s\u00e9duire\u202f: seulement 38 millions engrang\u00e9s au box-office et des critiques mitig\u00e9es, souvent injustement compar\u00e9 \u00e0 la saga intergalactique de George Lucas. Autre frein notable\u202f: il devient le premier film du studio \u00e0 recevoir une classification PG pour ses sc\u00e8nes troublantes et quelques jurons \u2013 une audace mal accept\u00e9e par le public traditionnel. Mais avec les ann\u00e9es, l\u2019\u0153uvre se transforme en objet culte chez les passionn\u00e9s.<\/p>\n<p>L\u2019impossible remake\u202f?<\/p>\n<p>Face \u00e0 cet engouement tardif, Disney tentera bien de relancer la machine au d\u00e9but des ann\u00e9es 2010. Plusieurs sc\u00e9naristes planchent sur une adaptation moderne ; en vain. Le studio semble h\u00e9siter \u00e0 renouer avec l\u2019aspect sombre du r\u00e9cit originel, souhaitant plut\u00f4t \u00e9dulcorer le propos pour coller \u00e0 son image familiale \u2013 ce qui va pourtant \u00e0 l\u2019encontre de ce qui fait tout le sel du film. Ainsi, pour bon nombre de cin\u00e9philes, rendre justice \u00e0 <strong>Le Trou noir<\/strong>, ce serait accepter de prendre autant de risques que jadis\u2026 Ou alors laisser ce classique d\u00e9routant continuer sa route en solitaire parmi les \u00e9toiles du catalogue <a href=\"https:\/\/www.begeek.fr\/disney-retire-un-film-star-wars-de-sa-programmation-2026-406940\" target=\"_blank\" rel=\"noopener\">Disney<\/a>.<\/p>\n","protected":false},"excerpt":{"rendered":"Il y a 46 ans, un film de science-fiction sign\u00e9 Disney faisait ses d\u00e9buts dans l\u2019indiff\u00e9rence g\u00e9n\u00e9rale. Accueilli&hellip;\n","protected":false},"author":2,"featured_media":618530,"comment_status":"","ping_status":"","sticky":false,"template":"","format":"standard","meta":{"footnotes":""},"categories":[1354],"tags":[58,59,1346,1011,27,1360],"class_list":{"0":"post-618529","1":"post","2":"type-post","3":"status-publish","4":"format-standard","5":"has-post-thumbnail","7":"category-films","8":"tag-divertissement","9":"tag-entertainment","10":"tag-films","11":"tag-fr","12":"tag-france","13":"tag-movies"},"share_on_mastodon":{"url":"https:\/\/pubeurope.com\/@fr\/115770623635822268","error":""},"_links":{"self":[{"href":"https:\/\/www.europesays.com\/fr\/wp-json\/wp\/v2\/posts\/618529","targetHints":{"allow":["GET"]}}],"collection":[{"href":"https:\/\/www.europesays.com\/fr\/wp-json\/wp\/v2\/posts"}],"about":[{"href":"https:\/\/www.europesays.com\/fr\/wp-json\/wp\/v2\/types\/post"}],"author":[{"embeddable":true,"href":"https:\/\/www.europesays.com\/fr\/wp-json\/wp\/v2\/users\/2"}],"replies":[{"embeddable":true,"href":"https:\/\/www.europesays.com\/fr\/wp-json\/wp\/v2\/comments?post=618529"}],"version-history":[{"count":0,"href":"https:\/\/www.europesays.com\/fr\/wp-json\/wp\/v2\/posts\/618529\/revisions"}],"wp:featuredmedia":[{"embeddable":true,"href":"https:\/\/www.europesays.com\/fr\/wp-json\/wp\/v2\/media\/618530"}],"wp:attachment":[{"href":"https:\/\/www.europesays.com\/fr\/wp-json\/wp\/v2\/media?parent=618529"}],"wp:term":[{"taxonomy":"category","embeddable":true,"href":"https:\/\/www.europesays.com\/fr\/wp-json\/wp\/v2\/categories?post=618529"},{"taxonomy":"post_tag","embeddable":true,"href":"https:\/\/www.europesays.com\/fr\/wp-json\/wp\/v2\/tags?post=618529"}],"curies":[{"name":"wp","href":"https:\/\/api.w.org\/{rel}","templated":true}]}}