{"id":618536,"date":"2025-12-23T19:54:10","date_gmt":"2025-12-23T19:54:10","guid":{"rendered":"https:\/\/www.europesays.com\/fr\/618536\/"},"modified":"2025-12-23T19:54:10","modified_gmt":"2025-12-23T19:54:10","slug":"peu-chere-deconnectee-et-destinee-aux-enfants-le-succes-de-la-console-nex-playground-prend-lindustrie-du-jeu-video-par-surprise-le-figaro","status":"publish","type":"post","link":"https:\/\/www.europesays.com\/fr\/618536\/","title":{"rendered":"Peu ch\u00e8re, d\u00e9connect\u00e9e et destin\u00e9e aux enfants&#8230; Le succ\u00e8s de la console Nex Playground prend l\u2019industrie du jeu vid\u00e9o par surprise &#8211; Le Figaro"},"content":{"rendered":"<ol>\n<li><a href=\"https:\/\/news.google.com\/rss\/articles\/CBMi_AFBVV95cUxPWF9GT3ZSQzdRMTkxNUR6cWI0bFZLWlFwUlRtdGhiRkYyTVUtdmdUT3VqZ2swTkNjdkViTGp6WEh2MXIweU9mc3BPTk5hRV9lWDlzcm5ybjA2d1NFRnhicjNkS3ZVeGNfTm0tMmRQcEhRZElqOHBZZ3ZlYTJPSS1DV05aNGlFa3N0RjJzX1NoeXlfNU10UmlNMWZaY1J5NEVaMFBMXzRTVURVaXdkcU9TdGNnQS1DZVhWYTF1cDFhZXUyaW9ucDJNdlhYeXpXU0dlSU5qVko2U0xBU3NkdkhWRHNhVTBvRnpiLXAwRWp0aG9rVVh6dWh2RU1jdmw?oc=5\" target=\"_blank\" rel=\"noopener\">Peu ch\u00e8re, d\u00e9connect\u00e9e et destin\u00e9e aux enfants&#8230; Le succ\u00e8s de la console Nex Playground prend l\u2019industrie du jeu vid\u00e9o par surprise<\/a>&nbsp;&nbsp;Le Figaro<\/li>\n<li><a href=\"https:\/\/news.google.com\/rss\/articles\/CBMiwwFBVV95cUxPRk5lc2pwb1pMREtnVld2TXBmVmt6blo4Vzh2Zlg5cU40b2hudkhfTV9yd3FtbFlQTUZTejVrRFB2SkplSmh3YzlQdDNtTHdMcTZCUTdJck9iLXQza2NCXzVlNnlEWWk4UXpDNlpqdU9wSXFYXzAyQnJBT1dNUzdmWlQ5TzlEXzBFcHlMTGhKTjhrUy1hUDk1UERVa0M1YnNfWjNubWd2MnpJVE5lakhuVnVsX3FBWV9YbkFXNC1VbG9iNXc?oc=5\" target=\"_blank\" rel=\"noopener\">Cette console \u00e0 250 $ \u00e9crase la Xbox Series\u2026 et elle assume des graphismes niveau PS3<\/a>&nbsp;&nbsp;JeuxVideo.com<\/li>\n<li><a href=\"https:\/\/news.google.com\/rss\/articles\/CBMiwgFBVV95cUxQQWwwTXRYZVF4WEE2SFVGb3pBdHNjdzcxRmNsMklQVlM3V0o4bVdTN09YX3FtS2lWQVRqVDlMSVJtbUFqck1oY0hBMXBaSWlBbzQ1WUg2UzRPeWxtQjN5a2xpaHZMdFpoeDVJelFYZy1ZR0tfUndEdmw1b3hPZjdNTkt3TW9XTlV1RFItMWFiNmFFNGZFR3o5eEowMjBlVFUyY2cxYnRsQUctUzI2RXJORWhuY3dBeUROTnczRmp4U2ZLdw?oc=5\" target=\"_blank\" rel=\"noopener\">\u00ab\u00a0Les capacit\u00e9s graphiques de Nex Playground sont \u00e0 peu pr\u00e8s similaires \u00e0 celles de la PS3\u00a0\u00bb<\/a>&nbsp;&nbsp;Gamereactor France<\/li>\n<li><a href=\"https:\/\/news.google.com\/rss\/articles\/CBMisgJBVV95cUxOXzQxTXNZeXQyMUtKTlFkbnRDNVZMN3lLSGhIZmVWeTdFQk9JS2UtZnRZMlJRVGlIQ0Z5MDVBamJuRjdldXA4M1NhUHNIdEpUVkdPd25hZndQZkY1c0RwalVadXhSMzZrSS16T05uU0x1R1ZtRVpSTUVUamQxdjZwMUp1UklKWjUxeFFlVHA5cDlidXRCS2JZNDZCNUNmQ3JTVzdVUTB2ejN2TzlzYkdaaG5Oc1d5eHJQaDI2YnJMNklfbHJoNTd4ZEh4YzFmNnBZUVZMelgyLUktdGNBLUJ2LWhmYl9WbHdqN3g4cVZQZ3JTNHgwMWJsOElOVUxYTndpUE8wSURFQmNjTHE5MHNVR0hjTWx2VkNoWnNxX3pPMnlaaGV0MzU4NDNBQTVRSjFSenc?oc=5\" target=\"_blank\" rel=\"noopener\">Selon David Lee, PDG de Nex Playground, c&rsquo;est en privil\u00e9giant le plaisir plut\u00f4t que la fid\u00e9lit\u00e9 que la console est devenue la deuxi\u00e8me console de jeux aux \u00c9tats-Unis<\/a>&nbsp;&nbsp;Notebookcheck.fr<\/li>\n<\/ol>\n","protected":false},"excerpt":{"rendered":"Peu ch\u00e8re, d\u00e9connect\u00e9e et destin\u00e9e aux enfants&#8230; Le succ\u00e8s de la console Nex Playground prend l\u2019industrie du jeu&hellip;\n","protected":false},"author":2,"featured_media":395849,"comment_status":"","ping_status":"","sticky":false,"template":"","format":"standard","meta":{"footnotes":""},"categories":[7],"tags":[1011,27,43,40,41,39,42,44],"class_list":{"0":"post-618536","1":"post","2":"type-post","3":"status-publish","4":"format-standard","5":"has-post-thumbnail","7":"category-sciences-et-technologies","8":"tag-fr","9":"tag-france","10":"tag-science","11":"tag-science-and-technology","12":"tag-sciences","13":"tag-sciences-et-technologies","14":"tag-technologies","15":"tag-technology"},"share_on_mastodon":{"url":"https:\/\/pubeurope.com\/@fr\/115770639334847303","error":""},"_links":{"self":[{"href":"https:\/\/www.europesays.com\/fr\/wp-json\/wp\/v2\/posts\/618536","targetHints":{"allow":["GET"]}}],"collection":[{"href":"https:\/\/www.europesays.com\/fr\/wp-json\/wp\/v2\/posts"}],"about":[{"href":"https:\/\/www.europesays.com\/fr\/wp-json\/wp\/v2\/types\/post"}],"author":[{"embeddable":true,"href":"https:\/\/www.europesays.com\/fr\/wp-json\/wp\/v2\/users\/2"}],"replies":[{"embeddable":true,"href":"https:\/\/www.europesays.com\/fr\/wp-json\/wp\/v2\/comments?post=618536"}],"version-history":[{"count":0,"href":"https:\/\/www.europesays.com\/fr\/wp-json\/wp\/v2\/posts\/618536\/revisions"}],"wp:featuredmedia":[{"embeddable":true,"href":"https:\/\/www.europesays.com\/fr\/wp-json\/wp\/v2\/media\/395849"}],"wp:attachment":[{"href":"https:\/\/www.europesays.com\/fr\/wp-json\/wp\/v2\/media?parent=618536"}],"wp:term":[{"taxonomy":"category","embeddable":true,"href":"https:\/\/www.europesays.com\/fr\/wp-json\/wp\/v2\/categories?post=618536"},{"taxonomy":"post_tag","embeddable":true,"href":"https:\/\/www.europesays.com\/fr\/wp-json\/wp\/v2\/tags?post=618536"}],"curies":[{"name":"wp","href":"https:\/\/api.w.org\/{rel}","templated":true}]}}