{"id":618539,"date":"2025-12-23T19:56:12","date_gmt":"2025-12-23T19:56:12","guid":{"rendered":"https:\/\/www.europesays.com\/fr\/618539\/"},"modified":"2025-12-23T19:56:12","modified_gmt":"2025-12-23T19:56:12","slug":"inquietudes-pour-tchernobyl-et-deluge-de-missiles-et-de-drones","status":"publish","type":"post","link":"https:\/\/www.europesays.com\/fr\/618539\/","title":{"rendered":"Inqui\u00e9tudes pour Tchernobyl et d\u00e9luge de missiles et de drones"},"content":{"rendered":"<p>Vous avez rat\u00e9 les derniers \u00e9v\u00e9nements sur la <a href=\"https:\/\/www.20minutes.fr\/monde\/ukraine\/\" class=\"c-link c-link--is-underlined\" target=\"_blank\" rel=\"noopener\">guerre en Ukraine<\/a>\u00a0? 20 Minutes fait le point pour vous tous les soirs. Voici l\u2019essentiel de ce mardi 23\u00a0d\u00e9cembre, au 1.399e jour du conflit.<\/p>\n<p>Le fait du jour<\/p>\n<p>Les autorit\u00e9s ukrainiennes ont annonc\u00e9 ce mardi des coupures de courant dans plusieurs r\u00e9gions du pays \u00e0 la suite de frappes russes sur ses infrastructures. \u00ab\u00a0La <a href=\"https:\/\/www.20minutes.fr\/monde\/russie\/\" class=\"c-link c-link--is-underlined\" target=\"_blank\" rel=\"noopener\">Russie<\/a> attaque une fois de plus nos infrastructures \u00e9nerg\u00e9tiques. En cons\u00e9quence, des coupures de courant d\u2019urgence ont \u00e9t\u00e9 d\u00e9clench\u00e9es dans plusieurs r\u00e9gions d\u2019Ukraine\u00a0\u00bb, indique le minist\u00e8re de l\u2019Energie sur Telegram.<\/p>\n<p>Le pays a \u00e9t\u00e9 la cible de 650 drones et 30 missiles, dont la capitale, Kiev, o\u00f9 l\u2019alerte antia\u00e9rienne a sonn\u00e9 pendant plus de quatre heures. Vers 7h30, l\u2019ensemble du territoire ukrainien \u00e9tait concern\u00e9 par des alertes a\u00e9riennes, selon la carte en ligne des autorit\u00e9s. L\u2019arm\u00e9e polonaise a d\u2019ailleurs annonc\u00e9 que l\u2019aviation \u00ab\u00a0polonaise et alli\u00e9e\u00a0\u00bb avait \u00e9t\u00e9 mise en alerte et d\u00e9ploy\u00e9e dans son espace a\u00e9rien de mani\u00e8re pr\u00e9ventive en raison de ces frappes.<\/p>\n<\/p>\n<p>La d\u00e9claration du jour<\/p>\n<blockquote class=\"mx-m@xs mx-xxl@md color-ultramarine c-citation\">\n<p class=\"font-weight-regular@xs text-italic font-source-serif-pro text-l@xs c-citation__content\">\u00ab\u00a0Si un missile ou un drone le touche directement, ou m\u00eame tombe quelque part \u00e0 proximit\u00e9 de la centrale nucl\u00e9aire de Tchernobyl, par exemple un Iskander, Dieu nous en garde, cela provoquera un mini-s\u00e9isme dans la zone\u00a0\u00bb<\/p>\n<\/blockquote>\n<p>Le directeur de <a href=\"https:\/\/www.20minutes.fr\/dossier\/tchernobyl\" class=\"c-link c-link--is-underlined\" target=\"_blank\" rel=\"noopener\">Tchernobyl<\/a>, Sergyi Tarakanov, met en garde contre les \u00e9ventuelles frappes russes \u00e0 proximit\u00e9 de la centrale nucl\u00e9aire. Les vestiges sont recouverts d\u2019une coque interne en acier et en b\u00e9ton, que l\u2019on nomme \u00ab\u00a0sarcophage\u00a0\u00bb, construite \u00e0 la h\u00e2te apr\u00e8s la catastrophe nucl\u00e9aire de\u00a01986, ainsi que d\u2019une coque externe moderne et high-tech, appel\u00e9e \u00ab\u00a0New Safe Confinement\u00a0\u00bb (NSC).<\/p>\n<p>L\u2019abri du NSC a \u00e9t\u00e9 gravement endommag\u00e9 lors d\u2019une frappe de drone russe en f\u00e9vrier, qui a provoqu\u00e9 un incendie majeur dans le rev\u00eatement ext\u00e9rieur de la structure en acier. \u00ab\u00a0Notre NSC a perdu plusieurs de ses fonctions principales. Et nous comprenons qu\u2019il nous faudra au moins trois ou quatre ans pour restaurer ces fonctions\u00a0\u00bb, a pr\u00e9cis\u00e9 le directeur de la centrale. Toutefois, les niveaux de radiation sur le site restent \u00ab\u00a0stables et dans les limites normales\u00a0\u00bb.<\/p>\n<p>La tendance<\/p>\n<p>L\u2019arm\u00e9e ukrainienne annonce s\u2019\u00eatre retir\u00e9e de la ville de Siversk, dans l\u2019est de l\u2019Ukraine, face aux assauts des troupes russes. \u00ab\u00a0Afin de pr\u00e9server la vie de nos soldats et la capacit\u00e9 de combat de nos unit\u00e9s, les d\u00e9fenseurs ukrainiens se sont retir\u00e9s de la localit\u00e9\u00a0\u00bb, a indiqu\u00e9 sur Telegram l\u2019\u00e9tat-major de l\u2019arm\u00e9e ukrainienne.<\/p>\n<p>Les troupes de Moscou \u00ab\u00a0disposent d\u2019un avantage significatif en mati\u00e8re d&rsquo;effectifs et d\u2019\u00e9quipement et, malgr\u00e9 des pertes importantes, poursuivent leurs op\u00e9rations offensives\u00a0\u00bb, a ajout\u00e9 l\u2019\u00e9tat-major ukrainien. Comptant environ 11.000 habitants avant la guerre, Siversk est aujourd\u2019hui en grande partie d\u00e9truite.<\/p>\n<p><a href=\"https:\/\/www.20minutes.fr\/monde\/ukraine\/\" class=\"c-link c-btn c-btn--primary\" target=\"_blank\" rel=\"noopener\">Notre dossier sur la guerre en Ukraine<\/a><\/p>\n<p>La Russie avait revendiqu\u00e9 il y a moins de deux semaines la prise de Siversk, l\u2019un des derniers verrous emp\u00eachant les forces russes de s\u2019approcher des grandes cit\u00e9s r\u00e9gionales encore sous contr\u00f4le ukrainien de Kramatorsk et de Sloviansk.<\/p>\n","protected":false},"excerpt":{"rendered":"Vous avez rat\u00e9 les derniers \u00e9v\u00e9nements sur la guerre en Ukraine\u00a0? 20 Minutes fait le point pour vous&hellip;\n","protected":false},"author":2,"featured_media":618540,"comment_status":"","ping_status":"","sticky":false,"template":"","format":"standard","meta":{"footnotes":""},"categories":[5],"tags":[47,11,26627,564,1011,27,131,14,3343,74,12,132,14922,28],"class_list":{"0":"post-618539","1":"post","2":"type-post","3":"status-publish","4":"format-standard","5":"has-post-thumbnail","7":"category-international","8":"tag-actualite","9":"tag-actualites","10":"tag-centrale-nucleaire","11":"tag-drone","12":"tag-fr","13":"tag-france","14":"tag-guerre-en-ukraine","15":"tag-international","16":"tag-missile","17":"tag-monde","18":"tag-news","19":"tag-russie","20":"tag-tchernobyl","21":"tag-world"},"share_on_mastodon":{"url":"https:\/\/pubeurope.com\/@fr\/115770647147735131","error":""},"_links":{"self":[{"href":"https:\/\/www.europesays.com\/fr\/wp-json\/wp\/v2\/posts\/618539","targetHints":{"allow":["GET"]}}],"collection":[{"href":"https:\/\/www.europesays.com\/fr\/wp-json\/wp\/v2\/posts"}],"about":[{"href":"https:\/\/www.europesays.com\/fr\/wp-json\/wp\/v2\/types\/post"}],"author":[{"embeddable":true,"href":"https:\/\/www.europesays.com\/fr\/wp-json\/wp\/v2\/users\/2"}],"replies":[{"embeddable":true,"href":"https:\/\/www.europesays.com\/fr\/wp-json\/wp\/v2\/comments?post=618539"}],"version-history":[{"count":0,"href":"https:\/\/www.europesays.com\/fr\/wp-json\/wp\/v2\/posts\/618539\/revisions"}],"wp:featuredmedia":[{"embeddable":true,"href":"https:\/\/www.europesays.com\/fr\/wp-json\/wp\/v2\/media\/618540"}],"wp:attachment":[{"href":"https:\/\/www.europesays.com\/fr\/wp-json\/wp\/v2\/media?parent=618539"}],"wp:term":[{"taxonomy":"category","embeddable":true,"href":"https:\/\/www.europesays.com\/fr\/wp-json\/wp\/v2\/categories?post=618539"},{"taxonomy":"post_tag","embeddable":true,"href":"https:\/\/www.europesays.com\/fr\/wp-json\/wp\/v2\/tags?post=618539"}],"curies":[{"name":"wp","href":"https:\/\/api.w.org\/{rel}","templated":true}]}}