{"id":618542,"date":"2025-12-23T19:58:17","date_gmt":"2025-12-23T19:58:17","guid":{"rendered":"https:\/\/www.europesays.com\/fr\/618542\/"},"modified":"2025-12-23T19:58:17","modified_gmt":"2025-12-23T19:58:17","slug":"haguenau-accuse-de-violences-le-president-de-la-chambre-de-metiers-dalsace-sest-vu-retirer-ses-apprentis","status":"publish","type":"post","link":"https:\/\/www.europesays.com\/fr\/618542\/","title":{"rendered":"Haguenau. Accus\u00e9 de violences, le pr\u00e9sident de la chambre de m\u00e9tiers d\u2019Alsace s\u2019est vu retirer ses apprentis"},"content":{"rendered":"<p>La direction d\u00e9partementale de l\u2019emploi, du travail et des solidarit\u00e9s (DDETS) du Bas-Rhin a suspendu, le 6\u00a0octobre, les contrats d\u2019apprentissage des quatre apprentis de la boucherie dirig\u00e9e par Jean-Luc Hoffmann, qui emploie 32 salari\u00e9s sur deux sites \u00e0 Haguenau. L\u2019artisan, \u00e2g\u00e9 de 59 ans, est aussi pr\u00e9sident de la chambre de m\u00e9tiers d\u2019Alsace depuis 2020.<\/p>\n<p>Quatre apprentis travaillaient chez ce boucher-charcutier haguenovien. Dont un adolescent de 16 ans qui y effectuait son apprentissage depuis ao\u00fbt\u00a02024. \u00ab\u00a0\u00c0 l\u2019\u00e9t\u00e9 2025, il dit avoir \u00e9t\u00e9 victime d\u2019une claque sur la nuque de la&#8230;<\/p>\n","protected":false},"excerpt":{"rendered":"La direction d\u00e9partementale de l\u2019emploi, du travail et des solidarit\u00e9s (DDETS) du Bas-Rhin a suspendu, le 6\u00a0octobre, les&hellip;\n","protected":false},"author":2,"featured_media":618543,"comment_status":"","ping_status":"","sticky":false,"template":"","format":"standard","meta":{"footnotes":""},"categories":[2],"tags":[11,2389,2649,4877,274,107,1011,27,11642,12,11643],"class_list":{"0":"post-618542","1":"post","2":"type-post","3":"status-publish","4":"format-standard","5":"has-post-thumbnail","7":"category-actualites","8":"tag-actualites","9":"tag-alsace","10":"tag-bas-rhin","11":"tag-edition-haguenau-wissembourg","12":"tag-faits-divers-justice","13":"tag-fil-info","14":"tag-fr","15":"tag-france","16":"tag-haguenau","17":"tag-news","18":"tag-secteur-de-haguenau"},"share_on_mastodon":{"url":"https:\/\/pubeurope.com\/@fr\/115770654968742146","error":""},"_links":{"self":[{"href":"https:\/\/www.europesays.com\/fr\/wp-json\/wp\/v2\/posts\/618542","targetHints":{"allow":["GET"]}}],"collection":[{"href":"https:\/\/www.europesays.com\/fr\/wp-json\/wp\/v2\/posts"}],"about":[{"href":"https:\/\/www.europesays.com\/fr\/wp-json\/wp\/v2\/types\/post"}],"author":[{"embeddable":true,"href":"https:\/\/www.europesays.com\/fr\/wp-json\/wp\/v2\/users\/2"}],"replies":[{"embeddable":true,"href":"https:\/\/www.europesays.com\/fr\/wp-json\/wp\/v2\/comments?post=618542"}],"version-history":[{"count":0,"href":"https:\/\/www.europesays.com\/fr\/wp-json\/wp\/v2\/posts\/618542\/revisions"}],"wp:featuredmedia":[{"embeddable":true,"href":"https:\/\/www.europesays.com\/fr\/wp-json\/wp\/v2\/media\/618543"}],"wp:attachment":[{"href":"https:\/\/www.europesays.com\/fr\/wp-json\/wp\/v2\/media?parent=618542"}],"wp:term":[{"taxonomy":"category","embeddable":true,"href":"https:\/\/www.europesays.com\/fr\/wp-json\/wp\/v2\/categories?post=618542"},{"taxonomy":"post_tag","embeddable":true,"href":"https:\/\/www.europesays.com\/fr\/wp-json\/wp\/v2\/tags?post=618542"}],"curies":[{"name":"wp","href":"https:\/\/api.w.org\/{rel}","templated":true}]}}