{"id":618544,"date":"2025-12-23T19:59:21","date_gmt":"2025-12-23T19:59:21","guid":{"rendered":"https:\/\/www.europesays.com\/fr\/618544\/"},"modified":"2025-12-23T19:59:21","modified_gmt":"2025-12-23T19:59:21","slug":"araules-les-ecoliers-se-sont-rendus-a-saint-etienne-pour-un-spectacle-offert-par-la-mairie","status":"publish","type":"post","link":"https:\/\/www.europesays.com\/fr\/618544\/","title":{"rendered":"Araules. Les \u00e9coliers se sont rendus \u00e0 Saint-\u00c9tienne pour un spectacle offert par la mairie"},"content":{"rendered":"<p>Les \u00e9l\u00e8ves des deux \u00e9coles de la commune ont eu la joie d\u2019assister au grand spectacle L\u2019ombre de la corneille \u00e0 Saint-\u00c9tienne. Ils avaient rendez-vous vendredi matin \u00e0 8\u00a0heures pour un d\u00e9part en car. \u00c0 10\u00a0heures, la trentaine de bambins \u00e9tait install\u00e9e dans les gradins de Parc Expo. Tous ont \u00e9t\u00e9 enchant\u00e9s par la repr\u00e9sentation. Le spectacle et le transport \u00e9taient offerts par la mairie.<\/p>\n","protected":false},"excerpt":{"rendered":"Les \u00e9l\u00e8ves des deux \u00e9coles de la commune ont eu la joie d\u2019assister au grand spectacle L\u2019ombre de&hellip;\n","protected":false},"author":2,"featured_media":618545,"comment_status":"","ping_status":"","sticky":false,"template":"","format":"standard","meta":{"footnotes":""},"categories":[9653],"tags":[1111,11,72867,2430,1687,10446,1777,674,1011,27,12,25,49060,4001,3140],"class_list":{"0":"post-618544","1":"post","2":"type-post","3":"status-publish","4":"format-standard","5":"has-post-thumbnail","7":"category-saint-etienne","8":"tag-actu","9":"tag-actualites","10":"tag-araules","11":"tag-auvergne-rhone-alpes","12":"tag-culture-loisirs","13":"tag-edition-haute-loire","14":"tag-eu","15":"tag-europe","16":"tag-fr","17":"tag-france","18":"tag-news","19":"tag-republique-francaise","20":"tag-retournac-bassin","21":"tag-saint-etienne","22":"tag-spectacle"},"share_on_mastodon":{"url":"https:\/\/pubeurope.com\/@fr\/115770659025225902","error":""},"_links":{"self":[{"href":"https:\/\/www.europesays.com\/fr\/wp-json\/wp\/v2\/posts\/618544","targetHints":{"allow":["GET"]}}],"collection":[{"href":"https:\/\/www.europesays.com\/fr\/wp-json\/wp\/v2\/posts"}],"about":[{"href":"https:\/\/www.europesays.com\/fr\/wp-json\/wp\/v2\/types\/post"}],"author":[{"embeddable":true,"href":"https:\/\/www.europesays.com\/fr\/wp-json\/wp\/v2\/users\/2"}],"replies":[{"embeddable":true,"href":"https:\/\/www.europesays.com\/fr\/wp-json\/wp\/v2\/comments?post=618544"}],"version-history":[{"count":0,"href":"https:\/\/www.europesays.com\/fr\/wp-json\/wp\/v2\/posts\/618544\/revisions"}],"wp:featuredmedia":[{"embeddable":true,"href":"https:\/\/www.europesays.com\/fr\/wp-json\/wp\/v2\/media\/618545"}],"wp:attachment":[{"href":"https:\/\/www.europesays.com\/fr\/wp-json\/wp\/v2\/media?parent=618544"}],"wp:term":[{"taxonomy":"category","embeddable":true,"href":"https:\/\/www.europesays.com\/fr\/wp-json\/wp\/v2\/categories?post=618544"},{"taxonomy":"post_tag","embeddable":true,"href":"https:\/\/www.europesays.com\/fr\/wp-json\/wp\/v2\/tags?post=618544"}],"curies":[{"name":"wp","href":"https:\/\/api.w.org\/{rel}","templated":true}]}}