{"id":618546,"date":"2025-12-23T20:00:21","date_gmt":"2025-12-23T20:00:21","guid":{"rendered":"https:\/\/www.europesays.com\/fr\/618546\/"},"modified":"2025-12-23T20:00:21","modified_gmt":"2025-12-23T20:00:21","slug":"meteo-la-neige-va-bien-tomber-a-noel-dans-la-loire-voici-les-secteurs-concernes","status":"publish","type":"post","link":"https:\/\/www.europesays.com\/fr\/618546\/","title":{"rendered":"M\u00e9t\u00e9o. La neige va bien tomber \u00e0 No\u00ebl dans la Loire : voici les secteurs concern\u00e9s"},"content":{"rendered":"<p>                    Par<br \/>\n        <strong><br \/>\n            <a href=\"https:\/\/actu.fr\/auteur\/mathias-souteyrat\" title=\"Consulter tous les articles de Mathias Souteyrat\" target=\"_blank\" rel=\"noopener\">Mathias Souteyrat<\/a><br \/>\n                    <\/strong><\/p>\n<p>        Publi\u00e9 le<\/p>\n<p>            23 d\u00e9c. 2025 \u00e0 16h25        <\/p>\n<p>Un r\u00e9veillon de No\u00ebl sous la <a href=\"https:\/\/actu.fr\/tag\/neige\" target=\"_blank\" rel=\"noopener\">neige<\/a>\u2009? Voici les derni\u00e8res pr\u00e9visions dans la <a href=\"https:\/\/actu.fr\/auvergne-rhone-alpes\/loire_42\" target=\"_blank\" rel=\"noopener\">Loire<\/a>.<\/p>\n<p class=\" wall-content\">Mardi 23\u00a0d\u00e9cembre, les pluies les plus intenses vont se d\u00e9caler vers le sud, du sud de l\u2019Occitanie au littoral proven\u00e7al et \u00e0 l\u2019est de la Corse avec, ponctuellement, quelques orages vers les c\u00f4tes des Bouches-du-Rh\u00f4ne et du Var.<\/p>\n<p class=\" wall-content\">Selon M\u00e9t\u00e9o France, la limite pluie-neige, encore assez basse le matin, <strong>sur le sud Massif central<\/strong>, va remonter l\u2019apr\u00e8s-midi vers 800\/1\u2009000\u00a0m\u00e8tres, avec de la neige attendue \u00e0 moyenne altitude dans l\u2019Aude et les Pyr\u00e9n\u00e9es-Orientales.<\/p>\n<p>Retour du froid \u00e0 No\u00ebl<\/p>\n<p class=\" wall-content\">Une goutte froide (poche d\u2019air froid en altitude) va traverser le pays, de la fronti\u00e8re allemande aux c\u00f4tes atlantiques, entre le mercredi\u00a024 et le jeudi\u00a025. Au sud de la goutte froide, de nouvelles pluies circuleront pr\u00e8s des c\u00f4tes m\u00e9diterran\u00e9ennes et il pourrait neiger, notamment la nuit du r\u00e9veillon, <strong>\u00e0 basse altitude dans la vall\u00e9e du Rh\u00f4ne<\/strong>.<\/p>\n<p class=\" wall-content\">Durant cette m\u00eame nuit, de petites chutes de neige se produiront jusqu\u2019en plaine au c\u0153ur de la goutte froide, pouvant blanchir les sols sur les r\u00e9gions centrales, vers le val de Loire.<\/p>\n<blockquote class=\"ac-article-quote wall-content\">\n<p>On attend toutefois pas de gros cumuls neigeux avec tout au plus un saupoudrage \u00e0 1 cm en plaine et de 1 \u00e0 4 cm sur les reliefs. <\/p>\n<p>    <strong>M\u00e9t\u00e9o Loire<\/strong>\n            <\/p><\/blockquote>\n<p class=\" wall-content\">Les temp\u00e9ratures vont nettement baisser sur la moiti\u00e9 nord avec un ressenti hivernal accentu\u00e9 par la bise de nord-est qui va souffler entre 50 et 70\u00a0km\/h en rafales.<\/p>\n<p>Votre r\u00e9gion, votre actu !<\/p>\n<p>Recevez chaque jour les infos qui comptent pour vous.<\/p>\n<p>\t<a href=\"https:\/\/actu.fr\/newsletter\" class=\"ac-btn ac-btn--corner ac-btn--medium ac-btn--blue800\" target=\"_blank\" rel=\"noopener\">S&rsquo;incrire<\/a><\/p>\n<blockquote class=\"ac-article-quote wall-content\">\n<p>Pour le r\u00e9veillon de No\u00ebl, des averses de neige pourraient se produire, surtout des Alpes \u00e0 la Bretagne. Un saupoudrage est pr\u00e9vu, avec des cumuls de neige plus cons\u00e9quents en Ard\u00e8che. Prudence dans vos d\u00e9placements !<br \/>\nCes averses de neige devraient se produire en cours de soir\u00e9e et d\u00e9but de nuit dans le Centre-Est. Du Limousin jusqu&rsquo;en Bretagne, elles pourraient se produire jusqu&rsquo;en d\u00e9but de matin\u00e9e de jeudi.<\/p>\n<p>    <strong>La Chaine M\u00e9t\u00e9o<\/strong>\n            <\/p><\/blockquote>\n<p>\u00ab\u00a0Une bien belle surprise\u00a0\u00bb pour le 25<\/p>\n<p class=\" wall-content\">Le jour de No\u00ebl confirmera cette tendance \u00e0 un froid sensible, surtout sur la moiti\u00e9 nord, mais avec le retour du soleil. Il pourrait continuer \u00e0 pleuvoir sur l\u2019extr\u00eame sud, surtout pr\u00e8s de la M\u00e9diterran\u00e9e.<\/p>\n<blockquote class=\"ac-article-quote wall-content\">\n<p>Une bien belle surprise avec des paysages qui devraient etre l\u00e9germent blanchis en matin\u00e9e du 25, ce qui n&rsquo;\u00e9tait plus arriv\u00e9 depuis 2010 en plaine.<\/p>\n<p>    <strong>M\u00e9t\u00e9o Loire<\/strong>\n            <\/p><\/blockquote>\n<p class=\" wall-content\">Avec une temp\u00e9rature moyenne nationale pr\u00e9vue de 3\u00a0\u00b0C, ce 25\u00a0d\u00e9cembre 2025 devrait \u00eatre le No\u00ebl le plus froid depuis 2010 o\u00f9 la moyenne nationale \u00e9tait nettement plus basse et voisine de 0\u00a0\u00b0C.<\/p>\n<p class=\" wall-content\">Personnalisez votre actualit\u00e9 en ajoutant vos villes et m\u00e9dias en favori avec <a href=\"https:\/\/moncompte.actu.fr\" title=\"D\u00e9couvez Mon Actu\" rel=\"nofollow noopener\" data-trk=\"{&quot;cta&quot;:{&quot;action&quot;:&quot;https:\\\/\\\/moncompte.actu.fr&quot;,&quot;category&quot;:&quot;mon compte&quot;,&quot;from&quot;:&quot;article footer&quot;,&quot;name&quot;:&quot;Mon actu&quot;,&quot;type&quot;:&quot;cta&quot;}}\" target=\"_blank\">Mon Actu<\/a>.<\/p>\n","protected":false},"excerpt":{"rendered":"Par Mathias Souteyrat Publi\u00e9 le 23 d\u00e9c. 2025 \u00e0 16h25 Un r\u00e9veillon de No\u00ebl sous la neige\u2009? Voici&hellip;\n","protected":false},"author":2,"featured_media":618547,"comment_status":"","ping_status":"","sticky":false,"template":"","format":"standard","meta":{"footnotes":""},"categories":[9653],"tags":[1111,11,2430,1777,674,1011,27,2487,2357,10584,12,15830,25,4001],"class_list":{"0":"post-618546","1":"post","2":"type-post","3":"status-publish","4":"format-standard","5":"has-post-thumbnail","7":"category-saint-etienne","8":"tag-actu","9":"tag-actualites","10":"tag-auvergne-rhone-alpes","11":"tag-eu","12":"tag-europe","13":"tag-fr","14":"tag-france","15":"tag-meteo","16":"tag-meteo-france","17":"tag-neige","18":"tag-news","19":"tag-noel","20":"tag-republique-francaise","21":"tag-saint-etienne"},"share_on_mastodon":{"url":"https:\/\/pubeurope.com\/@fr\/115770662775311950","error":""},"_links":{"self":[{"href":"https:\/\/www.europesays.com\/fr\/wp-json\/wp\/v2\/posts\/618546","targetHints":{"allow":["GET"]}}],"collection":[{"href":"https:\/\/www.europesays.com\/fr\/wp-json\/wp\/v2\/posts"}],"about":[{"href":"https:\/\/www.europesays.com\/fr\/wp-json\/wp\/v2\/types\/post"}],"author":[{"embeddable":true,"href":"https:\/\/www.europesays.com\/fr\/wp-json\/wp\/v2\/users\/2"}],"replies":[{"embeddable":true,"href":"https:\/\/www.europesays.com\/fr\/wp-json\/wp\/v2\/comments?post=618546"}],"version-history":[{"count":0,"href":"https:\/\/www.europesays.com\/fr\/wp-json\/wp\/v2\/posts\/618546\/revisions"}],"wp:featuredmedia":[{"embeddable":true,"href":"https:\/\/www.europesays.com\/fr\/wp-json\/wp\/v2\/media\/618547"}],"wp:attachment":[{"href":"https:\/\/www.europesays.com\/fr\/wp-json\/wp\/v2\/media?parent=618546"}],"wp:term":[{"taxonomy":"category","embeddable":true,"href":"https:\/\/www.europesays.com\/fr\/wp-json\/wp\/v2\/categories?post=618546"},{"taxonomy":"post_tag","embeddable":true,"href":"https:\/\/www.europesays.com\/fr\/wp-json\/wp\/v2\/tags?post=618546"}],"curies":[{"name":"wp","href":"https:\/\/api.w.org\/{rel}","templated":true}]}}