{"id":618548,"date":"2025-12-23T20:02:20","date_gmt":"2025-12-23T20:02:20","guid":{"rendered":"https:\/\/www.europesays.com\/fr\/618548\/"},"modified":"2025-12-23T20:02:20","modified_gmt":"2025-12-23T20:02:20","slug":"deux-adolescentes-sortent-un-couteau-et-menacent-le-proprietaire-sa-compagne-et-leurs-amis","status":"publish","type":"post","link":"https:\/\/www.europesays.com\/fr\/618548\/","title":{"rendered":"deux adolescentes sortent un couteau et menacent le propri\u00e9taire, sa compagne et leurs amis"},"content":{"rendered":"<p>Louer un appartement via la plateforme Airbnb n\u2019est pas une sin\u00e9cure. Un jeune couple de Nanc\u00e9iens en a fait l\u2019am\u00e8re exp\u00e9rience durant la nuit de dimanche \u00e0 lundi. Ils ont lou\u00e9 un logement situ\u00e9 au centre de Nancy \u00e0 un locataire pr\u00e9nomm\u00e9 Pablo et ayant un num\u00e9ro de t\u00e9l\u00e9phone au Luxembourg. Mais ils ne l\u2019ont pas vu. Ils ont remis les cl\u00e9s en fin d\u2019apr\u00e8s-midi \u00e0 une jeune fille cens\u00e9 \u00eatre sa copine.<\/p>\n<p>Jusque-l\u00e0 rien d\u2019anormal. Cela se g\u00e2te vers 23 h lorsque le couple de propri\u00e9taires qui habite \u00e0 proximit\u00e9 se rend compte, en rentrant de soir\u00e9e, que du boucan provient de l\u2019appartement lou\u00e9. Il y a de la musique et des \u00e9clats de voix qui montrent qu\u2019il n\u2019y a pas uniquement un couple \u00e0 l\u2019int\u00e9rieur et que c\u2019est une v\u00e9ritable f\u00eate qui est en train de battre son plein.<\/p>\n<p>  Un couteau sous la gorge<\/p>\n<p>Les propri\u00e9taires r\u00e9agissent par l\u2019envoi d\u2019un message, via Airbnb, pour r\u00e9clamer un retour au calme. Mais rien ne bouge. Le propri\u00e9taire va alors frapper \u00e0 la porte. Il tombe sur trois filles et quatre ou cinq gar\u00e7ons. Apr\u00e8s des palabres, les gar\u00e7ons font mine de s\u2019en aller et de quitter l\u2019immeuble. Pour mieux revenir quelques minutes plus tard.<\/p>\n<p>Ils sont intercept\u00e9s dans l\u2019escalier par le propri\u00e9taire. Celui-ci parvient de nouveau \u00e0 leur faire quitter les lieux. Il demande aux filles de s\u2019en aller \u00e9galement. Mais deux d\u2019entre elles tra\u00eenent des pieds. Elles finissent carr\u00e9ment par p\u00e9ter un plomb au pied de l\u2019immeuble : l\u2019une, en furie, se met \u00e0 menacer l\u2019un des copains du propri\u00e9taire venu \u00e0 la rescousse tandis que l\u2019autre sort un couteau et le lui met sous la gorge.<\/p>\n<p>  Convoqu\u00e9es devant un juge des enfants<\/p>\n<p>La jeune fille au couteau multiplie les menaces de mort contre le propri\u00e9taire, sa compagne et plusieurs de leurs amis. Puis sa copine prend le relais. Elle s\u2019empare de l\u2019arme blanche et se met \u00e0 courser un autre copain du propri\u00e9taire. Seule l\u2019arriv\u00e9e de la police mettra fin \u00e0 l\u2019escalade de la violence des deux jeunes filles d\u00e9cha\u00een\u00e9es qui sont arr\u00eat\u00e9es et plac\u00e9e en garde \u00e0 vue.<\/p>\n<p>L\u2019une a 15 ans et vient d\u2019un foyer de Longwy, l\u2019autre a 16 ans et est h\u00e9berg\u00e9 dans un foyer nanc\u00e9ien. Toutes deux ont reconnu les faits. Difficile de faire autrement car l\u2019agression au couteau a \u00e9t\u00e9 film\u00e9e par une cam\u00e9ra de surveillance.<\/p>\n<p>\u00c0 l\u2019issue de leur garde \u00e0 vue, ce mardi, elles ont \u00e9t\u00e9 plac\u00e9es sous contr\u00f4le judiciaire et remises dans leurs foyers respectifs. Elles seront jug\u00e9es d\u2019ici quelques semaines par un juge des enfants.<\/p>\n","protected":false},"excerpt":{"rendered":"Louer un appartement via la plateforme Airbnb n\u2019est pas une sin\u00e9cure. Un jeune couple de Nanc\u00e9iens en a&hellip;\n","protected":false},"author":2,"featured_media":618549,"comment_status":"","ping_status":"","sticky":false,"template":"","format":"standard","meta":{"footnotes":""},"categories":[9635],"tags":[1111,11,271,272,3602,1707,1704,1706,1705,1777,674,274,1011,27,775,3457,1702,1703,12,3456,25],"class_list":{"0":"post-618548","1":"post","2":"type-post","3":"status-publish","4":"format-standard","5":"has-post-thumbnail","7":"category-nancy","8":"tag-actu","9":"tag-actualites","10":"tag-crime","11":"tag-delit-et-contravention","12":"tag-edition-bar-le-duc","13":"tag-edition-luneville","14":"tag-edition-nancy-et-agglomeration","15":"tag-edition-pont-a-mousson","16":"tag-edition-toul","17":"tag-eu","18":"tag-europe","19":"tag-faits-divers-justice","20":"tag-fr","21":"tag-france","22":"tag-grand-est","23":"tag-meurthe-et-moselle","24":"tag-nancy","25":"tag-nancy-ville-54b","26":"tag-news","27":"tag-region-lorraine","28":"tag-republique-francaise"},"share_on_mastodon":{"url":"https:\/\/pubeurope.com\/@fr\/115770671749312172","error":""},"_links":{"self":[{"href":"https:\/\/www.europesays.com\/fr\/wp-json\/wp\/v2\/posts\/618548","targetHints":{"allow":["GET"]}}],"collection":[{"href":"https:\/\/www.europesays.com\/fr\/wp-json\/wp\/v2\/posts"}],"about":[{"href":"https:\/\/www.europesays.com\/fr\/wp-json\/wp\/v2\/types\/post"}],"author":[{"embeddable":true,"href":"https:\/\/www.europesays.com\/fr\/wp-json\/wp\/v2\/users\/2"}],"replies":[{"embeddable":true,"href":"https:\/\/www.europesays.com\/fr\/wp-json\/wp\/v2\/comments?post=618548"}],"version-history":[{"count":0,"href":"https:\/\/www.europesays.com\/fr\/wp-json\/wp\/v2\/posts\/618548\/revisions"}],"wp:featuredmedia":[{"embeddable":true,"href":"https:\/\/www.europesays.com\/fr\/wp-json\/wp\/v2\/media\/618549"}],"wp:attachment":[{"href":"https:\/\/www.europesays.com\/fr\/wp-json\/wp\/v2\/media?parent=618548"}],"wp:term":[{"taxonomy":"category","embeddable":true,"href":"https:\/\/www.europesays.com\/fr\/wp-json\/wp\/v2\/categories?post=618548"},{"taxonomy":"post_tag","embeddable":true,"href":"https:\/\/www.europesays.com\/fr\/wp-json\/wp\/v2\/tags?post=618548"}],"curies":[{"name":"wp","href":"https:\/\/api.w.org\/{rel}","templated":true}]}}