{"id":618564,"date":"2025-12-23T20:11:30","date_gmt":"2025-12-23T20:11:30","guid":{"rendered":"https:\/\/www.europesays.com\/fr\/618564\/"},"modified":"2025-12-23T20:11:30","modified_gmt":"2025-12-23T20:11:30","slug":"les-grandes-propositions-dherve-gerbi","status":"publish","type":"post","link":"https:\/\/www.europesays.com\/fr\/618564\/","title":{"rendered":"les grandes propositions d&rsquo;Herv\u00e9 Gerbi"},"content":{"rendered":"<p>                    Par<br \/>\n        <strong><br \/>\n            <a href=\"https:\/\/actu.fr\/auteur\/lisa-rodrigues\" title=\"Consulter tous les articles de Lisa Rodrigues\" target=\"_blank\" rel=\"noopener\">Lisa Rodrigues<\/a><br \/>\n                    <\/strong><\/p>\n<p>        Publi\u00e9 le<\/p>\n<p>            23 d\u00e9c. 2025 \u00e0 17h31        <\/p>\n<p><a href=\"https:\/\/actu.fr\/auvergne-rhone-alpes\/grenoble_38185\/municipales-2026-qui-est-herve-gerbi-le-premier-candidat-a-la-mairie-de-grenoble_62539289.html\" target=\"_blank\" rel=\"noopener\">Herv\u00e9 Gerbi<\/a> est le candidat investit par le parti Horizons pour les municipales de <a href=\"https:\/\/www.bing.com\/search?q=grenoble%20actu.fr&amp;qs=n&amp;form=QBRE&amp;sp=-1&amp;lq=0&amp;pq=grenobleactu.fr&amp;sc=0-15&amp;sk=&amp;cvid=A353973BD3974CB2A4045215D2695330\" target=\"_blank\" rel=\"noopener\">Grenoble<\/a>. Avocat de profession \u2013 activit\u00e9 qu\u2019il compte maintenir s\u2019il est \u00e9lu maire -, il a \u00e9t\u00e9 <strong>le premier \u00e0 se lancer officiellement dans la course<\/strong> \u00e0 la mairie is\u00e9roise en avril 2025.<\/p>\n<p class=\" wall-content\">S\u00e9curit\u00e9, commerces, \u00e9cole\u2026 Il d\u00e9roule \u00e0 actu Grenoble les grandes mesures de son programme, port\u00e9e par la liste \u00ab\u00a0Nous Grenoble\u00a0\u00bb regroupant \u00ab\u00a0des forces du centre, de la soci\u00e9t\u00e9 civile et des humanistes\u00a0\u00bb.<\/p>\n<p>Deux candidats centristes aux municipales<\/p>\n<p class=\"ac-article-content__question wall-content\"><strong class=\"color-primary\">Actu : <\/strong>Pierre-\u00c9douard Cardinal, soutenu par Renaissance, est l&rsquo;autre candidat du bloc central aux municipales de Grenoble. Un rapprochement est-il possible ?<\/p>\n<p class=\" wall-content\"><strong class=\"color-primary\">Herv\u00e9 Gerbi : <\/strong>Occuper une position de centralit\u00e9, ce n&rsquo;est pas une question de parti politique. Notre liste a des anciens \u00e9lus de Michel Destot [ancien maire PS de Grenoble, NDLR], un ex- parlementaire Renaissance et des personnalit\u00e9s de la soci\u00e9t\u00e9 civile.<br \/>Notre obligation envers les Grenoblois, c\u2019est de r\u00e9ussir l&rsquo;alternance. Les listes sur un m\u00eame socle doivent pouvoir converger. J&rsquo;ai tendu la main \u00e0 cette autre liste, il y a eu un rejet.<\/p>\n<p>Plus de policiers et de cam\u00e9ras<\/p>\n<p class=\"ac-article-content__question wall-content\">Si vous \u00eates \u00e9lu maire, quelles sont vos grandes mesures contre l&rsquo;ins\u00e9curit\u00e9 ?\u00a0<\/p>\n<p class=\" wall-content\"><strong class=\"color-primary\">HG : <\/strong>La s\u00e9curit\u00e9 est une condition de toutes les libert\u00e9s. Pour moi, les questions d&rsquo;ins\u00e9curit\u00e9, ce ne sont pas des lignes dans un journal : elles ont des noms, des pr\u00e9noms, des visages.\u00a0<br \/>On veut augmenter les effectifs de 176 policiers municipaux. Il faut qu&rsquo;ils soient arm\u00e9s : les tasers ne sont pas des armes de cat\u00e9gories suffisantes pour que la police municipale remplisse ses missions et travaille dans un continuum de s\u00e9curit\u00e9 avec la police nationale. Mais, ce n&rsquo;est pas le r\u00f4le de la police municipale de r\u00e9gler le narcotrafic !\u00a0<br \/>Il faudra des brigades motoris\u00e9es, valoriser le salaire des policiers et leur donner du mat\u00e9riel.\u00a0<\/p>\n<p>    <img   decoding=\"async\" loading=\"lazy\" src=\"https:\/\/www.europesays.com\/fr\/wp-content\/uploads\/2025\/12\/police-municipale-grenoble-960x640.png\" alt=\"Les contr\u00f4les de v\u00e9hicules dans les zones pi\u00e9tonnes de Grenoble s'intensifient en ce mois de septembre 2024.\" width=\"960\" height=\"640\"\/><br \/>\n    Les effectifs de la police municipale seront augment\u00e9s si Herv\u00e9 Gerbi est \u00e9lu maire de Grenoble en mars 2026. (\u00a9Illustration \/ Ugo Maillard \/ actu Grenoble)<\/p>\n<p class=\"ac-article-content__question wall-content\">Quand est-il de la vid\u00e9oprotection ?\u00a0<\/p>\n<p class=\" wall-content\"><strong class=\"color-primary\">HG : <\/strong>Elle est indispensable pour l&rsquo;identification. Il faut travailler sur des images partag\u00e9es avec la police nationale, avec un commissariat ouvert 24\/24h d\u00e8s lors que vous avez les effectifs pour le faire. On envisage d\u2019installer pr\u00e8s de 500 cam\u00e9ras.<br \/>On veut aussi des bornes d&rsquo;alerte d&rsquo;urgence et une application pour \u00eatre g\u00e9olocalis\u00e9 et accompagn\u00e9 virtuellement par la police municipale.\u00a0<\/p>\n<p>Votre r\u00e9gion, votre actu !<\/p>\n<p>Recevez chaque jour les infos qui comptent pour vous.<\/p>\n<p>\t<a href=\"https:\/\/actu.fr\/newsletter\" class=\"ac-btn ac-btn--corner ac-btn--medium ac-btn--blue800\" target=\"_blank\" rel=\"noopener\">S&rsquo;incrire<\/a><br \/>\nLa cantine gratuite pour tous \u00e0 l\u2019\u00e9cole<\/p>\n<p class=\"ac-article-content__question wall-content\">Quelles sont les politiques que vous voulez porter pour la jeunesse grenobloise?\u00a0<\/p>\n<p class=\" wall-content\"><strong class=\"color-primary\">HG : <\/strong>C&rsquo;est principalement du c\u00f4t\u00e9 de l&rsquo;\u00e9cole.\u00a0En France, elle est gratuite, universelle, et ne distingue pas les enfants selon leur origine ou leur condition. Il faut l&rsquo;amplifier avec la gratuit\u00e9 de la cantine. \u00c0 Grenoble, avec le repas \u00e0 8,70 \u20ac, beaucoup n&rsquo;ont pas les moyens de mettre leurs enfants \u00e0 la cantine. La gratuit\u00e9 doit aussi permettre \u00e0 tous d\u2019avoir acc\u00e8s \u00e0 un repas \u00e9quilibr\u00e9.<br \/>Je souhaite aussi que l&rsquo;on mette fin aux emplois contractuels de courte dur\u00e9e d&rsquo;animateurs : les associations d&rsquo;\u00e9ducation populaire savent faire et peuvent proposer un programme lisible de long terme.<\/p>\n<p>Les mesures de son \u00ab\u00a0pacte fiscal\u00a0\u00bb<\/p>\n<p>C\u00f4t\u00e9 finances publiques, Herv\u00e9 Gerbi veut \u00ab\u00a0stopper l&rsquo;augmentation de la taxe fonci\u00e8re\u00a0\u00bb et revoir le fonctionnement des services de la Ville, pour allouer les \u00ab\u00a0moyens n\u00e9cessaires \u00e0 l&rsquo;administration pour remplir sa mission\u00a0\u00bb. \u00ab\u00a0En remettant de l&rsquo;efficacit\u00e9, on va mieux g\u00e9rer le budget de la ville\u00a0\u00bb, assure le candidat, qui se veut \u00eatre un \u00ab\u00a0maire soucieux des deniers publics et gestionnaire en bon p\u00e8re de famille\u00a0\u00bb.<\/p>\n<p>Une \u00ab\u00a0pause\u00a0\u00bb sur les logements sociaux<\/p>\n<p class=\"ac-article-content__question wall-content\">En tant que maire, que pouvez-vous faire pour aider les Grenoblois \u00e0 se loger convenablement ?<\/p>\n<p class=\" wall-content\"><strong class=\"color-primary\">HG : <\/strong>On a des locaux vacants, mais tout le monde n&rsquo;est pas log\u00e9 correctement. On ne va pas r\u00e9soudre cela en construisant des logements sociaux : il faut faire une pause l\u00e0-dessus, sauf pour les logements solidaires.<br \/>Nous avons aussi beaucoup de logements insalubres, dans le parc social comme priv\u00e9. Commen\u00e7ons par r\u00e9nover les logements existants.<\/p>\n<p>    <img   decoding=\"async\" loading=\"lazy\" src=\"https:\/\/www.europesays.com\/fr\/wp-content\/uploads\/2025\/12\/da1fbd1528346d02fbd152834e42fbv-1-960x640.jpg\" alt=\"La victime a \u00e9t\u00e9 d\u00e9couverte dans ce hall d'immeuble au Mans, mercredi 12 avril.\" width=\"960\" height=\"640\"\/><br \/>\n    La construction de logements sociaux n\u2019est pas la solution \u00e0 la crise du logement \u00e0 Grenoble, selon Herv\u00e9 Gerbi. (\u00a9Illustration \/ actu.fr \/ Maxime DAVOUST)<\/p>\n<p class=\"ac-article-content__question wall-content\">Pour les r\u00e9novations dans le parc priv\u00e9, la Ville pourrait-elle accorder des aides aux propri\u00e9taires ?\u00a0<\/p>\n<p class=\" wall-content\"><strong class=\"color-primary\">HG : <\/strong>On ne va pas faire de promesses d&rsquo;aides, parce qu\u2019il faut qu&rsquo;on quantifie le besoin. La Ville peut \u00eatre un accompagnateur, faciliter les d\u00e9marches et trouver des leviers pour les copropri\u00e9t\u00e9s les plus en difficult\u00e9.\u00a0<\/p>\n<p class=\"ac-article-content__question wall-content\">Des projets d\u2019am\u00e9nagement de l\u2019espace public sont en cours, comme la place de Metz, l&rsquo;Esplanade, le lac de la Villeneuve\u2026 Faut-il les poursuivre ?<\/p>\n<p class=\" wall-content\"><strong class=\"color-primary\">HG : <\/strong>Il faut voir dans quelle mesure on peut remettre de la concertation sur les projets qui le permettent, sans que \u00e7a ne co\u00fbte 1\u20ac suppl\u00e9mentaire aux Grenoblois.\u00a0<br \/>Il faut aussi r\u00e9investir le quartier Saint-Bruno. Je l&rsquo;ai connu \u00e9tudiant et je suis tr\u00e8s attrist\u00e9 de voir ce qu&rsquo;il est devenu. Il faut en faire un quartier nouveau, o\u00f9 on se d\u00e9barrasse du narcotrafic pour redonner cet espace public aux citoyens.<\/p>\n<p>\u00ab\u00a0Que Grenoble soit la ville la plus propre de France\u00a0\u00bb<\/p>\n<p class=\"ac-article-content__question wall-content\">Est-ce qu\u2019il y a un travail \u00e0 faire sur la propret\u00e9 \u00e0 Grenoble ?\u00a0<\/p>\n<p class=\" wall-content\"><strong class=\"color-primary\">HG : <\/strong>Je veux qu&rsquo;on dise, un jour, que Grenoble est la ville la plus propre de France. C&rsquo;est possible, pour peu qu&rsquo;on s&rsquo;en donne la volont\u00e9 et les moyens.\u00a0<br \/>Il faut r\u00e9organiser la question de la propret\u00e9 en journ\u00e9e et en nuit. Il faut aussi travailler avec les syndics et entreprises de gestion des d\u00e9chets &#8211; je pense notamment \u00e0 la question de la sortie des poubelles.\u00a0<br \/>On a parmi les policiers municipaux, une brigade de l&rsquo;environnement qui traque la salet\u00e9 sur Grenoble. D\u00e8s lors que vous avez de la vid\u00e9oprotection, vous pouvez lutter contre les d\u00e9p\u00f4ts sauvages.\u00a0<\/p>\n<p>Pour les arr\u00eat\u00e9s anti-trottinettes\u00a0<\/p>\n<p class=\"ac-article-content__question wall-content\">Sous les mandats d\u2019\u00c9ric Piolle, le d\u00e9veloppement de la pi\u00e9tonnisation en centre-ville s\u2019est acc\u00e9l\u00e9r\u00e9. Est-ce qu\u2019il faut continuer ?<\/p>\n<p class=\" wall-content\"><strong class=\"color-primary\">HG : <\/strong>Grenoble est une ville qui se traverse \u00e0 pied. C&rsquo;est une richesse et une force, on doit en tenir compte dans nos am\u00e9nagements.\u00a0La pi\u00e9tonnisation du c\u0153ur de ville reste une bonne chose, mais il faut r\u00e9soudre la probl\u00e9matique de l&rsquo;acc\u00e8s pour ceux qui y habitent.<br \/>Par contre, quand c&rsquo;est pi\u00e9ton, c&rsquo;est pi\u00e9ton ! Comme on n\u2019a personne pour verbaliser, forc\u00e9ment, il y a une certaine forme d&rsquo;anarchie. Il faut que tous les modes de d\u00e9placement puissent cohabiter.<\/p>\n<p class=\"ac-article-content__question wall-content\">Des arr\u00eat\u00e9s anti-trottinettes dans les zones pi\u00e9tonnes peuvent donc \u00eatre envisag\u00e9s ?\u00a0<\/p>\n<p class=\" wall-content\"><strong class=\"color-primary\">HG : <\/strong>Ils peuvent lutter contre certains trafics, mais c\u2019est aussi une question de s\u00e9curit\u00e9 : je vois dans mon cabinet beaucoup d\u2019accidents avec des traumatismes graves impliquant des trottinettes. Dans certains secteurs, il faudra les interdire.\u00a0<br \/>Mais on en revient toujours \u00e0 la m\u00eame chose : interdire c&rsquo;est une chose, mais si vous n&rsquo;avez pas les moyens de contr\u00f4ler, \u00e7a ne sert \u00e0 rien !\u00a0<\/p>\n<p>    <img   decoding=\"async\" loading=\"lazy\" src=\"https:\/\/www.europesays.com\/fr\/wp-content\/uploads\/2025\/12\/trottinette-electrique-voi-grenoble-960x640.jpeg\" alt=\"Cela fait un mois que l'op\u00e9rateur Voi propose des trottinettes et v\u00e9los \u00e9lectriques sur la M\u00e9tropole de Grenoble.\" width=\"960\" height=\"640\"\/><br \/>\n    Herv\u00e9 Gerbi est pour la mise en place d\u2019arr\u00eat\u00e9s anti-trottinettes dans certains secteurs pi\u00e9tons de Grenoble. (\u00a9Illustration \/ Lisa Rodrigues \/ actu Grenoble)<\/p>\n<p class=\"ac-article-content__question wall-content\">Et concernant les modes doux, comme le v\u00e9lo ?\u00a0<\/p>\n<p class=\" wall-content\"><strong class=\"color-primary\">HG : <\/strong>On ne va pas remettre en cause les Chronov\u00e9los. Je pense m\u00eame qu\u2019il faut aller plus loin, puisqu\u2019on est pass\u00e9 \u00e0 l&rsquo;\u00e8re du v\u00e9lo cargo. C\u2019est un mode utile pour transporter des enfants \u00e0 l&rsquo;\u00e9cole et les marchandises.<\/p>\n<p>Am\u00e9liorer l\u2019offre de stationnement<\/p>\n<p class=\"ac-article-content__question wall-content\">Sur le stationnement en ville : que peut-on faire pour am\u00e9liorer la situation ?\u00a0<\/p>\n<p class=\" wall-content\"><strong class=\"color-primary\">HG : <\/strong>Sans doute faut-il revoir les places de livraison. Aujourd&rsquo;hui, c&rsquo;est compliqu\u00e9 pour des commerces de se faire livrer. Quand il n\u2019y a pas de place, les camions stationnent dans de mauvaises conditions et \u00e7a irrite tout le monde. Je suis favorable \u00e0 ce qu\u2019on accroisse l&rsquo;offre pour les livraisons.\u00a0<br \/>Je suis aussi pour l&rsquo;augmentation de la gratuit\u00e9 du stationnement les week-ends et sur les p\u00e9riodes o\u00f9 l&rsquo;activit\u00e9 \u00e9conomique peut \u00eatre la plus importante.\u00a0<\/p>\n<p class=\"ac-article-content__question wall-content\">Sur l\u2019acc\u00e8s aux transports, est-ce qu\u2019il faut \u00e9tendre la gratuit\u00e9 dans les transports en commun ?<\/p>\n<p class=\" wall-content\"><strong class=\"color-primary\">HG : <\/strong>Les fen\u00eatres de gratuit\u00e9 ont leur int\u00e9r\u00eat pour des questions d&rsquo;\u00e9conomie (f\u00eates de fin d&rsquo;ann\u00e9e, week-ends) et de lutte contre la pollution.\u00a0<br \/>Avoir une gratuit\u00e9 constante, sachant qu&rsquo;il y a d\u00e9j\u00e0 des tarifs solidaires, je ne suis pas certain de l&rsquo;int\u00e9r\u00eat : \u00e0 un moment donn\u00e9, tout cela \u00e0 un co\u00fbt.<\/p>\n<p>Un commerce durable<\/p>\n<p class=\"ac-article-content__question wall-content\">Sur le commerce, se pose la question des loyers commerciaux. Faut-il les plafonner ?<\/p>\n<p class=\" wall-content\"><strong class=\"color-primary\">HG : <\/strong>La pr\u00e9emption et le plafonnement des loyers sont des outils \u00e0 manier avec habilet\u00e9, parce qu\u2019il faut aussi permettre la libert\u00e9 d&rsquo;entreprise.\u00a0<br \/>Il faut lutter contre les commerces succursales du blanchiment d&rsquo;argent. Le maire doit \u00eatre plus vigilant et plus ferme \u00e0 ce sujet. Il a un droit de regard au titre de la s\u00e9curit\u00e9 publique pour les interdire.<\/p>\n<p>    <img   decoding=\"async\" loading=\"lazy\" src=\"https:\/\/www.europesays.com\/fr\/wp-content\/uploads\/2025\/12\/epiceries-de-nuit-grenoble-960x640.jpeg\" alt=\"\" width=\"960\" height=\"640\"\/><br \/>\n    \u00ab\u00a0Le maire doit \u00eatre plus vigilant et plus ferme\u00a0\u00bb sur les commerces servant de fa\u00e7ade pour des trafics divers, comme les \u00e9piceries de nuit, insiste Herv\u00e9 Gerbi. (\u00a9Illustration \/ Lisa Rodrigues \/ actu Grenoble)<\/p>\n<p class=\"ac-article-content__question wall-content\">Que faire pour aider le centre-ville commer\u00e7ant de Grenoble ?<\/p>\n<p class=\" wall-content\"><strong class=\"color-primary\">HG : <\/strong>Il faut d&rsquo;abord se poser la question : quel type de commerce veut-on dans les 10 ans qui viennent ? Tous ne sont pas n\u00e9cessairement utiles.\u00a0<br \/>On a la chance d&rsquo;\u00eatre une ville avec une conscience \u00e9cologique forte. Nos commerces doivent s&rsquo;impr\u00e9gner de cela. <br \/>Je suis pour le retour de grandes et belles marques dans le centre de Grenoble. Je suis aussi pour le d\u00e9veloppement de magasins pour toutes les bourses, comme des friperies, et le d\u00e9veloppement d\u2019une consommation de r\u00e9paration. Le consommateur a besoin d\u2019une exp\u00e9rience client : le centre-ville de Grenoble peut l&rsquo;offrir.<\/p>\n<p>Un r\u00e9f\u00e9rendum local de mi-mandat<\/p>\n<p class=\"ac-article-content__question wall-content\">Vous parlez beaucoup de rapprocher le service public des Grenoblois. Peut-on imaginer la r\u00e9ouverture de locaux, comme un commissariat \u00e0 Saint-Bruno ?\u00a0<\/p>\n<p class=\" wall-content\"><strong class=\"color-primary\">HG : <\/strong>\u00c7a n&rsquo;est pas seulement de fa\u00e7on physique. C&rsquo;est aussi le lien qu&rsquo;entretiennent les Grenoblois avec leur mairie. C&rsquo;est la question d&rsquo;une information facilement accessible, transparente et directement accessible.<br \/>\u00c0 mi-mandat, il faudra sans doute faire un r\u00e9f\u00e9rendum local sur les perspectives pour la ville. Il faut que le maire accepte de dire, voil\u00e0 ce que nous avons fait, voil\u00e0 les perspectives.<\/p>\n<p class=\" wall-content\">Personnalisez votre actualit\u00e9 en ajoutant vos villes et m\u00e9dias en favori avec <a href=\"https:\/\/moncompte.actu.fr\" title=\"D\u00e9couvez Mon Actu\" rel=\"nofollow noopener\" data-trk=\"{&quot;cta&quot;:{&quot;action&quot;:&quot;https:\\\/\\\/moncompte.actu.fr&quot;,&quot;category&quot;:&quot;mon compte&quot;,&quot;from&quot;:&quot;article footer&quot;,&quot;name&quot;:&quot;Mon actu&quot;,&quot;type&quot;:&quot;cta&quot;}}\" target=\"_blank\">Mon Actu<\/a>.<\/p>\n","protected":false},"excerpt":{"rendered":"Par Lisa Rodrigues Publi\u00e9 le 23 d\u00e9c. 2025 \u00e0 17h31 Herv\u00e9 Gerbi est le candidat investit par le&hellip;\n","protected":false},"author":2,"featured_media":618565,"comment_status":"","ping_status":"","sticky":false,"template":"","format":"standard","meta":{"footnotes":""},"categories":[9566],"tags":[1111,11,2430,4188,1777,674,1011,27,2731,3434,12,316,25],"class_list":{"0":"post-618564","1":"post","2":"type-post","3":"status-publish","4":"format-standard","5":"has-post-thumbnail","7":"category-grenoble","8":"tag-actu","9":"tag-actualites","10":"tag-auvergne-rhone-alpes","11":"tag-elections-municipales","12":"tag-eu","13":"tag-europe","14":"tag-fr","15":"tag-france","16":"tag-grenoble","17":"tag-municipales-2026","18":"tag-news","19":"tag-politique","20":"tag-republique-francaise"},"share_on_mastodon":{"url":"https:\/\/pubeurope.com\/@fr\/115770707968382997","error":""},"_links":{"self":[{"href":"https:\/\/www.europesays.com\/fr\/wp-json\/wp\/v2\/posts\/618564","targetHints":{"allow":["GET"]}}],"collection":[{"href":"https:\/\/www.europesays.com\/fr\/wp-json\/wp\/v2\/posts"}],"about":[{"href":"https:\/\/www.europesays.com\/fr\/wp-json\/wp\/v2\/types\/post"}],"author":[{"embeddable":true,"href":"https:\/\/www.europesays.com\/fr\/wp-json\/wp\/v2\/users\/2"}],"replies":[{"embeddable":true,"href":"https:\/\/www.europesays.com\/fr\/wp-json\/wp\/v2\/comments?post=618564"}],"version-history":[{"count":0,"href":"https:\/\/www.europesays.com\/fr\/wp-json\/wp\/v2\/posts\/618564\/revisions"}],"wp:featuredmedia":[{"embeddable":true,"href":"https:\/\/www.europesays.com\/fr\/wp-json\/wp\/v2\/media\/618565"}],"wp:attachment":[{"href":"https:\/\/www.europesays.com\/fr\/wp-json\/wp\/v2\/media?parent=618564"}],"wp:term":[{"taxonomy":"category","embeddable":true,"href":"https:\/\/www.europesays.com\/fr\/wp-json\/wp\/v2\/categories?post=618564"},{"taxonomy":"post_tag","embeddable":true,"href":"https:\/\/www.europesays.com\/fr\/wp-json\/wp\/v2\/tags?post=618564"}],"curies":[{"name":"wp","href":"https:\/\/api.w.org\/{rel}","templated":true}]}}