{"id":618568,"date":"2025-12-23T20:13:12","date_gmt":"2025-12-23T20:13:12","guid":{"rendered":"https:\/\/www.europesays.com\/fr\/618568\/"},"modified":"2025-12-23T20:13:12","modified_gmt":"2025-12-23T20:13:12","slug":"le-prefet-dille-et-vilaine-active-le-plan-grand-froid-en-quoi-ca-consiste","status":"publish","type":"post","link":"https:\/\/www.europesays.com\/fr\/618568\/","title":{"rendered":"le pr\u00e9fet d&rsquo;Ille-et-Vilaine active le Plan Grand Froid, en quoi \u00e7a consiste"},"content":{"rendered":"<p>                    Par<br \/>\n        <strong><br \/>\n            <a href=\"https:\/\/actu.fr\/auteur\/laurene-fertin\" title=\"Consulter tous les articles de Laur\u00e8ne Fertin\" target=\"_blank\" rel=\"noopener\">Laur\u00e8ne Fertin<\/a><br \/>\n                    <\/strong><\/p>\n<p>        Publi\u00e9 le<\/p>\n<p>            23 d\u00e9c. 2025 \u00e0 18h47        <\/p>\n<p><strong>Le froid<\/strong> arrive \u00e0 grands pas \u00e0 Rennes et plus largement, dans le d\u00e9partement d\u2019Ille-et-Vilaine. <a href=\"https:\/\/actu.fr\/bretagne\/rennes_35238\/de-la-neige-le-matin-de-noel-en-bretagne-voici-ou-les-flocons-devraient-tomber_63611910.html\" target=\"_blank\" rel=\"noopener\">Quelques flocons sont d\u2019ailleurs attendus<\/a> en fin de nuit et d\u00e9but de matin\u00e9e, jeudi 25\u00a0d\u00e9cembre 2025, selon les pr\u00e9visions m\u00e9t\u00e9o.<\/p>\n<p class=\" wall-content\">La pr\u00e9fecture d\u2019Ille-et-Vilaine annonce activer <strong>un plan Grand froid, <\/strong>d\u00e8s ce mardi 23\u00a0d\u00e9cembre 2025, \u00ab\u2009afin de prot\u00e9ger les populations les plus vuln\u00e9rables\u2009\u00bb.<\/p>\n<p>\u00ab\u2009Il fera -8 degr\u00e9s en ressenti\u2009\u00bb<\/p>\n<p class=\" wall-content\"><strong>Pierre Larrey, sous-pr\u00e9fet,<\/strong> secr\u00e9taire g\u00e9n\u00e9ral de la pr\u00e9fecture, s\u2019est rendu <strong>aupr\u00e8s des \u00e9quipes de la Croix-Rouge<\/strong> mobilis\u00e9es. Il a pr\u00e9sent\u00e9 les mesures mises en \u0153uvre sur le d\u00e9partement\u2009:<\/p>\n<blockquote class=\"ac-article-quote wall-content\">\n<p>Un \u00e9pisode de froid va durer sur 5-6 nuits &#8211; la nuit de demain soir sera plus fra\u00eeche, selon M\u00e9t\u00e9o France. Il fera -8 degr\u00e9s en ressenti. L\u2019\u00c9tat a pris quelques mesures pour mettre \u00e0 l\u2019abri plus de personnes : l\u2019augmentation des maraudes (\u2026) et le Service int\u00e9gr\u00e9 d\u2019accueil et d\u2019orientation (SIAO, N.D.L.R) va r\u00e9server plus de nuits d\u2019h\u00f4tel. Un lieu d\u2019accueil au sein d\u2019un local de l\u2019association Saint Beno\u00eet Labre sera ouvert ce soir.\n<\/p>\n<p>    <strong>Pierre Lerray<\/strong><br \/>\n        Sous-pr\u00e9fet, secr\u00e9taire g\u00e9n\u00e9ral de la pr\u00e9fecture d&rsquo;Ille-et-Vilaine    <\/p><\/blockquote>\n<p>Des maraudes suppl\u00e9mentaires le matin<\/p>\n<p class=\" wall-content\">\u00c0 Rennes, si des <strong>maraudes sont d\u00e9j\u00e0 effectu\u00e9es \u00ab\u20097j\/7\u2009\u00bb et \u00ab\u2009tous les soirs\u2009\u00bb<\/strong>, comme le souligne Fran\u00e7ois Tripoz, responsable du Samu social, <strong>d\u2019autres vont \u00eatre ajout\u00e9es<\/strong> en matin\u00e9e.<\/p>\n<blockquote class=\"ac-article-quote wall-content\">\n<p>De 9h \u00e0 12, des b\u00e9n\u00e9voles, par groupe de 3 \u00e0 5, vont apporter couvertures, bonnets, gants  mais \u00e9galement de quoi manger (soupes, sandwichs). Les animaux ne sont pas oubli\u00e9s puisque de la nourriture leur sera \u00e9galement distribu\u00e9e.<\/p>\n<p>    <strong>Fran\u00e7ois Tripoz<\/strong><br \/>\n        Responsable du Samu social 35    <\/p><\/blockquote>\n<p>Quelques chiffres<\/p>\n<p>-Entre 2 000 et 3 000 personnes diff\u00e9rentes, \u00e0 Rennes et dans les communes limitrophes, sont rencontr\u00e9es lors des maraudes ;<br \/>-en soir\u00e9e, les maraudes apportent du soutien \u00e0 60 et 150 personnes environ.<\/p>\n<p>Votre r\u00e9gion, votre actu !<\/p>\n<p>Recevez chaque jour les infos qui comptent pour vous.<\/p>\n<p>\t<a href=\"https:\/\/actu.fr\/newsletter\" class=\"ac-btn ac-btn--corner ac-btn--medium ac-btn--blue800\" target=\"_blank\" rel=\"noopener\">S&rsquo;incrire<\/a><\/p>\n<p class=\" wall-content\"><strong>2\u2009000 places sont ouvertes<\/strong> par le D\u00e9partement. 10 lits sont ouverts pour les personnes isol\u00e9es au sein d\u2019un local tenu par l\u2019association Saint Benoit Labre \u00e0 Rennes. Le lieu est indiqu\u00e9 aux personnes dans le besoin apr\u00e8s appel au 115.<\/p>\n<p class=\" wall-content\">\u00ab\u2009Le 115 a re\u00e7u l\u2019instruction d\u2019accueillir au maximum les personnes en difficult\u00e9. Ces personnes pourront rester sur le temps de la p\u00e9riode de froid \u2013 au moins jusqu\u2019\u00e0 lundi. Les vuln\u00e9rabilit\u00e9s seront \u00e9valu\u00e9es au cas par cas\u00a0\u00bb, continue P\u00eferre Lerray.<\/p>\n<p class=\" wall-content\">Les personnes vis\u00e9es par les maraudes sont bien s\u00fbr les SDF, mais aussi les personnes isol\u00e9es ou encore celles qui, malheureusement, vivent dans leur voiture. <strong>\u00ab\u2009Le but de ces maraudes est aussi de cr\u00e9er du lien social<\/strong>, soul\u00e8ve Fran\u00e7ois Tripoz. Certaines personnes sont seules alors on discute, on papote pour passer la soir\u00e9e ensemble.\u2009\u00bb<\/p>\n<p class=\" wall-content\">Personnalisez votre actualit\u00e9 en ajoutant vos villes et m\u00e9dias en favori avec <a href=\"https:\/\/moncompte.actu.fr\" title=\"D\u00e9couvez Mon Actu\" rel=\"nofollow noopener\" data-trk=\"{&quot;cta&quot;:{&quot;action&quot;:&quot;https:\\\/\\\/moncompte.actu.fr&quot;,&quot;category&quot;:&quot;mon compte&quot;,&quot;from&quot;:&quot;article footer&quot;,&quot;name&quot;:&quot;Mon actu&quot;,&quot;type&quot;:&quot;cta&quot;}}\" target=\"_blank\">Mon Actu<\/a>.<\/p>\n","protected":false},"excerpt":{"rendered":"Par Laur\u00e8ne Fertin Publi\u00e9 le 23 d\u00e9c. 2025 \u00e0 18h47 Le froid arrive \u00e0 grands pas \u00e0 Rennes&hellip;\n","protected":false},"author":2,"featured_media":618569,"comment_status":"","ping_status":"","sticky":false,"template":"","format":"standard","meta":{"footnotes":""},"categories":[2821],"tags":[1111,11,829,1777,674,1011,27,3447,10584,12,584,25,104],"class_list":{"0":"post-618568","1":"post","2":"type-post","3":"status-publish","4":"format-standard","5":"has-post-thumbnail","7":"category-rennes","8":"tag-actu","9":"tag-actualites","10":"tag-bretagne","11":"tag-eu","12":"tag-europe","13":"tag-fr","14":"tag-france","15":"tag-froid","16":"tag-neige","17":"tag-news","18":"tag-rennes","19":"tag-republique-francaise","20":"tag-societe"},"share_on_mastodon":{"url":"https:\/\/pubeurope.com\/@fr\/115770714071662768","error":""},"_links":{"self":[{"href":"https:\/\/www.europesays.com\/fr\/wp-json\/wp\/v2\/posts\/618568","targetHints":{"allow":["GET"]}}],"collection":[{"href":"https:\/\/www.europesays.com\/fr\/wp-json\/wp\/v2\/posts"}],"about":[{"href":"https:\/\/www.europesays.com\/fr\/wp-json\/wp\/v2\/types\/post"}],"author":[{"embeddable":true,"href":"https:\/\/www.europesays.com\/fr\/wp-json\/wp\/v2\/users\/2"}],"replies":[{"embeddable":true,"href":"https:\/\/www.europesays.com\/fr\/wp-json\/wp\/v2\/comments?post=618568"}],"version-history":[{"count":0,"href":"https:\/\/www.europesays.com\/fr\/wp-json\/wp\/v2\/posts\/618568\/revisions"}],"wp:featuredmedia":[{"embeddable":true,"href":"https:\/\/www.europesays.com\/fr\/wp-json\/wp\/v2\/media\/618569"}],"wp:attachment":[{"href":"https:\/\/www.europesays.com\/fr\/wp-json\/wp\/v2\/media?parent=618568"}],"wp:term":[{"taxonomy":"category","embeddable":true,"href":"https:\/\/www.europesays.com\/fr\/wp-json\/wp\/v2\/categories?post=618568"},{"taxonomy":"post_tag","embeddable":true,"href":"https:\/\/www.europesays.com\/fr\/wp-json\/wp\/v2\/tags?post=618568"}],"curies":[{"name":"wp","href":"https:\/\/api.w.org\/{rel}","templated":true}]}}