{"id":618578,"date":"2025-12-23T20:21:12","date_gmt":"2025-12-23T20:21:12","guid":{"rendered":"https:\/\/www.europesays.com\/fr\/618578\/"},"modified":"2025-12-23T20:21:12","modified_gmt":"2025-12-23T20:21:12","slug":"les-soutiens-de-christian-estrosi-exhortent-charles-ange-ginesy-a-clarifier-sa-position","status":"publish","type":"post","link":"https:\/\/www.europesays.com\/fr\/618578\/","title":{"rendered":"les soutiens de Christian Estrosi exhortent Charles Ange Gin\u00e9sy \u00ab\u00a0\u00e0 clarifier sa position\u00a0\u00bb"},"content":{"rendered":"<p class=\"fs-5 \">C\u2019est une s\u00e9rie de tweets que les estrosistes n\u2019entendent pas laisser passer. Ce mardi soir, l\u2019opposition au conseil d\u00e9partemental constitu\u00e9e par les soutiens de Christian Estrosi s\u2019est fendue d\u2019un communiqu\u00e9 au moyen duquel \u00ab\u00a0Les \u00e9lus LR du groupe (&#8230;) appellent Charles Ange Gin\u00e9sy \u00e0 clarifier sa position en conformit\u00e9 avec la ligne des R\u00e9publicains, \u00e0 soutenir Christian Estrosi et \u00e0 rompre avec les lep\u00e9nistes du Rassemblement national.\u00a0\u00bb<\/p>\n<p class=\"fs-5 \">Cet appel intervient quatre jours apr\u00e8s\u00a0<a href=\"https:\/\/www.nicematin.com\/societe\/politique\/c-est-le-plus-haut-niveau-hors-tempete-alex-sous-ma-presidence-le-departement-des-alpes-maritimes-vote-une-hausse-de-l-investissement-dans-son-budget-2026-10661668#:~:text=Le%20budget%20s&#039;%C3%A9l%C3%A8ve%20%C3%A0,Il%20%C2%AB%20repose%20sur%20cinq%20principes.\" target=\"_blank\" rel=\"noopener\">un examen houleux du budget d\u00e9partemental<\/a>\u00a0qui a inspir\u00e9 \u00e0 Charles Ange Gin\u00e9sy\u00a0<a href=\"https:\/\/x.com\/ca_ginesy\/status\/2002650351250620735?s=20\" target=\"_blank\" rel=\"nofollow noopener\">une s\u00e9rie de posts, dimanche 21 d\u00e9cembre, sur X<\/a>\u00a0pour d\u00e9noncer \u00ab\u00a0Une opposition (&#8230;) du groupe estrosiste incompr\u00e9hensible (&#8230;)\u00a0! Une incroyable obstruction syst\u00e9matique \u00e0 des projets d\u2019int\u00e9r\u00eat g\u00e9n\u00e9ral.\u2005\u00a0\u00bb Et le pr\u00e9sident du D\u00e9partement de remettre en question le soutien controvers\u00e9 de son parti \u00e0 Christian Estrosi, candidat \u00e0 un quatri\u00e8me mandat\u00a0: \u00ab\u00a0Dans ce contexte je m\u2019oppose au m\u00e9pris le plus absolu des statuts de R\u00e9publicains qui apporteraient soutien au maire de Nice avec le plus grand cynisme politique\u00a0!\u00a0\u00bb<\/p>\n<p>                                                                                \u00ab\u00a0Charles-Ange Gin\u00e9sy continue de soutenir \u00c9ric Ciotti\u00a0\u00bb<\/p>\n<p class=\"fs-5 \">Or \u00ab\u00a0A Nice, Les R\u00e9publicains ont fait un choix politique clair et assum\u00e9\u00a0: soutenir Christian Estrosi, maire sortant, dans une logique de responsabilit\u00e9, de stabilit\u00e9 et de continuit\u00e9 au service des Ni\u00e7ois\u00a0\u00bb, rappellent ses proches. Ils y voient la preuve que \u00ab\u00a0Charles-Ange Gin\u00e9sy (&#8230;) continue de soutenir \u00c9ric Ciotti (&#8230;) engag\u00e9 dans une alliance avec les lep\u00e9nistes du RN, en contradiction frontale avec les valeurs, la ligne et l\u2019histoire de la droite r\u00e9publicaine.\u2005\u00a0\u00bb<\/p>\n<p class=\"fs-5 \">Ils appellent donc \u00ab\u00a0Charles-Ange Gin\u00e9sy \u00e0 lever toute ambigu\u00eft\u00e9 et \u00e0 faire un choix clair, coh\u00e9rent et responsable\u00a0: soutenir Christian Estrosi \u00e0 Nice (&#8230;) conform\u00e9ment \u00e0 la d\u00e9cision politique majoritaire des R\u00e9publicains [et] rompre avec toute logique d\u2019alliance ambigu\u00eb avec (&#8230;) le RN\u00a0\u00bb.<\/p>\n","protected":false},"excerpt":{"rendered":"C\u2019est une s\u00e9rie de tweets que les estrosistes n\u2019entendent pas laisser passer. Ce mardi soir, l\u2019opposition au conseil&hellip;\n","protected":false},"author":2,"featured_media":618579,"comment_status":"","ping_status":"","sticky":false,"template":"","format":"standard","meta":{"footnotes":""},"categories":[2819],"tags":[1111,11,1777,674,1011,27,3434,12,2401,882,25],"class_list":{"0":"post-618578","1":"post","2":"type-post","3":"status-publish","4":"format-standard","5":"has-post-thumbnail","7":"category-nice","8":"tag-actu","9":"tag-actualites","10":"tag-eu","11":"tag-europe","12":"tag-fr","13":"tag-france","14":"tag-municipales-2026","15":"tag-news","16":"tag-nice","17":"tag-provence-alpes-cote-dazur","18":"tag-republique-francaise"},"share_on_mastodon":{"url":"https:\/\/pubeurope.com\/@fr\/115770745529629146","error":""},"_links":{"self":[{"href":"https:\/\/www.europesays.com\/fr\/wp-json\/wp\/v2\/posts\/618578","targetHints":{"allow":["GET"]}}],"collection":[{"href":"https:\/\/www.europesays.com\/fr\/wp-json\/wp\/v2\/posts"}],"about":[{"href":"https:\/\/www.europesays.com\/fr\/wp-json\/wp\/v2\/types\/post"}],"author":[{"embeddable":true,"href":"https:\/\/www.europesays.com\/fr\/wp-json\/wp\/v2\/users\/2"}],"replies":[{"embeddable":true,"href":"https:\/\/www.europesays.com\/fr\/wp-json\/wp\/v2\/comments?post=618578"}],"version-history":[{"count":0,"href":"https:\/\/www.europesays.com\/fr\/wp-json\/wp\/v2\/posts\/618578\/revisions"}],"wp:featuredmedia":[{"embeddable":true,"href":"https:\/\/www.europesays.com\/fr\/wp-json\/wp\/v2\/media\/618579"}],"wp:attachment":[{"href":"https:\/\/www.europesays.com\/fr\/wp-json\/wp\/v2\/media?parent=618578"}],"wp:term":[{"taxonomy":"category","embeddable":true,"href":"https:\/\/www.europesays.com\/fr\/wp-json\/wp\/v2\/categories?post=618578"},{"taxonomy":"post_tag","embeddable":true,"href":"https:\/\/www.europesays.com\/fr\/wp-json\/wp\/v2\/tags?post=618578"}],"curies":[{"name":"wp","href":"https:\/\/api.w.org\/{rel}","templated":true}]}}