{"id":618580,"date":"2025-12-23T20:22:54","date_gmt":"2025-12-23T20:22:54","guid":{"rendered":"https:\/\/www.europesays.com\/fr\/618580\/"},"modified":"2025-12-23T20:22:54","modified_gmt":"2025-12-23T20:22:54","slug":"gagnez-un-week-end-musical-pour-deux-a-la-folle-journee-de-nantes","status":"publish","type":"post","link":"https:\/\/www.europesays.com\/fr\/618580\/","title":{"rendered":"Gagnez un week-end musical pour deux \u00e0 La Folle journ\u00e9e de Nantes"},"content":{"rendered":"<p><a href=\"https:\/\/nantes.maville.com\/actu\/actudet_-folle-journee-de-nantes-les-coups-de-coeur-des-programmatrices-_8-7106650_actu.Htm\" target=\"_self\" rel=\"noopener\">La Folle journ\u00e9e arrive \u00e0 grands pas<\/a>, puisque le festival de musique classique se d\u00e9roule du mercredi 28\u00a0janvier au dimanche 1er\u00a0f\u00e9vrier 2026.\u00a0Pas moins de 300\u00a0concerts sont propos\u00e9s, \u00e0 la cit\u00e9 des congr\u00e8s de Nantes.<\/p>\n<p>Ouest-France a lanc\u00e9 un jeu pour\u00a0gagner un week-end musical pour deux, du samedi 31\u00a0janvier au dimanche 1er\u00a0f\u00e9vrier 2026.<\/p>\n<p>Ce week-end comprend une nuit pour deux personnes \u00e0 l\u2019Oceania H\u00f4tel de France, \u00e9tablissement de quatre \u00e9toiles, avec petits-d\u00e9jeuners inclus. Le cadeau comporte surtout l\u2019acc\u00e8s \u00e0 huit concerts s\u00e9lectionn\u00e9s par La Folle Journ\u00e9e et r\u00e9partis sur les journ\u00e9es du samedi et du dimanche.<\/p>\n<p>Comment participer\u00a0?<\/p>\n<p>Pour participer, rien de plus simple\u00a0: il suffit de cliquer sur \u00ab\u00a0je participe\u00a0\u00bb dans l\u2019encart ci-dessous et de remplir le formulaire.<\/p>\n<p>Vous avez jusqu\u2019au dimanche 11\u00a0janvier pour tenter votre chance\u00a0!<\/p>\n<p>\u00a0<\/p>\n","protected":false},"excerpt":{"rendered":"La Folle journ\u00e9e arrive \u00e0 grands pas, puisque le festival de musique classique se d\u00e9roule du mercredi 28\u00a0janvier&hellip;\n","protected":false},"author":2,"featured_media":618581,"comment_status":"","ping_status":"","sticky":false,"template":"","format":"standard","meta":{"footnotes":""},"categories":[2818],"tags":[1111,11,1777,674,14898,1011,27,19905,3465,16167,766,12,2636,25,6689,4064,9693],"class_list":{"0":"post-618580","1":"post","2":"type-post","3":"status-publish","4":"format-standard","5":"has-post-thumbnail","7":"category-nantes","8":"tag-actu","9":"tag-actualites","10":"tag-eu","11":"tag-europe","12":"tag-folle","13":"tag-fr","14":"tag-france","15":"tag-gagnez","16":"tag-journee","17":"tag-musical","18":"tag-nantes","19":"tag-news","20":"tag-pays-de-la-loire","21":"tag-republique-francaise","22":"tag-roche","23":"tag-week-end","24":"tag-yon"},"share_on_mastodon":{"url":"https:\/\/pubeurope.com\/@fr\/115770753219012819","error":""},"_links":{"self":[{"href":"https:\/\/www.europesays.com\/fr\/wp-json\/wp\/v2\/posts\/618580","targetHints":{"allow":["GET"]}}],"collection":[{"href":"https:\/\/www.europesays.com\/fr\/wp-json\/wp\/v2\/posts"}],"about":[{"href":"https:\/\/www.europesays.com\/fr\/wp-json\/wp\/v2\/types\/post"}],"author":[{"embeddable":true,"href":"https:\/\/www.europesays.com\/fr\/wp-json\/wp\/v2\/users\/2"}],"replies":[{"embeddable":true,"href":"https:\/\/www.europesays.com\/fr\/wp-json\/wp\/v2\/comments?post=618580"}],"version-history":[{"count":0,"href":"https:\/\/www.europesays.com\/fr\/wp-json\/wp\/v2\/posts\/618580\/revisions"}],"wp:featuredmedia":[{"embeddable":true,"href":"https:\/\/www.europesays.com\/fr\/wp-json\/wp\/v2\/media\/618581"}],"wp:attachment":[{"href":"https:\/\/www.europesays.com\/fr\/wp-json\/wp\/v2\/media?parent=618580"}],"wp:term":[{"taxonomy":"category","embeddable":true,"href":"https:\/\/www.europesays.com\/fr\/wp-json\/wp\/v2\/categories?post=618580"},{"taxonomy":"post_tag","embeddable":true,"href":"https:\/\/www.europesays.com\/fr\/wp-json\/wp\/v2\/tags?post=618580"}],"curies":[{"name":"wp","href":"https:\/\/api.w.org\/{rel}","templated":true}]}}