{"id":618594,"date":"2025-12-23T20:30:23","date_gmt":"2025-12-23T20:30:23","guid":{"rendered":"https:\/\/www.europesays.com\/fr\/618594\/"},"modified":"2025-12-23T20:30:23","modified_gmt":"2025-12-23T20:30:23","slug":"deja-une-inquietude-pour-endrick-face-a-lille","status":"publish","type":"post","link":"https:\/\/www.europesays.com\/fr\/618594\/","title":{"rendered":"D\u00e9j\u00e0 une inqui\u00e9tude pour Endrick face \u00e0 Lille ?"},"content":{"rendered":"<p>                                            Publi\u00e9 le 23\/12\/2025 \u00e0 20h06<br \/>\n                                                                                3 minutes de lecture\n                                                                    <\/p>\n<p>F\u00e9ru de sport et plus particuli\u00e8rement de ballon rond depuis ma plus tendre enfance.<\/p>\n<p>                                            Lire la suite<\/p>\n<p>Le mercato hivernal de l\u00a0\u00bbOlympique Lyonnais prend une tournure d\u00e9cisive avec l&rsquo;imminence de l&rsquo;arriv\u00e9e d&rsquo;<strong>Endrick<\/strong>, le jeune prodige br\u00e9silien de <strong>19 ans<\/strong>. Cette op\u00e9ration, qui semblait compromise il y a encore quelques semaines, conna\u00eet d\u00e9sormais un d\u00e9nouement favorable gr\u00e2ce \u00e0 l&rsquo;assouplissement de la position du Real Madrid. Cependant, malgr\u00e9 l&rsquo;accord trouv\u00e9 entre les deux clubs, le futur <strong>num\u00e9ro 9 lyonnais<\/strong> doit d\u00e9j\u00e0 faire face \u00e0 un premier contretemps d&rsquo;ordre administratif qui pourrait retarder ses premiers pas sur les pelouses fran\u00e7aises. Cette situation illustre parfaitement les complexit\u00e9s du march\u00e9 des transferts, o\u00f9 les aspects sportifs et financiers s&rsquo;entrem\u00ealent avec les contraintes r\u00e9glementaires. L&rsquo;attente des supporters lyonnais, d\u00e9j\u00e0 palpable, risque de se prolonger quelque peu avant de d\u00e9couvrir leur nouvelle recrue en action.<\/p>\n<p>                                <img decoding=\"async\" src=\"https:\/\/www.europesays.com\/fr\/wp-content\/uploads\/2025\/04\/1744123449_543_logo.png\" alt=\"Logo\"\/><\/p>\n<p>100\u20ac offerts sur ton 1er pari !<\/p>\n<p>                            <a href=\"https:\/\/www.score.fr\/redirection\/1\/\" class=\"headband-button\" target=\"_blank\" rel=\"noopener\">J&rsquo;en profite<\/a><\/p>\n<p>                                                                <img loading=\"lazy\" decoding=\"async\" src=\"https:\/\/www.europesays.com\/fr\/wp-content\/uploads\/2025\/12\/ol-deja-une-inquietude-pour-endrick-face-a-lille.jpg\" alt=\"Illustration : &quot;OL : D\u00e9j\u00e0 une inqui\u00e9tude pour Endrick face \u00e0 Lille ?&quot;\" class=\"figure-img img-fluid\" width=\"780\" height=\"478\"\/><\/p>\n<p>                                    \u00a9 Site officiel du Real Madrid                                <\/p>\n<p>Un accord financier complexe mais \u00e9quilibr\u00e9<\/p>\n<p>Les n\u00e9gociations entre l&rsquo;OL et le Real Madrid ont abouti \u00e0 un arrangement financier particuli\u00e8rement astucieux, tenant compte des contraintes budg\u00e9taires du club rhodanien. <strong>L&rsquo;OL prendra en charge environ la moiti\u00e9 du salaire du joueur<\/strong>, une somme consid\u00e9rable puisque les \u00e9moluments d&rsquo;Endrick sont estim\u00e9s \u00e0 plus de 400 000 euros brut mensuels. Cette r\u00e9partition des co\u00fbts se concr\u00e9tisera par <strong>le versement d&rsquo;une indemnit\u00e9 proche du million d&rsquo;euros au Real Madrid<\/strong>, une solution qui permet aux dirigeants lyonnais de respecter leurs obligations vis-\u00e0-vis de la DNCG. Il est particuli\u00e8rement significatif qu&rsquo;<strong>aucun pr\u00eat avec option d&rsquo;achat ne soit pr\u00e9vu<\/strong>, d\u00e9montrant clairement que Madrid souhaite conserver le contr\u00f4le total sur l&rsquo;avenir de son joyau br\u00e9silien. Cette formule t\u00e9moigne de la confiance mutuelle entre les deux institutions et de la volont\u00e9 commune de favoriser l&rsquo;\u00e9panouissement du jeune attaquant.<\/p>\n<p>Des d\u00e9lais administratifs contraignants<\/p>\n<p>Malgr\u00e9 l&rsquo;imminence de la signature du contrat, pr\u00e9vue avant demain soir selon les derni\u00e8res informations, Endrick se heurte d\u00e9j\u00e0 \u00e0 un premier obstacle de taille. Le jeune Br\u00e9silien, qui devrait arriver \u00e0 Lyon <strong>d\u00e8s le 29 d\u00e9cembre<\/strong> pour reprendre l&rsquo;entra\u00eenement avec le groupe, ne pourra pas faire ses d\u00e9buts lors du d\u00e9placement crucial <strong>contre Monaco le 3 janvier<\/strong>. Cette situation d\u00e9coule directement des contraintes r\u00e9glementaires de la Ligue de Football Professionnel, o\u00f9 <strong>le d\u00e9lai d&rsquo;enregistrement est jug\u00e9 trop court<\/strong>. Les d\u00e9marches entreprises par les dirigeants lyonnais pour obtenir une d\u00e9rogation exceptionnelle n&rsquo;ont pas abouti, illustrant la rigidit\u00e9 du syst\u00e8me administratif fran\u00e7ais. Cette attente forc\u00e9e repr\u00e9sente une frustration tant pour le joueur que pour l&rsquo;encadrement technique, qui comptait sur ce renfort imm\u00e9diat pour aborder la seconde partie de saison.<\/p>\n<p>Perspectives et premi\u00e8res \u00e9ch\u00e9ances<\/p>\n<p>L&rsquo;horizon s&rsquo;\u00e9claircit n\u00e9anmoins pour les premi\u00e8res apparitions d&rsquo;Endrick sous ses nouvelles couleurs. <strong>Les seizi\u00e8mes de finale de la Coupe de France \u00e0 Lille le 11 janvier<\/strong> constituent la premi\u00e8re opportunit\u00e9 r\u00e9aliste de voir le prodige br\u00e9silien fouler une pelouse fran\u00e7aise. Alternativement, <strong>la r\u00e9ception de Brest au Groupama Stadium le 18 janvier<\/strong> pourrait marquer ses v\u00e9ritables d\u00e9buts en championnat devant son nouveau public. Cette p\u00e9riode d&rsquo;adaptation, bien qu&rsquo;impos\u00e9e par les circonstances, pourrait finalement s&rsquo;av\u00e9rer b\u00e9n\u00e9fique pour permettre au joueur de s&rsquo;acclimater sereinement \u00e0 son nouvel environnement. L&rsquo;ancien pensionnaire de Palmeiras aura ainsi le temps n\u00e9cessaire pour s&rsquo;int\u00e9grer aux sch\u00e9mas tactiques de son nouvel entra\u00eeneur et cr\u00e9er des automatismes avec ses futurs co\u00e9quipiers, pr\u00e9parant ainsi des d\u00e9buts optimaux dans l&rsquo;\u00e9lite fran\u00e7aise.<\/p>\n<p><strong>Ce samedi 3 janvier, l\u2019OL lance son ann\u00e9e 2026 par un choc face \u00e0 Monaco dans la principaut\u00e9. Pour cette rencontre, profitez de 100\u20ac offerts pour votre premi\u00e8re inscription sur Parions Sport en Ligne.<\/strong><a href=\"https:\/\/www.score.fr\/redirection\/1\/\" target=\"_blank\" rel=\"noopener\"><strong> Pariez sur une victoire de l\u2019OL face \u00e0 l\u2019AS Monaco vous rapporte jusqu\u2019\u00e0 330\u20ac !<\/strong><\/a><\/p>\n<p><strong>Pour en profiter, c\u2019est tr\u00e8s simple :<\/strong><\/p>\n<p><strong>&#8211; Cr\u00e9ez votre compte joueur en seulement 2 \u00e9tapes <\/strong><a href=\"https:\/\/www.score.fr\/redirection\/1\/\" target=\"_blank\" rel=\"noopener\"><strong>ici<\/strong><\/a><\/p>\n<p><strong>&#8211; R\u00e9alisez votre 1er d\u00e9p\u00f4t puis placez votre 1er pari (Minimum 5\u20ac)<\/strong><\/p>\n<p><strong>&#8211; Une fois votre 1er d\u00e9p\u00f4t et votre 1er pari r\u00e9alis\u00e9s, l\u2019int\u00e9gralit\u00e9 du montant de ce 1er pari sera cr\u00e9dit\u00e9e sur votre compte joueur dans la limite de 100\u20ac maximum et sous la forme de cr\u00e9dits de jeu non retirables. Le cr\u00e9dit s\u2019effectuera alors en une seule \u00e9tape et sous 3 jours<\/strong><\/p>\n<p><strong>Jouer comporte des risques : endettement, d\u00e9pendance\u2026 Appelez le 09 74 75 13 13 (appel non surtax\u00e9)<\/strong><\/p>\n","protected":false},"excerpt":{"rendered":"Publi\u00e9 le 23\/12\/2025 \u00e0 20h06 3 minutes de lecture F\u00e9ru de sport et plus particuli\u00e8rement de ballon rond&hellip;\n","protected":false},"author":2,"featured_media":618595,"comment_status":"","ping_status":"","sticky":false,"template":"","format":"standard","meta":{"footnotes":""},"categories":[2815],"tags":[1111,11,1777,674,1011,27,811,1307,12,25],"class_list":{"0":"post-618594","1":"post","2":"type-post","3":"status-publish","4":"format-standard","5":"has-post-thumbnail","7":"category-lille","8":"tag-actu","9":"tag-actualites","10":"tag-eu","11":"tag-europe","12":"tag-fr","13":"tag-france","14":"tag-hauts-de-france","15":"tag-lille","16":"tag-news","17":"tag-republique-francaise"},"share_on_mastodon":{"url":"https:\/\/pubeurope.com\/@fr\/115770781601160058","error":""},"_links":{"self":[{"href":"https:\/\/www.europesays.com\/fr\/wp-json\/wp\/v2\/posts\/618594","targetHints":{"allow":["GET"]}}],"collection":[{"href":"https:\/\/www.europesays.com\/fr\/wp-json\/wp\/v2\/posts"}],"about":[{"href":"https:\/\/www.europesays.com\/fr\/wp-json\/wp\/v2\/types\/post"}],"author":[{"embeddable":true,"href":"https:\/\/www.europesays.com\/fr\/wp-json\/wp\/v2\/users\/2"}],"replies":[{"embeddable":true,"href":"https:\/\/www.europesays.com\/fr\/wp-json\/wp\/v2\/comments?post=618594"}],"version-history":[{"count":0,"href":"https:\/\/www.europesays.com\/fr\/wp-json\/wp\/v2\/posts\/618594\/revisions"}],"wp:featuredmedia":[{"embeddable":true,"href":"https:\/\/www.europesays.com\/fr\/wp-json\/wp\/v2\/media\/618595"}],"wp:attachment":[{"href":"https:\/\/www.europesays.com\/fr\/wp-json\/wp\/v2\/media?parent=618594"}],"wp:term":[{"taxonomy":"category","embeddable":true,"href":"https:\/\/www.europesays.com\/fr\/wp-json\/wp\/v2\/categories?post=618594"},{"taxonomy":"post_tag","embeddable":true,"href":"https:\/\/www.europesays.com\/fr\/wp-json\/wp\/v2\/tags?post=618594"}],"curies":[{"name":"wp","href":"https:\/\/api.w.org\/{rel}","templated":true}]}}