{"id":618606,"date":"2025-12-23T20:38:22","date_gmt":"2025-12-23T20:38:22","guid":{"rendered":"https:\/\/www.europesays.com\/fr\/618606\/"},"modified":"2025-12-23T20:38:22","modified_gmt":"2025-12-23T20:38:22","slug":"un-homme-menace-violemment-des-enfants-juifs-a-laeroport-de-charles-de-gaulle","status":"publish","type":"post","link":"https:\/\/www.europesays.com\/fr\/618606\/","title":{"rendered":"un homme menace violemment des enfants juifs \u00e0 l&rsquo;a\u00e9roport de Charles-de-Gaulle"},"content":{"rendered":"<p>                    Par<br \/>\n        <strong><br \/>\n            <a href=\"https:\/\/actu.fr\/auteur\/thomas-rideau\" title=\"Consulter tous les articles de Thomas Rideau\" target=\"_blank\" rel=\"noopener\">Thomas Rideau<\/a><br \/>\n                    <\/strong><\/p>\n<p>        Publi\u00e9 le<\/p>\n<p>            23 d\u00e9c. 2025 \u00e0 10h58        <\/p>\n<p>La vid\u00e9o a beaucoup tourn\u00e9 en l\u2019espace de 24h sur les r\u00e9seaux sociaux. Elle montre une sc\u00e8ne tourn\u00e9e \u00e0 l\u2019a\u00e9roport de <a href=\"https:\/\/actu.fr\/tag\/aeroport-roissy-charles-de-gaulle\" target=\"_blank\" rel=\"noopener\">Roissy Charles-de-Gaulle (Seine-Saint-Denis)<\/a>. On y voit un homme <strong>menacer des enfants juifs<\/strong>. Cons\u00e9quence\u2009: dans la soir\u00e9e du 22\u00a0d\u00e9cembre 2025, le pr\u00e9fet de police a fait savoir que des investigations \u00e9taient en cours pour identifier l\u2019individu.<\/p>\n<p>\u00ab\u2009Des propos inadmissibles et insupportables\u2009\u00bb<\/p>\n<p class=\" wall-content\">\u00ab\u2009Indignation face \u00e0 ces <strong>propos inadmissibles et insupportables<\/strong>. Ils ne resteront pas impunis\u2009\u00bb, a lanc\u00e9 le pr\u00e9fet de police sur ses r\u00e9seaux sociaux. Sur la vid\u00e9o rep\u00e9r\u00e9e par le compte X <a href=\"https:\/\/x.com\/SwordOfSalomon\">SwordOfSalomon<\/a> on voit <strong>deux enfants<\/strong> en train de jouer aux jeux vid\u00e9o dans un espace d\u00e9di\u00e9 de l\u2019a\u00e9roport de Roissy. Un homme s\u2019approche d\u2019eux et les menace de jeter leur kippa \u00e0 terre s\u2019ils ne lui laissent pas la place devant les consoles de jeu avant de s\u2019exclamer\u2009: \u00ab\u2009cochon, danse, cochon.\u2009\u00bb<\/p>\n<p class=\" wall-content\">\n<p class=\" wall-content\">\u00ab\u2009Les investigations de la police sont en cours pour identifier l\u2019individu et<strong> le traduire devant la Justice<\/strong>. [\u2026] La lutte contre la haine, les discriminations, le racisme est une priorit\u00e9\u2009\u00bb, a pr\u00e9cis\u00e9 le pr\u00e9fet de police.<\/p>\n<p class=\" wall-content\">D\u2019apr\u00e8s les \u00e9l\u00e9ments recueillis par les internautes, la vid\u00e9o a \u00e9t\u00e9 tourn\u00e9e le 25\u00a0juin mais n\u2019a \u00e9t\u00e9 publi\u00e9e que ce 19\u00a0d\u00e9cembre 2025.<\/p>\n<p class=\" wall-content\">Personnalisez votre actualit\u00e9 en ajoutant vos villes et m\u00e9dias en favori avec <a href=\"https:\/\/moncompte.actu.fr\" title=\"D\u00e9couvez Mon Actu\" rel=\"nofollow noopener\" data-trk=\"{&quot;cta&quot;:{&quot;action&quot;:&quot;https:\\\/\\\/moncompte.actu.fr&quot;,&quot;category&quot;:&quot;mon compte&quot;,&quot;from&quot;:&quot;article footer&quot;,&quot;name&quot;:&quot;Mon actu&quot;,&quot;type&quot;:&quot;cta&quot;}}\" target=\"_blank\">Mon Actu<\/a>.<\/p>\n","protected":false},"excerpt":{"rendered":"Par Thomas Rideau Publi\u00e9 le 23 d\u00e9c. 2025 \u00e0 10h58 La vid\u00e9o a beaucoup tourn\u00e9 en l\u2019espace de&hellip;\n","protected":false},"author":2,"featured_media":618607,"comment_status":"","ping_status":"","sticky":false,"template":"","format":"standard","meta":{"footnotes":""},"categories":[1888],"tags":[1111,1928,11,1927,10045,6155,1777,674,118,1011,27,12,1926,626,1925,25,938],"class_list":{"0":"post-618606","1":"post","2":"type-post","3":"status-publish","4":"format-standard","5":"has-post-thumbnail","7":"category-paris","8":"tag-actu","9":"tag-actu-paris","10":"tag-actualites","11":"tag-actualites-paris","12":"tag-aeroport-roissy-charles-de-gaulle","13":"tag-antisemitisme","14":"tag-eu","15":"tag-europe","16":"tag-faits-divers","17":"tag-fr","18":"tag-france","19":"tag-news","20":"tag-news-paris","21":"tag-paris","22":"tag-paris-news","23":"tag-republique-francaise","24":"tag-reseaux-sociaux"},"share_on_mastodon":{"url":"https:\/\/pubeurope.com\/@fr\/115770812415176959","error":""},"_links":{"self":[{"href":"https:\/\/www.europesays.com\/fr\/wp-json\/wp\/v2\/posts\/618606","targetHints":{"allow":["GET"]}}],"collection":[{"href":"https:\/\/www.europesays.com\/fr\/wp-json\/wp\/v2\/posts"}],"about":[{"href":"https:\/\/www.europesays.com\/fr\/wp-json\/wp\/v2\/types\/post"}],"author":[{"embeddable":true,"href":"https:\/\/www.europesays.com\/fr\/wp-json\/wp\/v2\/users\/2"}],"replies":[{"embeddable":true,"href":"https:\/\/www.europesays.com\/fr\/wp-json\/wp\/v2\/comments?post=618606"}],"version-history":[{"count":0,"href":"https:\/\/www.europesays.com\/fr\/wp-json\/wp\/v2\/posts\/618606\/revisions"}],"wp:featuredmedia":[{"embeddable":true,"href":"https:\/\/www.europesays.com\/fr\/wp-json\/wp\/v2\/media\/618607"}],"wp:attachment":[{"href":"https:\/\/www.europesays.com\/fr\/wp-json\/wp\/v2\/media?parent=618606"}],"wp:term":[{"taxonomy":"category","embeddable":true,"href":"https:\/\/www.europesays.com\/fr\/wp-json\/wp\/v2\/categories?post=618606"},{"taxonomy":"post_tag","embeddable":true,"href":"https:\/\/www.europesays.com\/fr\/wp-json\/wp\/v2\/tags?post=618606"}],"curies":[{"name":"wp","href":"https:\/\/api.w.org\/{rel}","templated":true}]}}