{"id":618608,"date":"2025-12-23T20:39:19","date_gmt":"2025-12-23T20:39:19","guid":{"rendered":"https:\/\/www.europesays.com\/fr\/618608\/"},"modified":"2025-12-23T20:39:19","modified_gmt":"2025-12-23T20:39:19","slug":"les-supporters-continuent-de-batailler-apres-le-derby","status":"publish","type":"post","link":"https:\/\/www.europesays.com\/fr\/618608\/","title":{"rendered":"les supporters continuent de batailler apr\u00e8s le derby"},"content":{"rendered":"<p>                    Par<br \/>\n        <strong><br \/>\n            <a href=\"https:\/\/actu.fr\/auteur\/emilie-dudonfournier\" title=\"Consulter tous les articles de Emilie Dudon-Fournier\" target=\"_blank\" rel=\"noopener\">Emilie Dudon-Fournier<\/a><br \/>\n                    <\/strong><\/p>\n<p>        Publi\u00e9 le<\/p>\n<p>            23 d\u00e9c. 2025 \u00e0 10h24        <\/p>\n<p>Samedi \u00e0 Jean-Bouin, le <strong>derby<\/strong> francilien entre le<a href=\"https:\/\/actu.fr\/tag\/stade-francais\" target=\"_blank\" rel=\"noopener\"> Stade fran\u00e7ais<\/a> et le <a href=\"https:\/\/actu.fr\/tag\/racing-92\" target=\"_blank\" rel=\"noopener\">Racing 92<\/a> comptant pour la 12e journ\u00e9e du <a href=\"https:\/\/actu.fr\/rugby\/top-14\" target=\"_blank\" rel=\"noopener\">Top\u00a014<\/a> \u00e9tait <strong>bouillant<\/strong>. Et si les deux \u00e9quipes n\u2019ont pas r\u00e9ussi \u00e0 se d\u00e9partager, terminant la rencontre sur un <strong>score de parit\u00e9<\/strong> 20-20 avec un sc\u00e9nario fou dans les 5 derni\u00e8res minutes (carton jaune pour Manu \u00e0 la 77e\u00a0et un essai parisien de Melikidze \u00e0 la 85e), \u00e7a continue de <strong>ferrailler<\/strong> <strong>entre supporters.<\/strong><\/p>\n<p>Communiqu\u00e9s, indignation et chambrage\u2009: la r\u00e9ponse des supporters apr\u00e8s le match nul<\/p>\n<p class=\" wall-content\">En cause, un chant entonn\u00e9 par les membres de l\u2019association de supporters parisiens \u00ab\u2009Virage Lut\u00e8ce\u2009\u00bb qui, \u00e0 la 74e, scandaient notamment des <strong>\u00ab\u2009Tout le monde d\u00e9teste le Racing\u2009\u00bb.<\/strong> Interrog\u00e9 sur le sujet, le manager francilien Patrice Collazo s\u2019en est amus\u00e9\u2009: \u00ab\u2009\u00c7a a d\u00fb les r\u00e9chauffer\u2009\u00bb, a-t-il comment\u00e9 en rigolant, ainsi que le relate <a href=\"https:\/\/rmcsport.bfmtv.com\/rugby\/top-14\/video-sf-paris-20-20-racing-ca-a-du-les-rechauffer-s-amuse-philippe-collazo_VN-202512200283.html\" target=\"_blank\" rel=\"noopener\">RMC<\/a>. \u00ab\u2009On s\u2019en fout\u2026 Non, <strong>j\u2019aime bien quand c\u2019est un peu \u00e9lectrique,<\/strong> quand \u00e7a cogne un peu. Tout \u00e9tait bien, dans un beau stade, bien chauff\u00e9 avec une bonne \u00e9quipe en face. Mais il y avait un beau Racing, un vrai Racing. C\u2019est le plus important\u2009\u00bb.<\/p>\n<p class=\" wall-content\">Relay\u00e9s dans la presse, d\u00e9nonc\u00e9s par de nombreux supporters, les faits ont \u00e9t\u00e9 <strong>assum\u00e9s par les membres de \u00ab\u2009Virage Lut\u00e8ce\u2009\u00bb,<\/strong> qui ont choisi de publier un communiqu\u00e9 sur le sujet lundi matin. Ils y assurent avoir chambr\u00e9 \u00ab\u2009sans insulter. Le chambrage dans un derby fait partie de la culture rugby et sa place \u00e0 Jean-Bouin est aussi l\u00e9gitime que dans tous les autres stades de France [\u2026] Nous sommes les Parisiens et nous continuerons \u00e0 chanter avec nos c\u0153urs, fid\u00e8les \u00e0 nos couleurs\u2009\u00bb.<\/p>\n<p class=\" wall-content\">\n<p>\u00ab\u00a0Ces personnes n\u2019ont rien \u00e0 faire dans nos stades\u2009\u00bb.<\/p>\n<p class=\" wall-content\">En fin d\u2019apr\u00e8s-midi, d\u2019autres groupes de supporters ont tenu \u00e0 r\u00e9agir eux aussi. \u00ab\u2009Le Virage des Dieux\u2009\u00bb et \u00ab\u2009G\u00e9n\u00e9ration Yves-du-Manoir\u2009\u00bb, 2 associations de fans du Stade fran\u00e7ais et du Racing 92, ont conjointement r\u00e9dig\u00e9 un communiqu\u00e9 pour faire part de leur <strong>indignation<\/strong>.<\/p>\n<p class=\" wall-content\">\u00ab\u2009Ce serait du chambrage\u2009? Certainement pas, chambrer c\u2019est se moquer gentiment\u2009\u00bb, indiquent leurs 2 pr\u00e9sidents, assurant que <strong>des gestes \u00ab\u2009inadmissibles, des attitudes agressives et des chants injurieux<\/strong> ont eu lieu autour et dans nos enceintes \u00e0 l\u2019\u00e9gard des supporters et des joueurs\u2009\u00bb.\u00a0\u00ab\u2009Exprimer sa d\u00e9testation par des chants et des gestes obsc\u00e8nes, c\u2019est exprimer la haine. Et nous la rejetons avec la plus grande vigueur. Ces personnes n\u2019ont rien \u00e0 faire dans nos stades\u2009\u00bb.<\/p>\n<p class=\" wall-content\">\n<p class=\" wall-content\">Fin de l\u2019histoire\u2009? Le prochain match du Stade fran\u00e7ais \u00e0 l\u2019occasion de la r\u00e9ception de Castres, le 3\u00a0janvier pour le premier match de la phase retour du Top\u00a014, le dira s\u00fbrement.<\/p>\n<p class=\" wall-content\">Personnalisez votre actualit\u00e9 en ajoutant vos villes et m\u00e9dias en favori avec <a href=\"https:\/\/moncompte.actu.fr\" title=\"D\u00e9couvez Mon Actu\" rel=\"nofollow noopener\" data-trk=\"{&quot;cta&quot;:{&quot;action&quot;:&quot;https:\\\/\\\/moncompte.actu.fr&quot;,&quot;category&quot;:&quot;mon compte&quot;,&quot;from&quot;:&quot;article footer&quot;,&quot;name&quot;:&quot;Mon actu&quot;,&quot;type&quot;:&quot;cta&quot;}}\" target=\"_blank\">Mon Actu<\/a>.<\/p>\n","protected":false},"excerpt":{"rendered":"Par Emilie Dudon-Fournier Publi\u00e9 le 23 d\u00e9c. 2025 \u00e0 10h24 Samedi \u00e0 Jean-Bouin, le derby francilien entre le&hellip;\n","protected":false},"author":2,"featured_media":618609,"comment_status":"","ping_status":"","sticky":false,"template":"","format":"standard","meta":{"footnotes":""},"categories":[1888],"tags":[1111,1928,11,1927,1777,674,1011,27,12,1926,626,1925,5421,25,479,60,2558,478],"class_list":{"0":"post-618608","1":"post","2":"type-post","3":"status-publish","4":"format-standard","5":"has-post-thumbnail","7":"category-paris","8":"tag-actu","9":"tag-actu-paris","10":"tag-actualites","11":"tag-actualites-paris","12":"tag-eu","13":"tag-europe","14":"tag-fr","15":"tag-france","16":"tag-news","17":"tag-news-paris","18":"tag-paris","19":"tag-paris-news","20":"tag-racing-92","21":"tag-republique-francaise","22":"tag-rugby","23":"tag-sports","24":"tag-stade-francais","25":"tag-top-14"},"share_on_mastodon":{"url":"https:\/\/pubeurope.com\/@fr\/115770816906846704","error":""},"_links":{"self":[{"href":"https:\/\/www.europesays.com\/fr\/wp-json\/wp\/v2\/posts\/618608","targetHints":{"allow":["GET"]}}],"collection":[{"href":"https:\/\/www.europesays.com\/fr\/wp-json\/wp\/v2\/posts"}],"about":[{"href":"https:\/\/www.europesays.com\/fr\/wp-json\/wp\/v2\/types\/post"}],"author":[{"embeddable":true,"href":"https:\/\/www.europesays.com\/fr\/wp-json\/wp\/v2\/users\/2"}],"replies":[{"embeddable":true,"href":"https:\/\/www.europesays.com\/fr\/wp-json\/wp\/v2\/comments?post=618608"}],"version-history":[{"count":0,"href":"https:\/\/www.europesays.com\/fr\/wp-json\/wp\/v2\/posts\/618608\/revisions"}],"wp:featuredmedia":[{"embeddable":true,"href":"https:\/\/www.europesays.com\/fr\/wp-json\/wp\/v2\/media\/618609"}],"wp:attachment":[{"href":"https:\/\/www.europesays.com\/fr\/wp-json\/wp\/v2\/media?parent=618608"}],"wp:term":[{"taxonomy":"category","embeddable":true,"href":"https:\/\/www.europesays.com\/fr\/wp-json\/wp\/v2\/categories?post=618608"},{"taxonomy":"post_tag","embeddable":true,"href":"https:\/\/www.europesays.com\/fr\/wp-json\/wp\/v2\/tags?post=618608"}],"curies":[{"name":"wp","href":"https:\/\/api.w.org\/{rel}","templated":true}]}}