{"id":618614,"date":"2025-12-23T20:42:17","date_gmt":"2025-12-23T20:42:17","guid":{"rendered":"https:\/\/www.europesays.com\/fr\/618614\/"},"modified":"2025-12-23T20:42:17","modified_gmt":"2025-12-23T20:42:17","slug":"conference-ministerielle-du-forum-de-partenariat-russie-afrique-au-caire-en-egypte","status":"publish","type":"post","link":"https:\/\/www.europesays.com\/fr\/618614\/","title":{"rendered":"Conf\u00e9rence minist\u00e9rielle du Forum de partenariat Russie-Afrique au Caire en Egypte"},"content":{"rendered":"<p>Forum de partenariat Russie-Afrique, une rencontre d\u2019envergure qui marque un tournant symbolique et politique. Pour la premi\u00e8re fois, cette conf\u00e9rence s\u2019est tenue sur le sol africain, r\u00e9unissant les responsables des Affaires \u00e9trang\u00e8res de 52 \u00c9tats africains ainsi que des repr\u00e9sentants de huit organisations r\u00e9gionales d\u2019int\u00e9gration.<\/p>\n<p>Partenariat strat\u00e9gique fond\u00e9 sur le respect mutuel et le multilat\u00e9ralisme<\/p>\n<p>Le moment central de l\u2019\u00e9v\u00e9nement fut la s\u00e9ance pl\u00e9ni\u00e8re copr\u00e9sid\u00e9e par Sergue\u00ef Lavrov, ministre des Affaires \u00e9trang\u00e8res de la F\u00e9d\u00e9ration de Russie, et Badr Abdelatty, ministre \u00e9gyptien des Affaires \u00e9trang\u00e8res, de l\u2019\u00c9migration et des \u00c9gyptiens \u00e0 l\u2019\u00e9tranger. Des messages officiels du pr\u00e9sident russe Vladimir Poutine et du pr\u00e9sident \u00e9gyptien Abdel Fattah al-Sissi ont r\u00e9affirm\u00e9 la volont\u00e9 commune de consolider un partenariat strat\u00e9gique fond\u00e9 sur le respect mutuel et le multilat\u00e9ralisme.<br class=\"autobr\"\/><br \/>\nLes travaux ont permis une v\u00e9ritable \u00ab\u00a0synchronisation des agendas\u00a0\u00bb autour de la mise en \u0153uvre du Plan d\u2019action Russie-Afrique 2023-2026, adopt\u00e9 lors du sommet de Saint-P\u00e9tersbourg en 2023. Les \u00e9changes ont port\u00e9 sur le commerce, l\u2019investissement, l\u2019\u00e9nergie, l\u2019agriculture, l\u2019\u00e9ducation, la sant\u00e9, la jeunesse, la s\u00e9curit\u00e9 et le transfert de technologies, avec une attention particuli\u00e8re aux perspectives concr\u00e8tes de coop\u00e9ration \u00e9conomique.<br class=\"autobr\"\/><br \/>\n\u00c0 l\u2019issue de la conf\u00e9rence, une d\u00e9claration conjointe a \u00e9t\u00e9 adopt\u00e9e, traduisant une convergence de vues sur les grands enjeux mondiaux et la volont\u00e9 de pr\u00e9parer activement le troisi\u00e8me Sommet Russie-Afrique pr\u00e9vu en 2026.<\/p>\n<p>Madagascar, acteur engag\u00e9 d\u2019une diplomatie d\u2019ouverture<\/p>\n<p>Madagascar a pris part \u00e0 cette rencontre de haut niveau \u00e0 travers une d\u00e9l\u00e9gation conduite par Rakotonandrasana Hanitra Velonjara Tiaray, ministre de l\u2019Int\u00e9rieur et de la D\u00e9centralisation. Cette participation s\u2019inscrit dans la continuit\u00e9 des engagements africains du pays et de sa diplomatie d\u2019ouverture, au service de l\u2019Agenda 2063\u00a0: \u201cL\u2019Afrique que nous voulons\u201d et du processus de refondation nationale.<br class=\"autobr\"\/><br \/>\nLe chef de la d\u00e9l\u00e9gation malgache a plaid\u00e9 pour un partenariat inclusif et \u00e9quilibr\u00e9, fond\u00e9 sur des plans d\u2019actions concrets et orient\u00e9s vers une prosp\u00e9rit\u00e9 partag\u00e9e. Il a \u00e9galement pr\u00e9sent\u00e9 les avanc\u00e9es r\u00e9centes du processus de refondation en cours \u00e0 Madagascar, soulignant l\u2019importance de partenariats diversifi\u00e9s pour accompagner le d\u00e9veloppement.<\/p>\n<p>Rencontres de haut niveau et coop\u00e9ration bilat\u00e9rale<\/p>\n<p>En marge de la conf\u00e9rence, les chefs de d\u00e9l\u00e9gation africains ont \u00e9t\u00e9 re\u00e7us par le pr\u00e9sident \u00e9gyptien Abdel Fattah al-Sissi, qui a insist\u00e9 sur le r\u00f4le central du multilat\u00e9ralisme face aux d\u00e9fis du d\u00e9veloppement africain. Par ailleurs, une rencontre bilat\u00e9rale entre la d\u00e9l\u00e9gation malagasy et Abu Bakr Hefny Mahmoud, vice-ministre \u00e9gyptien des Affaires \u00e9trang\u00e8res, a permis d\u2019explorer de nouvelles pistes de coop\u00e9ration entre Madagascar et l\u2019\u00c9gypte, en coh\u00e9rence avec les priorit\u00e9s du Gouvernement de la Refondation.<br class=\"autobr\"\/><br \/>\n\u00c0 travers cette conf\u00e9rence, Le Caire s\u2019est impos\u00e9 comme un carrefour diplomatique majeur, illustrant la mont\u00e9e en puissance d\u2019une Afrique actrice de son destin dans un monde de plus en plus multipolaire.<\/p>\n<p><strong>M.M.<\/strong><\/p>\n<p>\t<a href=\"https:\/\/www.temoignages.re\/politique\/actualites-politiques\/le-pcr-demande-la-creation-d-une-commission-d-enquete-parlementaire-sur-la-reparation-de-l-esclavage-francais-a-la-reunion\" class=\"image\" target=\"_blank\" rel=\"noopener\"><img decoding=\"async\" src=\"https:\/\/www.europesays.com\/fr\/wp-content\/uploads\/2025\/12\/c82db54d1ccd914c2358d8e95f73c1.jpg\" alt=\"\"\/><\/a><br \/>\n\t<a href=\"https:\/\/www.temoignages.re\/politique\/actualites-politiques\/le-pcr-demande-la-creation-d-une-commission-d-enquete-parlementaire-sur-la-reparation-de-l-esclavage-francais-a-la-reunion\" target=\"_blank\" rel=\"noopener\">Le PCR demande la cr\u00e9ation d\u2019une commission d\u2019enqu\u00eate parlementaire sur la r\u00e9paration de l\u2019esclavage fran\u00e7ais \u00e0 La R\u00e9union<\/a><br \/>\n\t<strong>24 d\u00e9cembre, par  <a href=\"https:\/\/www.temoignages.re\/auteur\/parti-communiste-reunionnais\" target=\"_blank\" rel=\"noopener\">Parti Communiste R\u00e9unionnais<\/a><\/strong><\/p>\n<p>Lettre ouverte aux parlementaires de La R\u00e9union<\/p>\n<p>\t<a href=\"https:\/\/www.temoignages.re\/chroniques\/ote\/si-in-moune-i-malparl-in-ot-avek-ou-tarde-pa-li-sava-ossi-malparl-de-ou\" class=\"image\" target=\"_blank\" rel=\"noopener\"><img decoding=\"async\" src=\"https:\/\/www.europesays.com\/fr\/wp-content\/uploads\/2025\/12\/2caffef30d41e2f3ff5d7e125d944f.jpg\" alt=\"\"\/><\/a><br \/>\n\t<a href=\"https:\/\/www.temoignages.re\/chroniques\/ote\/si-in-moune-i-malparl-in-ot-avek-ou-tarde-pa-li-sava-ossi-malparl-de-ou\" target=\"_blank\" rel=\"noopener\">\u00ab\u00a0Si in moune i malparl in ot av\u00e8k ou, tarde pa li sava ossi malparl de ou\u00a0\u00bb<\/a><br \/>\n\t<strong>24 d\u00e9sanm, sanm <a href=\"https:\/\/www.temoignages.re\/auteur\/justin\" target=\"_blank\" rel=\"noopener\">Justin<\/a><\/strong><\/p>\n<p>In kozman pou la rout<\/p>\n<p>\t<a href=\"https:\/\/www.temoignages.re\/international\/monde\/conference-ministerielle-du-forum-de-partenariat-russie-afrique-au-caire-en-egypte\" class=\"image\" target=\"_blank\" rel=\"noopener\"><img decoding=\"async\" src=\"https:\/\/www.europesays.com\/fr\/wp-content\/uploads\/2025\/12\/df19e138f9781f00f254605a8ef0e0.jpg\" alt=\"\"\/><\/a><br \/>\n\t<a href=\"https:\/\/www.temoignages.re\/international\/monde\/conference-ministerielle-du-forum-de-partenariat-russie-afrique-au-caire-en-egypte\" target=\"_blank\" rel=\"noopener\">Conf\u00e9rence minist\u00e9rielle du Forum de partenariat Russie-Afrique au Caire en Egypte<\/a><br \/>\n\t<strong>24 d\u00e9cembre, par  <a href=\"https:\/\/www.temoignages.re\/auteur\/manuel-marchal\" target=\"_blank\" rel=\"noopener\">Manuel Marchal<\/a><\/strong><\/p>\n<p>Le monde a chang\u00e9, et La R\u00e9union ?<\/p>\n<p>\t<a href=\"https:\/\/www.temoignages.re\/chroniques\/di-sak-na-pou-di\/noel-un-appel-a-la-reconciliation\" class=\"image\" target=\"_blank\" rel=\"noopener\"><img decoding=\"async\" src=\"https:\/\/www.europesays.com\/fr\/wp-content\/uploads\/2025\/12\/0e3f80485c129f3026144095ee0671.jpg\" alt=\"\"\/><\/a><br \/>\n\t<a href=\"https:\/\/www.temoignages.re\/chroniques\/di-sak-na-pou-di\/noel-un-appel-a-la-reconciliation\" target=\"_blank\" rel=\"noopener\">No\u00ebl, un appel \u00e0 la r\u00e9conciliation<\/a><br \/>\n\t<strong>24 d\u00e9cembre, par  <a href=\"https:\/\/www.temoignages.re\/auteur\/reynolds-michel\" target=\"_blank\" rel=\"noopener\">Reynolds\u00a0Michel<\/a><\/strong><\/p>\n<p>\u00ab Si tu n\u2019esp\u00e8res pas, tu ne rencontreras pas l\u2019inesp\u00e9r\u00e9 \u00bb H\u00e9raclite d\u2019Eph\u00e8se <\/p>\n<p>  \u00c0 No\u00ebl 1914, en pleine Premi\u00e8re Guerre mondiale, la magie\u00a0(\u2026)<\/p>\n<p>\t<a href=\"https:\/\/www.temoignages.re\/journal-temoignages-en-pdf\/temoignages-no21955-du-mercredi-24-decembre-2025-81e-annee\" class=\"image\" target=\"_blank\" rel=\"noopener\"><img decoding=\"async\" src=\"https:\/\/www.europesays.com\/fr\/wp-content\/uploads\/2025\/12\/7d3e2663c805c3c4d0c9af9d5840e3.jpg\" alt=\"\"\/><\/a><br \/>\n\t<a href=\"https:\/\/www.temoignages.re\/journal-temoignages-en-pdf\/temoignages-no21955-du-mercredi-24-decembre-2025-81e-annee\" target=\"_blank\" rel=\"noopener\">T\u00e9moignages n\u00b021955 du mercredi 24 d\u00e9cembre 2025 &#8211; 81e ann\u00e9e<\/a><br \/>\n\t<strong>24 d\u00e9cembre<\/strong><\/p>\n<p>Lettre ouverte aux parlementaires de La R\u00e9union<\/p>\n<p> Le PCR demande la cr\u00e9ation d\u2019une commission d\u2019enqu\u00eate parlementaire sur la r\u00e9paration de\u00a0(\u2026)<\/p>\n<p>\t<a href=\"https:\/\/www.temoignages.re\/economie\/bourbon-vendu-a-des-fonds-d-investissement-americains-illustration-de-la-faillite-du-capitalisme-reunionnais\" class=\"image\" target=\"_blank\" rel=\"noopener\"><img decoding=\"async\" src=\"https:\/\/www.europesays.com\/fr\/wp-content\/uploads\/2025\/12\/efe55f3298957ce5e4cb1955104feb.jpg\" alt=\"\"\/><\/a><br \/>\n\t<a href=\"https:\/\/www.temoignages.re\/economie\/bourbon-vendu-a-des-fonds-d-investissement-americains-illustration-de-la-faillite-du-capitalisme-reunionnais\" target=\"_blank\" rel=\"noopener\">Bourbon vendu \u00e0 des fonds d\u2019investissement am\u00e9ricains\u00a0: illustration de la faillite du capitalisme r\u00e9unionnais<\/a><br \/>\n\t<strong>23 d\u00e9cembre, par  <a href=\"https:\/\/www.temoignages.re\/auteur\/manuel-marchal\" target=\"_blank\" rel=\"noopener\">Manuel Marchal<\/a><\/strong><\/p>\n<p>Les richesses cr\u00e9\u00e9es par les travailleurs r\u00e9unionnais alimentent des amis de Trump<\/p>\n","protected":false},"excerpt":{"rendered":"Forum de partenariat Russie-Afrique, une rencontre d\u2019envergure qui marque un tournant symbolique et politique. Pour la premi\u00e8re fois,&hellip;\n","protected":false},"author":2,"featured_media":618615,"comment_status":"","ping_status":"","sticky":false,"template":"","format":"standard","meta":{"footnotes":""},"categories":[1591],"tags":[69853,11,1887,8459,10457,12,1885,1886,132],"class_list":{"0":"post-618614","1":"post","2":"type-post","3":"status-publish","4":"format-standard","5":"has-post-thumbnail","7":"category-russie","8":"tag-a-la-une-de-lactu","9":"tag-actualites","10":"tag-federation-de-russie","11":"tag-madagascar","12":"tag-mondialisation","13":"tag-news","14":"tag-russia","15":"tag-russian-federation","16":"tag-russie"},"share_on_mastodon":{"url":"https:\/\/pubeurope.com\/@fr\/115770829584556971","error":""},"_links":{"self":[{"href":"https:\/\/www.europesays.com\/fr\/wp-json\/wp\/v2\/posts\/618614","targetHints":{"allow":["GET"]}}],"collection":[{"href":"https:\/\/www.europesays.com\/fr\/wp-json\/wp\/v2\/posts"}],"about":[{"href":"https:\/\/www.europesays.com\/fr\/wp-json\/wp\/v2\/types\/post"}],"author":[{"embeddable":true,"href":"https:\/\/www.europesays.com\/fr\/wp-json\/wp\/v2\/users\/2"}],"replies":[{"embeddable":true,"href":"https:\/\/www.europesays.com\/fr\/wp-json\/wp\/v2\/comments?post=618614"}],"version-history":[{"count":0,"href":"https:\/\/www.europesays.com\/fr\/wp-json\/wp\/v2\/posts\/618614\/revisions"}],"wp:featuredmedia":[{"embeddable":true,"href":"https:\/\/www.europesays.com\/fr\/wp-json\/wp\/v2\/media\/618615"}],"wp:attachment":[{"href":"https:\/\/www.europesays.com\/fr\/wp-json\/wp\/v2\/media?parent=618614"}],"wp:term":[{"taxonomy":"category","embeddable":true,"href":"https:\/\/www.europesays.com\/fr\/wp-json\/wp\/v2\/categories?post=618614"},{"taxonomy":"post_tag","embeddable":true,"href":"https:\/\/www.europesays.com\/fr\/wp-json\/wp\/v2\/tags?post=618614"}],"curies":[{"name":"wp","href":"https:\/\/api.w.org\/{rel}","templated":true}]}}