{"id":618616,"date":"2025-12-23T20:43:17","date_gmt":"2025-12-23T20:43:17","guid":{"rendered":"https:\/\/www.europesays.com\/fr\/618616\/"},"modified":"2025-12-23T20:43:17","modified_gmt":"2025-12-23T20:43:17","slug":"lukraine-se-retire-dune-ville-de-lest-la-russie-poursuit-ses-frappes-23-12-2025-a-1952","status":"publish","type":"post","link":"https:\/\/www.europesays.com\/fr\/618616\/","title":{"rendered":"L&rsquo;Ukraine se retire d&rsquo;une ville de l&rsquo;est, la Russie poursuit ses frappes &#8211; 23\/12\/2025 \u00e0 19:52"},"content":{"rendered":"<p>        <img decoding=\"async\" src=\"https:\/\/www.europesays.com\/fr\/wp-content\/uploads\/2025\/12\/1bc7df79be156fc98874c540fb8c2cb5-760x507.jpg\" alt=\"Des ouvriers d\u00e9gagent les d\u00e9bris du toit d'un immeuble r\u00e9sidentiel fortement endommag\u00e9 apr\u00e8s une frappe de drone russe \u00e0 Kyiv, le 23 d\u00e9cembre 2025 en Ukraine ( AFP \/ Roman PILIPEY )\" loading=\"eager\" fetchpriority=\"high\" width=\"760\" height=\"507\" style=\"max-width: 100%!important; height: auto;\"\/><\/p>\n<p class=\"c-image-news__legend\">Des ouvriers d\u00e9gagent les d\u00e9bris du toit d&rsquo;un immeuble r\u00e9sidentiel fortement endommag\u00e9 apr\u00e8s une frappe de drone russe \u00e0 Kyiv, le 23 d\u00e9cembre 2025 en Ukraine ( AFP \/ Roman PILIPEY )<\/p>\n<p>\n L&rsquo;arm\u00e9e ukrainienne a annonc\u00e9 mardi s&rsquo;\u00eatre retir\u00e9e de la petite ville de Siversk, dans l&rsquo;est du pays, sous la pression des forces russes qui par ailleurs poursuivent leurs frappes meurtri\u00e8res \u00e0 deux jours de No\u00ebl, notamment sur le syst\u00e8me \u00e9nerg\u00e9tique du pays.\n<\/p>\n<p>\n \u00ab\u00a0Afin de pr\u00e9server la vie de nos soldats et la capacit\u00e9 de combat de nos unit\u00e9s, les d\u00e9fenseurs ukrainiens se sont retir\u00e9s\u00a0\u00bb de Siversk, a indiqu\u00e9 sur Telegram l&rsquo;\u00e9tat-major de l&rsquo;arm\u00e9e ukrainienne.\n<\/p>\n<p>\n Les troupes de Moscou \u00ab\u00a0disposent d&rsquo;un avantage significatif en termes d&rsquo;effectifs et d&rsquo;\u00e9quipement et, malgr\u00e9 des pertes importantes, poursuivent leurs op\u00e9rations offensives\u00a0\u00bb, a ajout\u00e9 l&rsquo;\u00e9tat-major.\n<\/p>\n<p>        <img decoding=\"async\" src=\"https:\/\/www.europesays.com\/fr\/wp-content\/uploads\/2025\/12\/2a531b30419717b69dd00e5c5c2bc21d-760x507.jpg\" alt=\"Photo prise et diffus\u00e9e par les services d'urgence ukrainiens, le 23 d\u00e9cembre 2025, montrant un secouriste ukrainien luttant contre un incendie apr\u00e8s une frappe de drone russe dans la r\u00e9gion de Tchernihiv ( Services d'urgence ukrainiens \/ Handout )\" loading=\"eager\" fetchpriority=\"high\" width=\"760\" height=\"507\" style=\"max-width: 100%!important; height: auto;\"\/><\/p>\n<p class=\"c-image-news__legend\">Photo prise et diffus\u00e9e par les services d&rsquo;urgence ukrainiens, le 23 d\u00e9cembre 2025, montrant un secouriste ukrainien luttant contre un incendie apr\u00e8s une frappe de drone russe dans la r\u00e9gion de Tchernihiv ( Services d&rsquo;urgence ukrainiens \/ Handout )<\/p>\n<p>\n La Russie avait revendiqu\u00e9 il y a deux semaines la prise de Siversk, l&rsquo;un des derniers verrous avant les villes importantesde la r\u00e9gion encore sous contr\u00f4le ukrainien, Kramatorsk et Sloviansk.\n<\/p>\n<p>\n Siversk, qui omptait environ 11.000 habitants avant la guerre, est aujourd&rsquo;hui en grande partie d\u00e9truite.\n<\/p>\n<p>\n Des frappes russes d&rsquo;ampleur ont par ailleurs vis\u00e9 le secteur \u00e9nerg\u00e9tique ukrainien, tuant trois personnes et provoquant de nouvelles coupures de courant.\n<\/p>\n<p>\n Ces derniers mois, la Russie a frapp\u00e9 \u00e0 de multiples reprises les infrastructures \u00e9lectriques et gazi\u00e8res de l&rsquo;Ukraine, mettant \u00e0 rude \u00e9preuve le r\u00e9seau \u00e9nerg\u00e9tique en plein hiver.\n<\/p>\n<p> &#8211; 635 drones et 38 missiles &#8211;<\/p>\n<p>\n Dans la nuit de lundi \u00e0 mardi, elle a vis\u00e9 le pays avec 635 drones et 38 missiles, dont respectivement 587 et 34 ont \u00e9t\u00e9 abattus, selon les chiffres de l&rsquo;arm\u00e9e de l&rsquo;air ukrainienne.\n<\/p>\n<p>        <img decoding=\"async\" src=\"https:\/\/www.europesays.com\/fr\/wp-content\/uploads\/2025\/12\/a20cce54806ead7dd0581c48bd111a93-760x507.jpg\" alt=\"Une rue plong\u00e9e dans l'obscurit\u00e9 lors d'une panne de courant \u00e0 Odessa, dans le sud de l'Ukraine, apr\u00e8s des attaques de missiles et de drones russes contre les infrastructures \u00e9nerg\u00e9tiques ukrainiennes, le 22 d\u00e9cembre 2025\u00a0 ( AFP \/ Oleksandr GIMANOV )\" loading=\"eager\" fetchpriority=\"high\" width=\"760\" height=\"507\" style=\"max-width: 100%!important; height: auto;\"\/><\/p>\n<p class=\"c-image-news__legend\">Une rue plong\u00e9e dans l&rsquo;obscurit\u00e9 lors d&rsquo;une panne de courant \u00e0 Odessa, dans le sud de l&rsquo;Ukraine, apr\u00e8s des attaques de missiles et de drones russes contre les infrastructures \u00e9nerg\u00e9tiques ukrainiennes, le 22 d\u00e9cembre 2025\u00a0 ( AFP \/ Oleksandr GIMANOV )<\/p>\n<p>\n Le pr\u00e9sident Volodymyr Zelensky a fait \u00e9tat de treize r\u00e9gions du pays vis\u00e9es, dont la capitale Kiev, o\u00f9 l&rsquo;alerte antia\u00e9rienne a sonn\u00e9 pendant plus de quatre heures mardi matin.\n<\/p>\n<p>\n Trois personnes ont \u00e9t\u00e9 tu\u00e9es: une dans la r\u00e9gion de Kiev, une autre dans celle de Khmelnytsky (ouest) et une fillette dans celle de Jytomyr (centre-ouest), selon les autorit\u00e9s locales. Plus de dix personnes, dont des enfants, ont \u00e9t\u00e9 bless\u00e9es.\n<\/p>\n<p>\n Ces frappes ont d\u00e9clench\u00e9 des coupures de courant d&rsquo;urgence dans plusieurs r\u00e9gions ukrainiennes.\n<\/p>\n<p>\n Mardi en d\u00e9but de soir\u00e9e, le minist\u00e8re de l&rsquo;Energie a indiqu\u00e9 qu&rsquo;apr\u00e8s cette attaque \u00ab\u00a0massive\u00a0\u00bb, les services concern\u00e9s \u00ab\u00a0stabilisaient progressivement la situation\u00a0\u00bb.\n<\/p>\n<p>\n \u00ab\u00a0Les mesures de restriction de la consommation restent en vigueur dans toutes les r\u00e9gions\u00a0\u00bb, a ajout\u00e9 le minist\u00e8re.\n<\/p>\n<p> &#8211; \u00ab\u00a0Strat\u00e9gie cynique\u00a0\u00bb &#8211;<\/p>\n<p>\n \u00ab\u00a0Le moment choisi pour cette attaque \u2013 deux jours avant No\u00ebl et pendant la premi\u00e8re vague de froid prolong\u00e9e de l&rsquo;hiver \u2013 souligne la strat\u00e9gie cynique de la Russie\u00a0\u00bb, a d\u00e9nonc\u00e9 l&rsquo;op\u00e9rateur \u00e9lectrique priv\u00e9 DTEK.\n<\/p>\n<p>        <img decoding=\"async\" src=\"https:\/\/www.europesays.com\/fr\/wp-content\/uploads\/2025\/12\/fc0588568728f6a427e4a1409d100ec1-760x507.jpg\" alt=\"Des immeubles r\u00e9sidentiels dans la ville d'Odessa, dans le sud de l'Ukraine, o\u00f9 certains quartiers sont priv\u00e9s d'\u00e9lectricit\u00e9, apr\u00e8s des attaques de missiles et de drones russes contre les infrastructures \u00e9nerg\u00e9tiques ukrainiennes, le 22 d\u00e9cembre 2025\u00a0 ( AFP \/ Oleksandr GIMANOV )\" loading=\"eager\" fetchpriority=\"high\" width=\"760\" height=\"507\" style=\"max-width: 100%!important; height: auto;\"\/><\/p>\n<p class=\"c-image-news__legend\">Des immeubles r\u00e9sidentiels dans la ville d&rsquo;Odessa, dans le sud de l&rsquo;Ukraine, o\u00f9 certains quartiers sont priv\u00e9s d&rsquo;\u00e9lectricit\u00e9, apr\u00e8s des attaques de missiles et de drones russes contre les infrastructures \u00e9nerg\u00e9tiques ukrainiennes, le 22 d\u00e9cembre 2025\u00a0 ( AFP \/ Oleksandr GIMANOV )<\/p>\n<p>\n La r\u00e9gion m\u00e9ridionale d&rsquo;Odessa, frapp\u00e9e \u00e0 plusieurs reprises ces derni\u00e8res semaines en r\u00e9ponse \u00e0 des attaques ukrainiennes sur des p\u00e9troliers li\u00e9s \u00e0 la Russie en mer Noire et en M\u00e9diterran\u00e9e, a notamment \u00e9t\u00e9 vis\u00e9e.\n<\/p>\n<p>\n Olena Dolkhatchova, une enseignante de math\u00e9matiques de 40 ans, a racont\u00e9 \u00e0 l&rsquo;AFP devoir d\u00e9sormais travailler \u00e0 la lumi\u00e8re des bougies.\n<\/p>\n<p>\n \u00ab\u00a0Malgr\u00e9 tout, nous travaillons, nous faisons cours. (&#8230;) Nous n&rsquo;abandonnons pas\u00a0\u00bb, a-t-elle poursuivi.\n<\/p>\n<p>\n Selon Anastassia Koulakivska, g\u00e9rante d&rsquo;un salon de beaut\u00e9, \u00ab\u00a0sept jours sans \u00e9lectricit\u00e9 sont devenus la norme \u00e0 Odessa\u00a0\u00bb.\n<\/p>\n<p>\n Comme lors des pr\u00e9c\u00e9dentes frappes, le minist\u00e8re russe de la D\u00e9fense a indiqu\u00e9 avoir frapp\u00e9 \u00ab\u00a0des entreprises du complexe militaro-industriel ukrainien et des installations \u00e9nerg\u00e9tiques assurant leur fonctionnement\u00a0\u00bb.\n<\/p>\n<p>\n Le directeur de la centrale nucl\u00e9aire de Tchernobyl, Sergiy Tarakanov, a mis en garde contre le risque qu&rsquo;une frappe russe provoque l&rsquo;effondrement du \u00ab\u00a0sarcophage\u00a0\u00bb de confinement du r\u00e9acteur accident\u00e9 en 1986.\n<\/p>\n<p>\n \u00ab\u00a0Personne ne peut garantir que l&rsquo;abri restera debout apr\u00e8s cela\u00a0\u00bb, a-t-il dit \u00e0 l&rsquo;AFP.\n<\/p>\n<p> &#8211; \u00ab\u00a0Signal extr\u00eamement clair\u00a0\u00bb &#8211;<\/p>\n<p>\n De son c\u00f4t\u00e9, le pr\u00e9sident Volodymyr Zelensky a estim\u00e9 que ces frappes \u00ab\u00a0envoient un signal extr\u00eamement clair sur les priorit\u00e9s de la Russie\u00a0\u00bb, au moment o\u00f9 Washington d\u00e9ploie des efforts diplomatiques pour mettre fin au conflit.\n<\/p>\n<p>\n Une s\u00e9rie de rencontres s\u00e9par\u00e9es entre n\u00e9gociateurs russe et ukrainien et les Am\u00e9ricains ont eu lieu pendant le weekend aux Etats-Unis. Si Kiev et Washington ont salu\u00e9 des \u00e9changes \u00ab\u00a0productifs\u00a0\u00bb, Moscou a fait \u00e9tat seulement de \u00ab\u00a0lents progr\u00e8s\u00a0\u00bb et critiqu\u00e9 la position des Europ\u00e9ens.\n<\/p>\n<p>\n Dans son allocution quotidienne lundi soir, le pr\u00e9sident ukrainien a affirm\u00e9 qu&rsquo;il serait inform\u00e9 mardi des r\u00e9sultats d\u00e9taill\u00e9s de ces discussions par ses n\u00e9gociateurs, de retour de Floride.\n<\/p>\n<p>\n Ces derniers \u00ab\u00a0ont effectu\u00e9 un gros travail, avant tout sur les documents concernant les garanties de s\u00e9curit\u00e9\u00a0\u00bb qui seraient apport\u00e9es \u00e0 Kiev en cas d&rsquo;accord, a d\u00e9clar\u00e9 M. Zelensky.\n<\/p>\n<p>\n En attendant un accord, sur le terrain, l&rsquo;arm\u00e9e russe a poursuivi ses avanc\u00e9es, outre la prise de Siversk. Elle a revendiqu\u00e9 mardi la prise de plusieurs localit\u00e9s dans les r\u00e9gions de Kharkiv (nord-est) et Dnipropetrovsk (centre-est).\n<\/p>\n<p>\n Les forces russes, qui occupent environ 19% du territoire ukrainien, ont acc\u00e9l\u00e9r\u00e9 leur progression sur le front ces derniers mois.<\/p>\n","protected":false},"excerpt":{"rendered":"Des ouvriers d\u00e9gagent les d\u00e9bris du toit d&rsquo;un immeuble r\u00e9sidentiel fortement endommag\u00e9 apr\u00e8s une frappe de drone russe&hellip;\n","protected":false},"author":2,"featured_media":618617,"comment_status":"","ping_status":"","sticky":false,"template":"","format":"standard","meta":{"footnotes":""},"categories":[1590],"tags":[400,11,398,408,405,1777,674,403,402,399,404,12,401,406,220,407],"class_list":{"0":"post-618616","1":"post","2":"type-post","3":"status-publish","4":"format-standard","5":"has-post-thumbnail","7":"category-ukraine","8":"tag-action-cac-40","9":"tag-actualites","10":"tag-bourse-de-paris","11":"tag-boursorama","12":"tag-cotations","13":"tag-eu","14":"tag-europe","15":"tag-indices-devises","16":"tag-investir","17":"tag-investissement","18":"tag-marche-boursier","19":"tag-news","20":"tag-sicav","21":"tag-trackers","22":"tag-ukraine","23":"tag-warrants"},"share_on_mastodon":{"url":"https:\/\/pubeurope.com\/@fr\/115770832488446032","error":""},"_links":{"self":[{"href":"https:\/\/www.europesays.com\/fr\/wp-json\/wp\/v2\/posts\/618616","targetHints":{"allow":["GET"]}}],"collection":[{"href":"https:\/\/www.europesays.com\/fr\/wp-json\/wp\/v2\/posts"}],"about":[{"href":"https:\/\/www.europesays.com\/fr\/wp-json\/wp\/v2\/types\/post"}],"author":[{"embeddable":true,"href":"https:\/\/www.europesays.com\/fr\/wp-json\/wp\/v2\/users\/2"}],"replies":[{"embeddable":true,"href":"https:\/\/www.europesays.com\/fr\/wp-json\/wp\/v2\/comments?post=618616"}],"version-history":[{"count":0,"href":"https:\/\/www.europesays.com\/fr\/wp-json\/wp\/v2\/posts\/618616\/revisions"}],"wp:featuredmedia":[{"embeddable":true,"href":"https:\/\/www.europesays.com\/fr\/wp-json\/wp\/v2\/media\/618617"}],"wp:attachment":[{"href":"https:\/\/www.europesays.com\/fr\/wp-json\/wp\/v2\/media?parent=618616"}],"wp:term":[{"taxonomy":"category","embeddable":true,"href":"https:\/\/www.europesays.com\/fr\/wp-json\/wp\/v2\/categories?post=618616"},{"taxonomy":"post_tag","embeddable":true,"href":"https:\/\/www.europesays.com\/fr\/wp-json\/wp\/v2\/tags?post=618616"}],"curies":[{"name":"wp","href":"https:\/\/api.w.org\/{rel}","templated":true}]}}