{"id":618620,"date":"2025-12-23T20:45:13","date_gmt":"2025-12-23T20:45:13","guid":{"rendered":"https:\/\/www.europesays.com\/fr\/618620\/"},"modified":"2025-12-23T20:45:13","modified_gmt":"2025-12-23T20:45:13","slug":"nouvelles-inculpations-de-viol-et-dagression-sexuelle-contre-le-comedien-russell-brand","status":"publish","type":"post","link":"https:\/\/www.europesays.com\/fr\/618620\/","title":{"rendered":"nouvelles inculpations de viol et d\u2019agression sexuelle contre le com\u00e9dien Russell Brand"},"content":{"rendered":"<p class=\"c-paragraph\"><b>Le com\u00e9dien britannique Russell Brand, d\u00e9j\u00e0 poursuivi au Royaume-Uni pour des viols et agressions sexuelles qu\u2019il nie avoir commis, a \u00e9t\u00e9 inculp\u00e9 mardi pour un viol et une agression sexuelle suppl\u00e9mentaires, a annonc\u00e9 la police britannique.<\/b><\/p>\n<p class=\"c-paragraph\">Ces nouvelles accusations \u00abconcernent deux nouvelles femmes et s\u2019ajoutent aux charges d\u00e9j\u00e0 retenues contre (Russell) Brand en avril 2025 et qui concernaient quatre femmes\u00bb, a d\u00e9taill\u00e9 la Metropolitan Police dans un communiqu\u00e9.<\/p>\n<p class=\"c-paragraph\">Le com\u00e9dien de 50 ans, d\u00e9sormais tr\u00e8s actif sur les r\u00e9seaux sociaux, doit compara\u00eetre le 20 janvier devant un tribunal londonien.<\/p>\n<p class=\"c-paragraph\">Son proc\u00e8s concernant les premi\u00e8res accusations est pr\u00e9vu pour s\u2019ouvrir le 16 juin devant la cour criminelle de Southwark, dans le sud de Londres.<\/p>\n<p class=\"c-paragraph\">L\u2019ex-mari de Katy Perry a plaid\u00e9 non coupable lors d\u2019une pr\u00e9c\u00e9dente comparution en mai dernier.<\/p>\n<p class=\"c-paragraph\">Il sera jug\u00e9 pour deux viols et plusieurs agressions sexuelles qu\u2019il est accus\u00e9 d\u2019avoir commises dans la r\u00e9gion c\u00f4ti\u00e8re de Bournemouth (sud de l\u2019Angleterre) et \u00e0 Londres, entre 1999 et 2005.<\/p>\n<p class=\"c-paragraph\">\u00ab2026 va \u00eatre une ann\u00e9e importante\u00bb, avec de \u00abgrandes (&#8230;) \u00e9preuves\u00bb, a r\u00e9agi Russell Brand dans une vid\u00e9o post\u00e9e sur X, sans \u00e9voquer directement les nouvelles accusations port\u00e9es contre lui, mais ajoutant qu\u2019il \u00e9tait \u00abreconnaissant d\u2019avoir l\u2019opportunit\u00e9 de (se) racheter de (ses) nombreuses fautes commises au fil des ann\u00e9es\u00bb.<\/p>\n<p class=\"c-paragraph\">\u00abJe prie pour la gu\u00e9rison de tous ceux que j\u2019ai bless\u00e9s ou offens\u00e9s durant mes ann\u00e9es d\u2019\u00e9garement dans le p\u00e9ch\u00e9\u00bb, a-t-il ajout\u00e9 en \u00e9voquant sa foi.<\/p>\n<p class=\"c-paragraph\">Une enqu\u00eate de police avait \u00e9t\u00e9 ouverte contre lui apr\u00e8s la diffusion d\u2019un documentaire sur la cha\u00eene britannique Channel 4 en septembre 2023.<\/p>\n<p class=\"c-paragraph\">Apr\u00e8s les premi\u00e8res inculpations, Russell Brand, qui vit une partie du temps aux \u00c9tats-Unis, s\u2019\u00e9tait dit \u00abreconnaissant\u00bb d\u2019avoir \u201cl\u2019occasion\u201d de se d\u00e9fendre.<\/p>\n<p class=\"c-paragraph\">\u00abJ\u2019\u00e9tais un idiot avant de vivre dans la lumi\u00e8re du Seigneur. J\u2019\u00e9tais un toxicomane, un accro au sexe, et un imb\u00e9cile, mais je n\u2019ai jamais \u00e9t\u00e9 un violeur\u00bb, avait-il affirm\u00e9 dans une vid\u00e9o mise en ligne, assurant n\u2019avoir \u00abjamais \u00e9t\u00e9 impliqu\u00e9 dans une (relation) non consentie\u00bb.<\/p>\n<p class=\"c-paragraph\">L\u2019enqu\u00eate se poursuit et la police appelle toute personne qui aurait des informations \u00e0 la contacter.<\/p>\n<p class=\"c-paragraph\">N\u00e9 en 1975 dans une famille d\u2019origine modeste dans l\u2019Essex, \u00e0 l\u2019Est de Londres, Russell Brand est suivi par des millions de personnes sur YouTube, X et Instagram, o\u00f9 il exprime r\u00e9guli\u00e8rement ses id\u00e9es anti-syst\u00e8me et complotistes.<\/p>\n<p class=\"c-paragraph\">Il a commenc\u00e9 sa carri\u00e8re comme com\u00e9dien de stand-up \u00e0 l\u2019adolescence, et s\u2019est fait conna\u00eetre avec son humour provocateur et volontiers lubrique, avant de se muer en acteur star.<\/p>\n<p class=\"c-paragraph\">Il a pr\u00e9sent\u00e9 une \u00e9mission sur la station Radio 2 de la BBC entre 2006 et 2008, mais avait quitt\u00e9 l\u2019antenne apr\u00e8s avoir laiss\u00e9 un message sexuellement explicite \u00e0 un acteur au sujet de sa petite-fille.<\/p>\n","protected":false},"excerpt":{"rendered":"Le com\u00e9dien britannique Russell Brand, d\u00e9j\u00e0 poursuivi au Royaume-Uni pour des viols et agressions sexuelles qu\u2019il nie avoir&hellip;\n","protected":false},"author":2,"featured_media":618621,"comment_status":"","ping_status":"","sticky":false,"template":"","format":"standard","meta":{"footnotes":""},"categories":[1588],"tags":[11,52452,1777,674,12,473,1853,1851,1850,1852],"class_list":{"0":"post-618620","1":"post","2":"type-post","3":"status-publish","4":"format-standard","5":"has-post-thumbnail","7":"category-royaume-uni","8":"tag-actualites","9":"tag-apple-news","10":"tag-eu","11":"tag-europe","12":"tag-news","13":"tag-royaume-uni","14":"tag-royaume-uni-de-grande-bretagne-et-dirlande-du-nord","15":"tag-uk","16":"tag-united-kingdom","17":"tag-united-kingdom-of-great-britain-and-northern-ireland"},"share_on_mastodon":{"url":"https:\/\/pubeurope.com\/@fr\/115770839924741181","error":""},"_links":{"self":[{"href":"https:\/\/www.europesays.com\/fr\/wp-json\/wp\/v2\/posts\/618620","targetHints":{"allow":["GET"]}}],"collection":[{"href":"https:\/\/www.europesays.com\/fr\/wp-json\/wp\/v2\/posts"}],"about":[{"href":"https:\/\/www.europesays.com\/fr\/wp-json\/wp\/v2\/types\/post"}],"author":[{"embeddable":true,"href":"https:\/\/www.europesays.com\/fr\/wp-json\/wp\/v2\/users\/2"}],"replies":[{"embeddable":true,"href":"https:\/\/www.europesays.com\/fr\/wp-json\/wp\/v2\/comments?post=618620"}],"version-history":[{"count":0,"href":"https:\/\/www.europesays.com\/fr\/wp-json\/wp\/v2\/posts\/618620\/revisions"}],"wp:featuredmedia":[{"embeddable":true,"href":"https:\/\/www.europesays.com\/fr\/wp-json\/wp\/v2\/media\/618621"}],"wp:attachment":[{"href":"https:\/\/www.europesays.com\/fr\/wp-json\/wp\/v2\/media?parent=618620"}],"wp:term":[{"taxonomy":"category","embeddable":true,"href":"https:\/\/www.europesays.com\/fr\/wp-json\/wp\/v2\/categories?post=618620"},{"taxonomy":"post_tag","embeddable":true,"href":"https:\/\/www.europesays.com\/fr\/wp-json\/wp\/v2\/tags?post=618620"}],"curies":[{"name":"wp","href":"https:\/\/api.w.org\/{rel}","templated":true}]}}