{"id":618629,"date":"2025-12-23T20:50:29","date_gmt":"2025-12-23T20:50:29","guid":{"rendered":"https:\/\/www.europesays.com\/fr\/618629\/"},"modified":"2025-12-23T20:50:29","modified_gmt":"2025-12-23T20:50:29","slug":"le-groupe-de-cybercriminels-prorusse-noname057-16-revendique-la-cyberattaque-contre-la-poste","status":"publish","type":"post","link":"https:\/\/www.europesays.com\/fr\/618629\/","title":{"rendered":"Le groupe de cybercriminels prorusse \u00ab\u00a0NoName057 (16)\u00a0\u00bb revendique la cyberattaque contre La Poste"},"content":{"rendered":"<p class=\"paragraph text_align_left lp-f-body-02\">Une action pro-russe derri\u00e8re la cyberattaque contre La Poste ? Sur Telegram, <a href=\"https:\/\/www.leparisien.fr\/international\/noname05716-demantelement-dun-groupe-de-hackers-prorusses-responsable-de-plus-de-2000-attaques-en-france-16-07-2025-FJWEGWWBMVCERICAP34DJVG46U.php\" target=\"_blank\" rel=\"noreferrer noopener\">le groupe Noname057 (16) <\/a>a revendiqu\u00e9 ce mardi une s\u00e9rie de cyberattaques, dont <a href=\"https:\/\/www.leparisien.fr\/high-tech\/la-poste-la-cyberattaque-a-baisse-en-intensite-mais-se-poursuit-selon-le-ministre-de-leconomie-23-12-2025-6AWULZXW6JEBLNMVNU7OBYNPQQ.php\" target=\"_blank\" rel=\"noreferrer noopener\">celle de La Poste<\/a>, qui a largement perturb\u00e9 les services en ligne \u00e0 quelques jours de No\u00ebl.<\/p>\n<p class=\"\">Noname057 (16) est pr\u00e9sent\u00e9 comme un groupe de hackers pro russe, qui \u0153uvre depuis au moins trois ans, ciblant notamment l\u2019Ukraine mais aussi la France. L\u2019an dernier, ces cybercriminels avaient notamment<a href=\"https:\/\/www.leparisien.fr\/high-tech\/une-attaque-du-pauvre-plusieurs-sites-de-mairies-rendus-inaccessibles-par-des-hackeurs-prorusses-31-12-2024-TJGYX67ID5HFTB6J4HGAGFVBS4.php\" target=\"_blank\" rel=\"noreferrer noopener\"> attaqu\u00e9 plusieurs sites Internet de d\u00e9partements ou d\u2019agglom\u00e9rations<\/a> lors de la Saint-Sylvestre. Auparavant, ils avaient \u00e9galement vis\u00e9 <a href=\"https:\/\/www.leparisien.fr\/high-tech\/pourquoi-un-groupe-de-hackers-russophones-parasite-les-sites-internes-de-la-ratp-29-06-2023-JIADU44NARH3VKDYTD6MT6NOXQ.php\" target=\"_blank\" rel=\"noreferrer noopener\">la RATP<\/a> ou encore <a href=\"https:\/\/www.leparisien.fr\/high-tech\/le-site-internet-de-lassemblee-nationale-bloque-par-des-hackers-pro-russes-27-03-2023-RDLJCS677VFPXONHWTKHFF5PXE.php\" target=\"_blank\" rel=\"noreferrer noopener\">l\u2019Assembl\u00e9e nationale<\/a>.<\/p>\n<p class=\"\">Pour ses op\u00e9rations, NoName057 (16) utilise un outil de type DDOS (d\u00e9ni de service distribu\u00e9), qui consiste \u00e0 envoyer un nombre important de requ\u00eates au site pour le faire bugger et le rendre inop\u00e9rant. Plus t\u00f4t ce mardi, La Poste avait en effet parl\u00e9 d\u2019un incident de type \u00ab d\u00e9ni de service \u00bb.<\/p>\n<p>Une revendication tardive<\/p>\n<p class=\"\">Pour l\u2019heure, La Poste n\u2019a pas confirm\u00e9 que le groupe Noname057 (16) \u00e9tait derri\u00e8re cette cyberattaque. Certains experts en cybercriminalit\u00e9 pointent par ailleurs le caract\u00e8re tardif de cette revendication.<\/p>\n<p class=\"lp-card-podcast-highlighting__title  lp-f-subtitle-05\">[2\/2] Vengeance et colis pi\u00e9g\u00e9\u00a0: le myst\u00e9rieux attentat de La\u00a0Baule<\/p>\n<p><a class=\"lp-card-podcast-highlighting__call-to-action\" data-page-type=\"HP\" data-block-name=\"podcast-highlight\">\u00c9couter<\/a><\/p>\n<p class=\"\">Depuis lundi, une attaque informatique perturbe les services en ligne du groupe postal fran\u00e7ais. La Poste a indiqu\u00e9 mardi midi que la cyberattaque qui a touch\u00e9 lundi les services en ligne de suivi du courrier et de <a href=\"https:\/\/www.leparisien.fr\/economie\/un-incident-technique-entraine-un-dysfonctionnement-a-la-banque-postale-la-caisse-depargne-et-la-banque-populaire-22-12-2025-7XPVOHVD7JA5NBDKMT52WNAPDE.php\" target=\"_blank\" rel=\"noreferrer noopener\">banque en ligne <\/a>\u00ab \u00e9tait toujours en cours \u00bb mais que la distribution du courrier et des colis \u00ab se d\u00e9roulait normalement \u00e0 ce stade \u00bb.<\/p>\n<p class=\"\">Pour ce qui est de l\u2019activit\u00e9 de banque en ligne, l\u00e0 aussi, elle a repris dans l\u2019apr\u00e8s-midi, mais avec des \u00ab ralentissements \u00bb constat\u00e9s sur le site. Le groupe avait n\u00e9anmoins assur\u00e9 lundi qu\u2019aucune donn\u00e9e sensible n\u2019avait \u00e9t\u00e9 vol\u00e9e.<\/p>\n<p class=\"\">L\u2019incident intervient en effet au d\u00e9but de la semaine des<a href=\"https:\/\/www.leparisien.fr\/societe\/sante\/les-gens-projettent-leur-sentiment-disolement-pourquoi-le-coeur-nest-pas-toujours-a-la-fete-a-lapproche-des-fetes-21-12-2025-OH3EKLBWDBFGLKOLCPY24R43QY.php\" target=\"_blank\" rel=\"noreferrer noopener\"> f\u00eates de fin d\u2019ann\u00e9e<\/a>, p\u00e9riode la plus dense pour La Poste.<\/p>\n","protected":false},"excerpt":{"rendered":"Une action pro-russe derri\u00e8re la cyberattaque contre La Poste ? Sur Telegram, le groupe Noname057 (16) a revendiqu\u00e9&hellip;\n","protected":false},"author":2,"featured_media":618630,"comment_status":"","ping_status":"","sticky":false,"template":"","format":"standard","meta":{"footnotes":""},"categories":[2],"tags":[11,118,1011,27,12,25],"class_list":{"0":"post-618629","1":"post","2":"type-post","3":"status-publish","4":"format-standard","5":"has-post-thumbnail","7":"category-actualites","8":"tag-actualites","9":"tag-faits-divers","10":"tag-fr","11":"tag-france","12":"tag-news","13":"tag-republique-francaise"},"share_on_mastodon":{"url":"https:\/\/pubeurope.com\/@fr\/115770859508862633","error":""},"_links":{"self":[{"href":"https:\/\/www.europesays.com\/fr\/wp-json\/wp\/v2\/posts\/618629","targetHints":{"allow":["GET"]}}],"collection":[{"href":"https:\/\/www.europesays.com\/fr\/wp-json\/wp\/v2\/posts"}],"about":[{"href":"https:\/\/www.europesays.com\/fr\/wp-json\/wp\/v2\/types\/post"}],"author":[{"embeddable":true,"href":"https:\/\/www.europesays.com\/fr\/wp-json\/wp\/v2\/users\/2"}],"replies":[{"embeddable":true,"href":"https:\/\/www.europesays.com\/fr\/wp-json\/wp\/v2\/comments?post=618629"}],"version-history":[{"count":0,"href":"https:\/\/www.europesays.com\/fr\/wp-json\/wp\/v2\/posts\/618629\/revisions"}],"wp:featuredmedia":[{"embeddable":true,"href":"https:\/\/www.europesays.com\/fr\/wp-json\/wp\/v2\/media\/618630"}],"wp:attachment":[{"href":"https:\/\/www.europesays.com\/fr\/wp-json\/wp\/v2\/media?parent=618629"}],"wp:term":[{"taxonomy":"category","embeddable":true,"href":"https:\/\/www.europesays.com\/fr\/wp-json\/wp\/v2\/categories?post=618629"},{"taxonomy":"post_tag","embeddable":true,"href":"https:\/\/www.europesays.com\/fr\/wp-json\/wp\/v2\/tags?post=618629"}],"curies":[{"name":"wp","href":"https:\/\/api.w.org\/{rel}","templated":true}]}}