{"id":618633,"date":"2025-12-23T20:54:19","date_gmt":"2025-12-23T20:54:19","guid":{"rendered":"https:\/\/www.europesays.com\/fr\/618633\/"},"modified":"2025-12-23T20:54:19","modified_gmt":"2025-12-23T20:54:19","slug":"stade-toulousain-avant-le-rendez-vous-tu-sais-santiago-chocobares-raconte-comment-il-a-vecu-son-protocole-commotion","status":"publish","type":"post","link":"https:\/\/www.europesays.com\/fr\/618633\/","title":{"rendered":"Stade Toulousain\u00a0: \u00ab\u00a0Avant le rendez-vous, tu sais\u2026\u00a0\u00bb Santiago Chocobares raconte comment il a v\u00e9cu son protocole commotion"},"content":{"rendered":"<p>\n                                                                    l&rsquo;essentiel<br \/>\n                                                                Commotionn\u00e9 en novembre, Santiago Chocobares, le centre international des Pumas, a fait son retour le week-end dernier \u00e0 Lyon. Il raconte sa fa\u00e7on d\u2019appr\u00e9hender ce type de blessure.\n                            <\/p>\n<p>Un bon mois qu\u2019il rongeait son frein. Commotionn\u00e9 avec les Pumas lors de la tourn\u00e9e de novembre, Santiago Chocobares a pris son temps avant d\u2019effectuer son retour \u00e0 la comp\u00e9tition, samedi dernier \u00e0 Lyon, lors du succ\u00e8s bonifi\u00e9 des Toulousains (41-19). Car on ne rigole pas avec les commotions, m\u00eame si le centre, \u00ab\u00a0rentr\u00e9 au Stade avec un peu mal \u00e0 la t\u00eate\u00a0\u00bb, avoue \u00ab\u00a0avoir essay\u00e9 de revenir vite sur le terrain pour continuer \u00e0 aider (s) on \u00e9quipe\u00a0\u00bb, lui qui avait manqu\u00e9 le d\u00e9but de saison pour cause de Rugby Championship (six\u00a0titularisations en six matchs).\u00a0Sans toutefois forcer outre mesure\u00a0: \u00ab\u00a0Le staff m\u00e9dical m\u2019a laiss\u00e9 le temps de bien r\u00e9cup\u00e9rer.\u00a0\u00bb<\/p>\n<p class=\"std-elt__inline\">\n        <strong>\u00c0 lire aussi :<\/strong><br \/>\n        <a href=\"https:\/\/www.ladepeche.fr\/2025\/12\/21\/stade-toulousain-vexes-orgueilleux-en-avance-et-deja-champions-ce-quil-faut-retenir-de-la-victoire-lyon-13124275.php\" target=\"_blank\" rel=\"noopener\">Stade Toulousain\u00a0: vex\u00e9s, orgueilleux, en avance et d\u00e9j\u00e0 champions\u2026 Ce qu\u2019il faut retenir de la victoire \u00e0 Lyon<\/a>\n    <\/p>\n<p>Alors qu\u2019il\u00a0a parfaitement int\u00e9gr\u00e9 le fait que ce type de blessure faisait aujourd\u2019hui partie des risques du m\u00e9tier, lui qui en a d\u00e9j\u00e0 connu d\u2019autres par le pass\u00e9, il admet ne pas en\u00a0redouter outre mesure les cons\u00e9quences. En revanche, l\u2019attente avant de retrouver les pelouses semble\u00a0assez difficile \u00e0 g\u00e9rer. Comment la vit-il\u00a0? \u00ab\u00a0Franchement, pas bien\u00a0!, r\u00e9torque-t-il du tac au tac. Il faut surtout de la patience et savoir qu\u2019il est n\u00e9cessaire d\u2019\u00eatre \u00e0 100\u00a0%, surtout avec la t\u00eate.\u00a0\u00bb \u00ab\u00a0Avec\u00a0l\u2019\u00e9paule, le\u00a0genou, la cheville, \u00e7a peut aller, \u00e7a peut marcher, mais avec la t\u00eate, il faut \u00eatre \u00e0 100\u00a0%\u00a0\u00bb, compare-t-il.<\/p>\n<p class=\"std-elt__inline\">\n        <strong>\u00c0 lire aussi :<\/strong><br \/>\n        <a href=\"https:\/\/www.ladepeche.fr\/2025\/12\/20\/stade-toulousain-tout-le-monde-nous-degueule-dessus-apres-la-victoire-face-a-lyon-ugo-mola-cash-sur-les-critiques-recues-13123682.php\" target=\"_blank\" rel=\"noopener\">Stade Toulousain\u00a0: \u00ab\u00a0Tout le monde nous d\u00e9gueule dessus\u2026\u00a0\u00bb Apr\u00e8s la victoire face \u00e0 Lyon, Ugo Mola cash sur les critiques re\u00e7ues<\/a>\n    <\/p>\n<p>Un retour qui tombe \u00e0 pic<\/p>\n<p>D\u2019ailleurs, il reconna\u00eet qu\u2019il est impossible de tricher lors du protocole de retour au jeu, qui doit \u00eatre valid\u00e9 lors d\u2019un rendez-vous chez le neurologue r\u00e9f\u00e9rent apr\u00e8s avoir coch\u00e9 plusieurs cases au pr\u00e9alable.\u00a0\u00a0\u00bb Avant le rendez-vous, tu sais, tu sais (il insiste). Parce que c\u2019est plut\u00f4t toi qui prends la d\u00e9cision\u00a0si tu as des sympt\u00f4mes ou pas. Apr\u00e8s, le neurologue\u00a0te conna\u00eet aussi mais avant le rendez-vous, tu sais si tu es \u00e0 100\u00a0% ou pas.\u00a0\u00bb<\/p>\n<p class=\"std-elt__inline\">\n        <strong>\u00c0 lire aussi :<\/strong><br \/>\n        <a href=\"https:\/\/www.ladepeche.fr\/2025\/12\/23\/stade-toulousain-je-me-dis-cours-le-plus-vite-possible-celian-pouzelgues-raconte-sa-premiere-avec-toulouse-13124592.php\" target=\"_blank\" rel=\"noopener\">Stade Toulousain\u00a0: \u00ab\u00a0Je me dis\u00a0: Cours le plus vite possible\u00a0!\u00a0\u00bb C\u00e9lian Pouzelgues raconte sa premi\u00e8re avec Toulouse<\/a>\n    <\/p>\n<p>Vendredi dernier, \u00e0 la veille de se d\u00e9placer \u00e0 Gerland, il se r\u00e9jouissait d\u2019\u00eatre enfin apte. Un retour qui tombait \u00e0 pic pour le staff \u00ab\u00a0rouge et noir\u00a0\u00bb, \u00e0 un poste en souffrance ces derniers temps.\u00a0Secou\u00e9 et commotionn\u00e9\u00a0face aux Fidji mi-novembre, Pierre-Louis Barassi, n\u2019\u00e9tait toujours pas autoris\u00e9 \u00e0 reprendre lors de cette avant-derni\u00e8re journ\u00e9e de la phase aller. Une absence s\u2019ajoutant \u00e0 la\u00a0lib\u00e9ration de Pita Ahki \u00e0 la fin du mois dernier, mais aussi \u00e0 la probable fin de saison de Juan Cruz Mallia (genou). Et comme il ne pleut que sur les mouill\u00e9s, en plus des vacances programm\u00e9s de Kalvin Gourgues, Teddy Thomas avait \u00e0 son tour \u00e9t\u00e9 commotionn\u00e9 lors de la semaine d\u2019entra\u00eenement.<\/p>\n<p class=\"std-elt__inline\">\n        <strong>\u00c0 lire aussi :<\/strong><br \/>\n        <a href=\"https:\/\/www.ladepeche.fr\/2025\/12\/22\/info-la-depeche-stade-toulousain-ce-jeune-joueur-tres-prometteur-devrait-prolonger-son-contrat-avec-un-statut-particulier-13124694.php\" target=\"_blank\" rel=\"noopener\">INFO LA D\u00c9P\u00caCHE. Stade Toulousain\u00a0: ce jeune joueur tr\u00e8s prometteur devrait prolonger son contrat\u2026 avec un statut particulier<\/a>\n    <\/p>\n<p>Point d\u2019ancrage pr\u00e9cieux au centre du terrain, o\u00f9 sa densit\u00e9 a consid\u00e9rablement pes\u00e9 au Matmut Stadium, le Puma\u00a0de 26 ans (35 s\u00e9lections), devrait avoir la possibilit\u00e9 d\u2019encha\u00eener\u00a0face \u00e0 La\u00a0Rochelle, dimanche au Stadium. En attendant, il compte bien\u00a0profiter des quatre jours de vacances octroy\u00e9s \u00e0 l\u2019ensemble de l\u2019effectif avant la reprise fix\u00e9e \u00e0 vendredi. Sans exc\u00e8s\u00a0: \u00ab\u00a0Oui, \u00e7a, \u00e9videmment, on est d\u2019accord\u00a0!\u00a0\u00bb, sourit-il.<\/p>\n","protected":false},"excerpt":{"rendered":"l&rsquo;essentiel Commotionn\u00e9 en novembre, Santiago Chocobares, le centre international des Pumas, a fait son retour le week-end dernier&hellip;\n","protected":false},"author":2,"featured_media":618634,"comment_status":"","ping_status":"","sticky":false,"template":"","format":"standard","meta":{"footnotes":""},"categories":[1416],"tags":[1011,27,2722,479,1468,68796,517,60,476,2312],"class_list":{"0":"post-618633","1":"post","2":"type-post","3":"status-publish","4":"format-standard","5":"has-post-thumbnail","7":"category-rugby","8":"tag-fr","9":"tag-france","10":"tag-haute-garonne","11":"tag-rugby","12":"tag-rugby-football","13":"tag-rugby-u00e0-xv","14":"tag-sport","15":"tag-sports","16":"tag-stade-toulousain","17":"tag-toulouse"},"share_on_mastodon":{"url":"https:\/\/pubeurope.com\/@fr\/115770876185697159","error":""},"_links":{"self":[{"href":"https:\/\/www.europesays.com\/fr\/wp-json\/wp\/v2\/posts\/618633","targetHints":{"allow":["GET"]}}],"collection":[{"href":"https:\/\/www.europesays.com\/fr\/wp-json\/wp\/v2\/posts"}],"about":[{"href":"https:\/\/www.europesays.com\/fr\/wp-json\/wp\/v2\/types\/post"}],"author":[{"embeddable":true,"href":"https:\/\/www.europesays.com\/fr\/wp-json\/wp\/v2\/users\/2"}],"replies":[{"embeddable":true,"href":"https:\/\/www.europesays.com\/fr\/wp-json\/wp\/v2\/comments?post=618633"}],"version-history":[{"count":0,"href":"https:\/\/www.europesays.com\/fr\/wp-json\/wp\/v2\/posts\/618633\/revisions"}],"wp:featuredmedia":[{"embeddable":true,"href":"https:\/\/www.europesays.com\/fr\/wp-json\/wp\/v2\/media\/618634"}],"wp:attachment":[{"href":"https:\/\/www.europesays.com\/fr\/wp-json\/wp\/v2\/media?parent=618633"}],"wp:term":[{"taxonomy":"category","embeddable":true,"href":"https:\/\/www.europesays.com\/fr\/wp-json\/wp\/v2\/categories?post=618633"},{"taxonomy":"post_tag","embeddable":true,"href":"https:\/\/www.europesays.com\/fr\/wp-json\/wp\/v2\/tags?post=618633"}],"curies":[{"name":"wp","href":"https:\/\/api.w.org\/{rel}","templated":true}]}}