{"id":618650,"date":"2025-12-23T21:07:20","date_gmt":"2025-12-23T21:07:20","guid":{"rendered":"https:\/\/www.europesays.com\/fr\/618650\/"},"modified":"2025-12-23T21:07:20","modified_gmt":"2025-12-23T21:07:20","slug":"les-cheveux-gris-seraient-un-signe-que-votre-corps-lutte-contre-la-maladie-selon-les-scientifiques","status":"publish","type":"post","link":"https:\/\/www.europesays.com\/fr\/618650\/","title":{"rendered":"les cheveux gris seraient un signe que votre corps lutte contre la maladie, selon les scientifiques"},"content":{"rendered":"<p><strong>Mauvaise nouvelle pour la France<\/strong>. En septembre<br \/>\ndernier, une \u00e9tude publi\u00e9e dans la revue The Lancet<br \/>\nd\u00e9signait l\u2019Hexagone comme le pays pr\u00e9sentant <strong>la plus forte<br \/>\nincidence de cancers au monde<\/strong>. Pour r\u00e9aliser cette<br \/>\nanalyse, les chercheurs du programme Global Burden of Disease<br \/>\n(GBD), pilot\u00e9 par l\u2019Institut pour la mesure et l\u2019\u00e9valuation de la<br \/>\nsant\u00e9 (IHME), bas\u00e9 \u00e0 Seattle, ont \u00e9tudi\u00e9 les taux d\u2019incidence<br \/>\nstandardis\u00e9s selon l\u2019\u00e2ge dans 204 pays et territoires.<\/p>\n<p>Les r\u00e9sultats sont sans appel. <strong>La France et<br \/>\nMonaco<\/strong> arrivent en t\u00eate des pays comptant le plus grand<br \/>\nnombre de cancers rapport\u00e9s \u00e0 leur population, avec respectivement<br \/>\n<strong>389,4 et 491,3 cas pour 100 000 habitants<\/strong>. Cette<br \/>\nstatistique alarmante, \u00e0 prendre toutefois avec des pincettes,<br \/>\ns\u2019expliquerait notamment par la consommation d\u2019alcool et de tabac,<br \/>\nmais aussi par l\u2019exposition aux pollutions environnementales.<\/p>\n<p>Les cheveux gris pourraient jouer un r\u00f4le protecteur face au<br \/>\ncancer<\/p>\n<p>En France, selon les derni\u00e8res donn\u00e9es de l\u2019Institut national du<br \/>\ncancer (INCa), <strong>les cancers les plus fr\u00e9quents<\/strong> sont<br \/>\n<a href=\"https:\/\/www.mariefrance.fr\/equilibre\/sante\/cancer-de-la-prostate-cette-habitude-intime-pourrait-reduire-le-risque-de-22-selon-une-etude-harvard-1218606.html\" target=\"_blank\" rel=\"noopener\"><br \/>\nceux de la prostate<\/a> (chez les hommes) <a href=\"https:\/\/www.mariefrance.fr\/actualite\/societe\/cancer-sein-voici-pourquoi-lesperance-vie-change-autant-selon-oncologue-1209129.html\" target=\"_blank\" rel=\"noopener\"><br \/>\net du sein<\/a> (chez les femmes). Le cancer colorectal, qui touche<br \/>\nles deux sexes, arrive juste derri\u00e8re. Il est suivi de pr\u00e8s par le<br \/>\ncancer du poumon, particuli\u00e8rement r\u00e9pandu chez les hommes.<\/p>\n<p>Le risque de d\u00e9clarer un cancer p\u00e8se-t-il r\u00e9ellement davantage<br \/>\nsur la t\u00eate des Fran\u00e7ais et des Mon\u00e9gasques ? En tout cas, la<br \/>\n<strong>\u00ab\u00a0t\u00eate du patient\u00a0\u00bb<\/strong> ne serait pas un d\u00e9tail anodin.<br \/>\n\u00c0 en croire une autre \u00e9tude, men\u00e9e cette fois par des chercheurs de<br \/>\nl\u2019universit\u00e9 de Tokyo (Japon), les cheveux gris pourraient \u00eatre une<br \/>\narme naturelle insoup\u00e7onn\u00e9e face au cancer.<\/p>\n<p><img loading=\"lazy\" decoding=\"async\" aria-describedby=\"caption-attachment-1217327\" itemprop=\"thumbnailUrl\" class=\"size-full wp-image-1217327 img-responsive\" src=\"https:\/\/www.europesays.com\/fr\/wp-content\/uploads\/2025\/12\/cancer-du-pancreas-ces-2-symptomes-discrets-permettraient-de-le-reperer-jusqua-3-ans-avant-le-diagno.jpeg\" alt=\"Femme cancer h\u00f4pital\" width=\"1280\" height=\"720\"\/><br \/>\n\u00a9<br \/>\nShutterstock<\/p>\n<p id=\"caption-attachment-1217327\" class=\"wp-caption-text\">Les<br \/>\ncancers les plus courants sont le cancer de la prostate chez les<br \/>\nhommes et le cancer du sein chez les femmes.<\/p>\n<p>Comment les cellules vieillissent et r\u00e9agissent au stress<\/p>\n<p>Grisonnons-nous moins que nos voisins ? La question reste<br \/>\nouverte. En revanche, une chose est s\u00fbre : <strong>les cheveux<br \/>\ngris<\/strong>, <a href=\"https:\/\/www.mariefrance.fr\/beaute\/cheveux\/cheveux-gris-voici-erreurs-memerisantes-surtout-commettre-apres-50-ans-1137926.html\" target=\"_blank\" rel=\"noopener\"><br \/>\nparticuli\u00e8rement \u00e0 la mode depuis quelques ann\u00e9es<\/a>, pourraient<br \/>\n\u00eatre bien plus qu\u2019un simple marqueur du temps qui passe.<\/p>\n<p>\u00ab\u00a0Les tissus somatiques subissent un d\u00e9clin fonctionnel avec<br \/>\nl\u2019\u00e2ge, pr\u00e9sentant des ph\u00e9notypes caract\u00e9ristiques du<br \/>\nvieillissement, notamment <strong>le grisonnement et le<br \/>\ncancer<\/strong>. Cependant, les g\u00e9notoxines, les signaux et les<br \/>\nm\u00e9canismes cellulaires sp\u00e9cifiques \u00e0 chaque ph\u00e9notype demeurent<br \/>\nlargement m\u00e9connus\u00a0\u00bb, expliquent les auteurs de cette \u00e9tude<br \/>\ndans les colonnes de la revue Nature. Avant d\u2019ajouter :<br \/>\n\u00ab\u00a0Nous rapportons ici que les cellules souches m\u00e9lanocytaires<br \/>\n(McSC) et leur niche d\u00e9terminent de mani\u00e8re coordonn\u00e9e le destin de<br \/>\nchaque cellule souche par des voies antagonistes et r\u00e9actives au<br \/>\nstress, en fonction du type de dommage g\u00e9notoxique subi.\u00a0\u00bb<\/p>\n<p><img loading=\"lazy\" decoding=\"async\" aria-describedby=\"caption-attachment-1102703\" class=\"wp-image-1102703 img-responsive size-full\" src=\"https:\/\/www.europesays.com\/fr\/wp-content\/uploads\/2025\/12\/shutterstock_2146728731.jpg\" alt=\"\" width=\"1500\" height=\"1000\"\/> \u00a9<br \/>\nShutterstock<\/p>\n<p id=\"caption-attachment-1102703\" class=\"wp-caption-text\">Les<br \/>\ncellules souches m\u00e9lanocytaires et leur environnement influencent<br \/>\nle destin des tissus vieillissants.<\/p>\n<p>Vieillissement cellulaire et<br \/>\ncancer<\/p>\n<p>Comme le souligne Sant\u00e9 Magazine, \u00ab\u00a0au cours de la<br \/>\nvie, les cellules sont constamment expos\u00e9es \u00e0 des facteurs<br \/>\nenvironnementaux et internes susceptibles d\u2019endommager l\u2019ADN\u00a0\u00bb.<br \/>\nCes dommages sont connus pour contribuer au vieillissement et au<br \/>\nd\u00e9veloppement du cancer, mais les scientifiques ont cherch\u00e9 \u00e0<br \/>\ncomprendre pr\u00e9cis\u00e9ment comment <strong>ce lien se met en<br \/>\nplace<\/strong>.<\/p>\n<blockquote class=\"tiktok-embed\" cite=\"https:\/\/www.tiktok.com\/@drtik_tok\/video\/7196260590279773445\" data-video-id=\"7196260590279773445\" style=\"max-width: 605px;min-width: 325px;\"><p>\n<a target=\"_blank\" href=\"https:\/\/www.tiktok.com\/@drtik_tok\/video\/7196260590279773445\" rel=\"noopener\"><img decoding=\"async\" src=\"https:\/\/www.tiktok.com\/img\/logo.png\" alt=\"TikTok Logo\"\/><\/a>\n<\/p><\/blockquote>\n<p>\u00c0 noter que les chercheurs pr\u00e9cisent que cette \u00e9tude ne signifie<br \/>\npas que le grisonnement des cheveux prot\u00e8ge du cancer, mais plut\u00f4t<br \/>\nque <strong>la s\u00e9nodiff\u00e9renciation constitue une r\u00e9ponse<br \/>\nprotectrice au stress<\/strong>, permettant d\u2019\u00e9liminer des cellules<br \/>\npotentiellement dangereuses. \u00ab\u00a0Ces r\u00e9sultats r\u00e9v\u00e8lent qu\u2019une<br \/>\nm\u00eame population de cellules souches peut conna\u00eetre des destins<br \/>\nantagonistes \u2013 \u00e9puisement ou expansion \u2013 selon le type de stress et<br \/>\nles signaux microenvironnementaux. Cela permet de repenser le<br \/>\ngrisonnement des cheveux et le m\u00e9lanome non pas comme des<br \/>\n\u00e9v\u00e9nements ind\u00e9pendants, mais comme des r\u00e9sultats divergents des<br \/>\nr\u00e9ponses des cellules souches au stress\u00a0\u00bb, conclut le<br \/>\nprofesseur Emi Nishimura, de l\u2019universit\u00e9 de Tokyo.<\/p>\n<p><script async src=\"\/\/www.tiktok.com\/embed.js\"><\/script><\/p>\n","protected":false},"excerpt":{"rendered":"Mauvaise nouvelle pour la France. En septembre dernier, une \u00e9tude publi\u00e9e dans la revue The Lancet d\u00e9signait l\u2019Hexagone&hellip;\n","protected":false},"author":2,"featured_media":618651,"comment_status":"","ping_status":"","sticky":false,"template":"","format":"standard","meta":{"footnotes":""},"categories":[10],"tags":[21303,1011,27,72,71],"class_list":{"0":"post-618650","1":"post","2":"type-post","3":"status-publish","4":"format-standard","5":"has-post-thumbnail","7":"category-sante","8":"tag-buzz_nonli","9":"tag-fr","10":"tag-france","11":"tag-health","12":"tag-sante"},"share_on_mastodon":{"url":"https:\/\/pubeurope.com\/@fr\/115770928847873931","error":""},"_links":{"self":[{"href":"https:\/\/www.europesays.com\/fr\/wp-json\/wp\/v2\/posts\/618650","targetHints":{"allow":["GET"]}}],"collection":[{"href":"https:\/\/www.europesays.com\/fr\/wp-json\/wp\/v2\/posts"}],"about":[{"href":"https:\/\/www.europesays.com\/fr\/wp-json\/wp\/v2\/types\/post"}],"author":[{"embeddable":true,"href":"https:\/\/www.europesays.com\/fr\/wp-json\/wp\/v2\/users\/2"}],"replies":[{"embeddable":true,"href":"https:\/\/www.europesays.com\/fr\/wp-json\/wp\/v2\/comments?post=618650"}],"version-history":[{"count":0,"href":"https:\/\/www.europesays.com\/fr\/wp-json\/wp\/v2\/posts\/618650\/revisions"}],"wp:featuredmedia":[{"embeddable":true,"href":"https:\/\/www.europesays.com\/fr\/wp-json\/wp\/v2\/media\/618651"}],"wp:attachment":[{"href":"https:\/\/www.europesays.com\/fr\/wp-json\/wp\/v2\/media?parent=618650"}],"wp:term":[{"taxonomy":"category","embeddable":true,"href":"https:\/\/www.europesays.com\/fr\/wp-json\/wp\/v2\/categories?post=618650"},{"taxonomy":"post_tag","embeddable":true,"href":"https:\/\/www.europesays.com\/fr\/wp-json\/wp\/v2\/tags?post=618650"}],"curies":[{"name":"wp","href":"https:\/\/api.w.org\/{rel}","templated":true}]}}