{"id":618654,"date":"2025-12-23T21:09:34","date_gmt":"2025-12-23T21:09:34","guid":{"rendered":"https:\/\/www.europesays.com\/fr\/618654\/"},"modified":"2025-12-23T21:09:34","modified_gmt":"2025-12-23T21:09:34","slug":"barry-manilow-le-chanteur-du-megatube-copacabana-annonce-etre-atteint-dun-cancer-du-poumon","status":"publish","type":"post","link":"https:\/\/www.europesays.com\/fr\/618654\/","title":{"rendered":"Barry Manilow, le chanteur du m\u00e9gatube \u00ab\u00a0Copacabana\u00a0\u00bb, annonce \u00eatre atteint d\u2019un cancer du poumon"},"content":{"rendered":"<p>C\u2019est un coup dur\u00a0: le <a href=\"https:\/\/www.20minutes.fr\/dossier\/chanteur\" class=\"c-link c-link--is-underlined\" target=\"_blank\" rel=\"noopener\">chanteur<\/a> et compositeur am\u00e9ricain <a href=\"https:\/\/www.20minutes.fr\/people\/2044827-20170406-barry-manilow-interprete-copacabana-fait-coming-out-age-73-ans\" class=\"c-link c-link--is-underlined\" target=\"_blank\" rel=\"noopener\">Barry Manilow<\/a>, 82 ans, interpr\u00e8te notamment de succ\u00e8s comme <a href=\"https:\/\/www.youtube.com\/watch?v=v9vqhR7XHdA\" rel=\"nofollow noopener\" target=\"_blank\" class=\"c-link c-link--is-underlined\">Copacabana<\/a> ou Mandy, a annonc\u00e9 sur ses <a href=\"https:\/\/www.20minutes.fr\/dossier\/reseaux_sociaux\" class=\"c-link c-link--is-underlined\" target=\"_blank\" rel=\"noopener\">r\u00e9seaux sociaux<\/a>, lundi 22\u00a0d\u00e9cembre 2025, souffrir d\u2019un <a href=\"https:\/\/www.20minutes.fr\/dossier\/cancer_du_poumon\" class=\"c-link c-link--is-underlined\" target=\"_blank\" rel=\"noopener\">cancer du poumon<\/a> qu\u2019il pr\u00e9voyait de rapidement traiter par une intervention chirurgicale.<\/p>\n<\/p>\n<p>Dans un post sur <a href=\"https:\/\/www.20minutes.fr\/high-tech\/instagram\/\" class=\"c-link c-link--is-underlined\" target=\"_blank\" rel=\"noopener\">Instagram<\/a>, le chanteur a indiqu\u00e9 qu\u2019une <a href=\"https:\/\/www.20minutes.fr\/dossier\/irm\" class=\"c-link c-link--is-underlined\" target=\"_blank\" rel=\"noopener\">IRM <\/a>prescrite apr\u00e8s une longue bronchite \u00ab\u00a0a d\u00e9couvert une tumeur canc\u00e9reuse dans (son) poumon gauche, qui n\u00e9cessite d\u2019\u00eatre retir\u00e9e\u00a0\u00bb\u2026 \u00ab\u00a0C\u2019est un coup de chance (et un excellent m\u00e9decin) qui ont permis qu\u2019elle soit d\u00e9tect\u00e9e aussi t\u00f4t\u00a0\u00bb, a-t-il dit.<\/p>\n<p class=\"mb-m@xs text-l@xs\">En cliquant sur\u00ab J\u2019accepte \u00bb, vous acceptez le d\u00e9p\u00f4t de cookies par des services externes et aurez ainsi acc\u00e8s aux contenus de nos partenaires.<\/p>\n<p class=\"mb-xl@xs text-s@xs\">Plus d\u2019informations sur la page<a href=\"https:\/\/www.20minutes.fr\/gestion-cookies\" class=\"mx-xxs@xs color-ultramarine\" target=\"_blank\" rel=\"noopener\">Politique de gestion des cookies<\/a><\/p>\n<p>J\u2019accepte\u00ab\u00a0Pas de chimio\u00a0\u00bb<\/p>\n<p>\u00ab\u00a0Les m\u00e9decins ne pensent pas que (la tumeur canc\u00e9reuse) se soit propag\u00e9e et je passe des tests pour confirmer leur diagnostic\u00a0\u00bb, a ajout\u00e9 le chanteur, avant d\u2019ajouter\u00a0: \u00ab\u00a0pas de <a href=\"https:\/\/www.20minutes.fr\/dossier\/chimiotherapie\" class=\"c-link c-link--is-underlined\" target=\"_blank\" rel=\"noopener\">chimio<\/a>, pas de radioth\u00e9rapie, juste du <a href=\"https:\/\/www.20minutes.fr\/sante\/3186647-20211207-rhume-comment-premunir-debarrasser-toute-securite\" class=\"c-link c-link--is-underlined\" target=\"_blank\" rel=\"noopener\">bouillon de poule<\/a> et des rediffusions de la s\u00e9rie <a href=\"https:\/\/www.20minutes.fr\/culture\/2115255-20170809-cate-blanchett-incarnera-icone-culture-pop-americaine-serie-amazon\" class=\"c-link c-link--is-underlined\" target=\"_blank\" rel=\"noopener\">I love Lucy<\/a>\u00a0\u00bb.<\/p>\n<p>Barry Manilow, dont la carri\u00e8re s\u2019\u00e9tend sur six d\u00e9cennies, a pr\u00e9cis\u00e9 qu\u2019il allait subir une <a href=\"https:\/\/www.20minutes.fr\/dossier\/chirurgie\" class=\"c-link c-link--is-underlined\" target=\"_blank\" rel=\"noopener\">intervention chirurgicale<\/a> et qu\u2019en cons\u00e9quence, il annulait tous ses <a href=\"https:\/\/www.20minutes.fr\/dossier\/concert\" class=\"c-link c-link--is-underlined\" target=\"_blank\" rel=\"noopener\">concerts <\/a>pr\u00e9vus jusqu\u2019en janvier\u00a02026.<\/p>\n<p><a href=\"https:\/\/www.20minutes.fr\/dossier\/chanteur\" class=\"c-link c-btn c-btn--primary\" target=\"_blank\" rel=\"noopener\">Notre dossier \u00ab Chanteur \u00bb<\/a><\/p>\n<p>\u00ab\u00a0Je compte les jours avant de retourner dans mon deuxi\u00e8me chez-moi, au Westgate <a href=\"https:\/\/www.20minutes.fr\/dossier\/las_vegas\" class=\"c-link c-link--is-underlined\" target=\"_blank\" rel=\"noopener\">Las Vegas<\/a>, pour nos concerts du week-end de la Saint-Valentin, les 12, 13, et 14\u00a0f\u00e9vrier 2026\u00a0\u00bb, a-t-il d\u00e9clar\u00e9 dans son communiqu\u00e9. \u00ab\u00a0Quelque chose me dit que ce week-end sera une sacr\u00e9e f\u00eate\u00a0!\u00a0\u00bb, a-t-il conclu.<\/p>\n","protected":false},"excerpt":{"rendered":"C\u2019est un coup dur\u00a0: le chanteur et compositeur am\u00e9ricain Barry Manilow, 82 ans, interpr\u00e8te notamment de succ\u00e8s comme&hellip;\n","protected":false},"author":2,"featured_media":618655,"comment_status":"","ping_status":"","sticky":false,"template":"","format":"standard","meta":{"footnotes":""},"categories":[8],"tags":[101,8203,1695,1696,1697,251,58,59,73,1011,27,2440,873,72878,3287,8107],"class_list":{"0":"post-618654","1":"post","2":"type-post","3":"status-publish","4":"format-standard","5":"has-post-thumbnail","7":"category-divertissement","8":"tag-cancer","9":"tag-cancer-du-poumon","10":"tag-chanson","11":"tag-chanteur","12":"tag-concert","13":"tag-culture","14":"tag-divertissement","15":"tag-entertainment","16":"tag-etats-unis","17":"tag-fr","18":"tag-france","19":"tag-instagram","20":"tag-musique","21":"tag-saint-valentin","22":"tag-stars","23":"tag-tube"},"share_on_mastodon":{"url":"https:\/\/pubeurope.com\/@fr\/115770934398354950","error":""},"_links":{"self":[{"href":"https:\/\/www.europesays.com\/fr\/wp-json\/wp\/v2\/posts\/618654","targetHints":{"allow":["GET"]}}],"collection":[{"href":"https:\/\/www.europesays.com\/fr\/wp-json\/wp\/v2\/posts"}],"about":[{"href":"https:\/\/www.europesays.com\/fr\/wp-json\/wp\/v2\/types\/post"}],"author":[{"embeddable":true,"href":"https:\/\/www.europesays.com\/fr\/wp-json\/wp\/v2\/users\/2"}],"replies":[{"embeddable":true,"href":"https:\/\/www.europesays.com\/fr\/wp-json\/wp\/v2\/comments?post=618654"}],"version-history":[{"count":0,"href":"https:\/\/www.europesays.com\/fr\/wp-json\/wp\/v2\/posts\/618654\/revisions"}],"wp:featuredmedia":[{"embeddable":true,"href":"https:\/\/www.europesays.com\/fr\/wp-json\/wp\/v2\/media\/618655"}],"wp:attachment":[{"href":"https:\/\/www.europesays.com\/fr\/wp-json\/wp\/v2\/media?parent=618654"}],"wp:term":[{"taxonomy":"category","embeddable":true,"href":"https:\/\/www.europesays.com\/fr\/wp-json\/wp\/v2\/categories?post=618654"},{"taxonomy":"post_tag","embeddable":true,"href":"https:\/\/www.europesays.com\/fr\/wp-json\/wp\/v2\/tags?post=618654"}],"curies":[{"name":"wp","href":"https:\/\/api.w.org\/{rel}","templated":true}]}}