{"id":618660,"date":"2025-12-23T21:12:22","date_gmt":"2025-12-23T21:12:22","guid":{"rendered":"https:\/\/www.europesays.com\/fr\/618660\/"},"modified":"2025-12-23T21:12:22","modified_gmt":"2025-12-23T21:12:22","slug":"en-vacances-a-cuba-le-milliardaire-bernard-arnault-prive-les-havanais-de-poisson-pour-noel","status":"publish","type":"post","link":"https:\/\/www.europesays.com\/fr\/618660\/","title":{"rendered":"En vacances \u00e0 Cuba, le milliardaire Bernard Arnault prive les Havanais de poisson pour No\u00ebl"},"content":{"rendered":"<p>Afin que le patron de LVMH puisse jouir tranquillement de son no\u00ebl cubain, les autorit\u00e9s ont bloqu\u00e9 les alentours du navire de luxe \u00e0 la population locale&#8230;<\/p>\n<p>Afin que le patron de LVMH puisse jouir tranquillement de son no\u00ebl cubain, les autorit\u00e9s ont bloqu\u00e9 les alentours du navire de luxe \u00e0 la population locale. Des voitures de police interdisent aux p\u00eacheurs l\u2019acc\u00e8s \u00e0 cette partie du Malecon, le mythique front de mer. Les Cubains se sont offusqu\u00e9s sur les r\u00e9seaux sociaux que le gouvernement et son illustre h\u00f4te aient interdit l\u2019acc\u00e8s aux p\u00eacheurs, dans un pays o\u00f9 les habitants souffrent d\u00e9sormais de la faim.<\/p>\n<p>Le yacht du milliardaire de 76\u00a0ans, dont la valeur est \u00e9valu\u00e9e \u00e0 150\u00a0millions de dollars, peut accueillir 16 invit\u00e9s et un \u00e9quipage de 27\u00a0personnes. Outre des piscines et des jacuzzis, la seule pr\u00e9sence de ce luxueux vaisseau appara\u00eet comme incongrue, alors que l\u2019\u00eele s\u2019enfonce dans <a href=\"https:\/\/www.sudouest.fr\/societe\/precarite\/a-cuba-la-mendicite-en-hausse-face-a-la-crise-economique-s-il-vous-plait-pour-manger-25354893.php\" target=\"_blank\" rel=\"follow noopener\">une crise \u00e9conomique et sanitaire<\/a> qu\u2019elle n\u2019a jamais connue depuis la r\u00e9volution cubaine de 1958.<\/p>\n<p>Crise sanitaire<\/p>\n<p>Selon une \u00e9tude de l\u2019Observatoire cubain des droits humains (OCDH), une ONG tol\u00e9r\u00e9e par le r\u00e9gime, 89\u00a0% de la population vit sous le seuil de pauvret\u00e9. \u00ab\u00a0La situation alimentaire demeure catastrophique. Sept Cubains sur dix ont cess\u00e9 de prendre le petit-d\u00e9jeuner, le d\u00e9jeuner ou le d\u00eener faute d\u2019argent ou en raison des p\u00e9nuries alimentaires. Cette proportion passe \u00e0 huit sur dix chez les personnes de plus de 61\u00a0ans. Seul un quart environ de la population n\u2019a pas rencontr\u00e9 de difficult\u00e9s d\u2019acc\u00e8s \u00e0 la nourriture\u00a0\u00bb, souligne l\u2019\u00e9tude.<\/p>\n<p>De plus en plus de personnes \u00e2g\u00e9es mendient d\u00e9sormais dans la rue, une chose qui n\u2019existait pas il y a encore trois ans. Et Cuba vit depuis cet \u00e9t\u00e9 au temps des \u00e9pid\u00e9mies crois\u00e9es, transmises par les moustiques\u00a0: chikungunya, mais aussi dengue, zika et fi\u00e8vre oropouche. Plus d\u2019un tiers de la population, souvent d\u00e9nutrie, a \u00e9t\u00e9 contamin\u00e9e. Les autorit\u00e9s ont reconnu plusieurs dizaines de d\u00e9c\u00e8s, des chiffres officiels largement sous-estim\u00e9s.<\/p>\n<p>Cette crise sanitaire s\u2019ajoute \u00e0 une crise \u00e9conomique structurelle, avec des pannes de courant quotidiennes de quatre \u00e0 six heures dans la capitale et de 18\u00a0heures dans la r\u00e9gion de Santiago de Cuba. Au point de mettre en danger l\u2019industrie touristique, la principale source de revenus de l\u2019\u00eele communiste. L\u2019Office national de la statistique a confirm\u00e9 qu\u2019au premier semestre 2025, le nombre de visiteurs dans l\u2019\u00eele s\u2019est effondr\u00e9 de 21,5\u00a0% par rapport \u00e0 la m\u00eame p\u00e9riode de l\u2019ann\u00e9e derni\u00e8re.<\/p>\n","protected":false},"excerpt":{"rendered":"Afin que le patron de LVMH puisse jouir tranquillement de son no\u00ebl cubain, les autorit\u00e9s ont bloqu\u00e9 les&hellip;\n","protected":false},"author":2,"featured_media":618661,"comment_status":"","ping_status":"","sticky":false,"template":"","format":"standard","meta":{"footnotes":""},"categories":[5],"tags":[11,1011,27,14,12,28],"class_list":{"0":"post-618660","1":"post","2":"type-post","3":"status-publish","4":"format-standard","5":"has-post-thumbnail","7":"category-international","8":"tag-actualites","9":"tag-fr","10":"tag-france","11":"tag-international","12":"tag-news","13":"tag-world"},"share_on_mastodon":{"url":"https:\/\/pubeurope.com\/@fr\/115770946148765815","error":""},"_links":{"self":[{"href":"https:\/\/www.europesays.com\/fr\/wp-json\/wp\/v2\/posts\/618660","targetHints":{"allow":["GET"]}}],"collection":[{"href":"https:\/\/www.europesays.com\/fr\/wp-json\/wp\/v2\/posts"}],"about":[{"href":"https:\/\/www.europesays.com\/fr\/wp-json\/wp\/v2\/types\/post"}],"author":[{"embeddable":true,"href":"https:\/\/www.europesays.com\/fr\/wp-json\/wp\/v2\/users\/2"}],"replies":[{"embeddable":true,"href":"https:\/\/www.europesays.com\/fr\/wp-json\/wp\/v2\/comments?post=618660"}],"version-history":[{"count":0,"href":"https:\/\/www.europesays.com\/fr\/wp-json\/wp\/v2\/posts\/618660\/revisions"}],"wp:featuredmedia":[{"embeddable":true,"href":"https:\/\/www.europesays.com\/fr\/wp-json\/wp\/v2\/media\/618661"}],"wp:attachment":[{"href":"https:\/\/www.europesays.com\/fr\/wp-json\/wp\/v2\/media?parent=618660"}],"wp:term":[{"taxonomy":"category","embeddable":true,"href":"https:\/\/www.europesays.com\/fr\/wp-json\/wp\/v2\/categories?post=618660"},{"taxonomy":"post_tag","embeddable":true,"href":"https:\/\/www.europesays.com\/fr\/wp-json\/wp\/v2\/tags?post=618660"}],"curies":[{"name":"wp","href":"https:\/\/api.w.org\/{rel}","templated":true}]}}