{"id":618668,"date":"2025-12-23T21:17:15","date_gmt":"2025-12-23T21:17:15","guid":{"rendered":"https:\/\/www.europesays.com\/fr\/618668\/"},"modified":"2025-12-23T21:17:15","modified_gmt":"2025-12-23T21:17:15","slug":"eirik-horneland-terriblement-decu-pour-saint-etienne","status":"publish","type":"post","link":"https:\/\/www.europesays.com\/fr\/618668\/","title":{"rendered":"Eirik Horneland terriblement d\u00e9\u00e7u pour Saint-Etienne"},"content":{"rendered":"<p><b>D\u00e9sormais troisi\u00e8me de <a href=\"https:\/\/www.foot01.com\/ligue2\" title=\"Ligue 2\" target=\"_blank\" rel=\"noopener\">Ligue 2<\/a>, l&rsquo;AS Saint-Etienne est encore loin d&rsquo;\u00eatre assur\u00e9e de remonter en Ligue 1, l\u00e0 o\u00f9 tout le monde l&rsquo;attend. Pour Eirik Horneland, la pr\u00e9sence des Verts en deuxi\u00e8me division est une anomalie en tout point.<\/b>Avec le rachat de <a href=\"https:\/\/www.foot01.com\/st-etienne\" target=\"_self\" rel=\"noopener\">Saint-Etienne<\/a>, Kilmer Sports ne s&rsquo;attendait probablement pas \u00e0 conna\u00eetre un d\u00e9but d&rsquo;aventure aussi d\u00e9licat. D\u00e8s la premi\u00e8re saison, les Verts ont sombr\u00e9 en Ligue 1 et sont retomb\u00e9s en deuxi\u00e8me division. Et malgr\u00e9 25 millions d&rsquo;euros d\u00e9pens\u00e9s lors du mercato estival 2025, soit trois fois plus que les 17 autres clubs cumul\u00e9s, le club st\u00e9phanois ne roule m\u00eame pas sur son championnat. Pour Eirik Horneland, l&rsquo;entraineur de l&rsquo;ASSE, la place de son \u00e9quipe n&rsquo;est nulle part ailleurs que dans l&rsquo;\u00e9lite du football fran\u00e7ais. Ses arguments ? L&rsquo;histoire richissime du club, ses supporters toujours pr\u00e9sents et le projet port\u00e9 par les propri\u00e9taires actuels.L&rsquo;ASSE doit \u00e9voluer en Ligue 1<\/p>\n<p>\u00ab Ce que je retiens \u00e9galement c&rsquo;est que Saint-\u00c9tienne est une ville fantastique pour le foot. Il y a \u00e9galement une fantastique ambiance au stade Geoffroy-Guichard et m\u00eame \u00e0 l\u2019ext\u00e9rieur avec beaucoup d&rsquo;engouement autour de ce club. C\u2019est une ville et un club qui m\u00e9ritent le succ\u00e8s, le soutien est vraiment \u00e9norme autour de l\u2019ASSE. C&rsquo;est quelque chose de vraiment fort pour un club qui a une grosse histoire. Je suis toujours confiant dans le projet, dans le fait qu\u2019on arrive \u00e0 avoir des r\u00e9sultats, dans l\u2019investissement et la volont\u00e9 que mettent les propri\u00e9taires. Ils ont la volont\u00e9 de faire tout ce qu\u2019il faut pour y arriver, pour remettre ce club o\u00f9 il doit \u00eatre \u00bb, a d\u00e9clar\u00e9 Eirik Horneland en conf\u00e9rence de presse.<\/p>\n<p>Une belle d\u00e9claration d&rsquo;amour envers un club qui continue de lui faire confiance malgr\u00e9 les p\u00e9rip\u00e9ties rencontr\u00e9es depuis son arriv\u00e9e. Pour l&rsquo;heure, Saint-Etienne compte 5 points d&rsquo;\u00e9cart avec la place de leader, m\u00eame si les supporters st\u00e9phanois attendent m\u00eame une mont\u00e9e directe via la deuxi\u00e8me place s&rsquo;il le faut. Mais seulement 5 points les s\u00e9parent de la 8e place \u00e0 la mi-saison\u2026<\/p>\n","protected":false},"excerpt":{"rendered":"D\u00e9sormais troisi\u00e8me de Ligue 2, l&rsquo;AS Saint-Etienne est encore loin d&rsquo;\u00eatre assur\u00e9e de remonter en Ligue 1, l\u00e0&hellip;\n","protected":false},"author":2,"featured_media":618669,"comment_status":"","ping_status":"","sticky":false,"template":"","format":"standard","meta":{"footnotes":""},"categories":[9653],"tags":[1111,11,461,2430,1777,674,1011,27,446,12,25,4001],"class_list":{"0":"post-618668","1":"post","2":"type-post","3":"status-publish","4":"format-standard","5":"has-post-thumbnail","7":"category-saint-etienne","8":"tag-actu","9":"tag-actualites","10":"tag-asse","11":"tag-auvergne-rhone-alpes","12":"tag-eu","13":"tag-europe","14":"tag-fr","15":"tag-france","16":"tag-ligue-2","17":"tag-news","18":"tag-republique-francaise","19":"tag-saint-etienne"},"share_on_mastodon":{"url":"https:\/\/pubeurope.com\/@fr\/115770965686999845","error":""},"_links":{"self":[{"href":"https:\/\/www.europesays.com\/fr\/wp-json\/wp\/v2\/posts\/618668","targetHints":{"allow":["GET"]}}],"collection":[{"href":"https:\/\/www.europesays.com\/fr\/wp-json\/wp\/v2\/posts"}],"about":[{"href":"https:\/\/www.europesays.com\/fr\/wp-json\/wp\/v2\/types\/post"}],"author":[{"embeddable":true,"href":"https:\/\/www.europesays.com\/fr\/wp-json\/wp\/v2\/users\/2"}],"replies":[{"embeddable":true,"href":"https:\/\/www.europesays.com\/fr\/wp-json\/wp\/v2\/comments?post=618668"}],"version-history":[{"count":0,"href":"https:\/\/www.europesays.com\/fr\/wp-json\/wp\/v2\/posts\/618668\/revisions"}],"wp:featuredmedia":[{"embeddable":true,"href":"https:\/\/www.europesays.com\/fr\/wp-json\/wp\/v2\/media\/618669"}],"wp:attachment":[{"href":"https:\/\/www.europesays.com\/fr\/wp-json\/wp\/v2\/media?parent=618668"}],"wp:term":[{"taxonomy":"category","embeddable":true,"href":"https:\/\/www.europesays.com\/fr\/wp-json\/wp\/v2\/categories?post=618668"},{"taxonomy":"post_tag","embeddable":true,"href":"https:\/\/www.europesays.com\/fr\/wp-json\/wp\/v2\/tags?post=618668"}],"curies":[{"name":"wp","href":"https:\/\/api.w.org\/{rel}","templated":true}]}}