{"id":618681,"date":"2025-12-23T21:32:38","date_gmt":"2025-12-23T21:32:38","guid":{"rendered":"https:\/\/www.europesays.com\/fr\/618681\/"},"modified":"2025-12-23T21:32:38","modified_gmt":"2025-12-23T21:32:38","slug":"grenoble-edgar-yves-et-son-manque-de-vigilance","status":"publish","type":"post","link":"https:\/\/www.europesays.com\/fr\/618681\/","title":{"rendered":"Grenoble. Edgar-Yves et son manque de Vigilance"},"content":{"rendered":"<p>\u00ab\u00a0Apr\u00e8s deux ans de tourn\u00e9e avec Solide  et des vid\u00e9os sur les r\u00e9seaux de moi qui parle avec du violon derri\u00e8re, je reprends la route\u00a0! Pour quelle raison\u00a0? L\u2019amour de la sc\u00e8ne\u00a0? Du public\u00a0? Le frisson du challenge\u00a0? Oui, oui, bien s\u00fbr, mais soyons honn\u00eates\u00a0: il me faut du cash aussi\u00a0! En \u00e9change de bonnes blagues, je compte sur vous pour me donner de quoi faire kiffer Francis. ChatGPT m\u2019a conseill\u00e9, pour ce nouvel opus, d\u2019\u00eatre inclusif, mesur\u00e9, de prendre en compte les \u00e9motions de chacun et de ne surtout pas \u00eatre offensant. Je me suis d\u00e9sabonn\u00e9\u00a0! Je pr\u00e9f\u00e8re le style humain, incorrect et pr\u00e9cis, maladroit &amp; attendrissant\u2026 Bref, tout ce qui fait le sel d\u2019une bonne blague\u00a0: le manque de \u201cVigilance\u201d.\u00a0\u00bb Edgar-Yves remonte sur sc\u00e8ne et multiplie les dates tant le public l\u2019aime.<\/p>\n<p class=\"note\">Samedi 24\u00a0octobre \u00e0 20 heures \u00e0 l\u2019Auditorium (<a href=\"https:\/\/www.ledauphine.com\/p\/alpexpo\" target=\"_blank\" rel=\"nofollow noopener\">Alpexpo<\/a>) \u00e0 Grenoble. \u00c0 partir de 40\u00a0\u20ac.<\/p>\n","protected":false},"excerpt":{"rendered":"\u00ab\u00a0Apr\u00e8s deux ans de tourn\u00e9e avec Solide et des vid\u00e9os sur les r\u00e9seaux de moi qui parle avec&hellip;\n","protected":false},"author":2,"featured_media":618682,"comment_status":"","ping_status":"","sticky":false,"template":"","format":"standard","meta":{"footnotes":""},"categories":[9566],"tags":[1111,11,2430,1687,112,1777,674,1011,27,2731,2732,108,12,25,3140],"class_list":{"0":"post-618681","1":"post","2":"type-post","3":"status-publish","4":"format-standard","5":"has-post-thumbnail","7":"category-grenoble","8":"tag-actu","9":"tag-actualites","10":"tag-auvergne-rhone-alpes","11":"tag-culture-loisirs","12":"tag-edition-grenoble-agglomeration","13":"tag-eu","14":"tag-europe","15":"tag-fr","16":"tag-france","17":"tag-grenoble","18":"tag-grenoble-bassin","19":"tag-isere","20":"tag-news","21":"tag-republique-francaise","22":"tag-spectacle"},"share_on_mastodon":{"url":"https:\/\/pubeurope.com\/@fr\/115771024787550088","error":""},"_links":{"self":[{"href":"https:\/\/www.europesays.com\/fr\/wp-json\/wp\/v2\/posts\/618681","targetHints":{"allow":["GET"]}}],"collection":[{"href":"https:\/\/www.europesays.com\/fr\/wp-json\/wp\/v2\/posts"}],"about":[{"href":"https:\/\/www.europesays.com\/fr\/wp-json\/wp\/v2\/types\/post"}],"author":[{"embeddable":true,"href":"https:\/\/www.europesays.com\/fr\/wp-json\/wp\/v2\/users\/2"}],"replies":[{"embeddable":true,"href":"https:\/\/www.europesays.com\/fr\/wp-json\/wp\/v2\/comments?post=618681"}],"version-history":[{"count":0,"href":"https:\/\/www.europesays.com\/fr\/wp-json\/wp\/v2\/posts\/618681\/revisions"}],"wp:featuredmedia":[{"embeddable":true,"href":"https:\/\/www.europesays.com\/fr\/wp-json\/wp\/v2\/media\/618682"}],"wp:attachment":[{"href":"https:\/\/www.europesays.com\/fr\/wp-json\/wp\/v2\/media?parent=618681"}],"wp:term":[{"taxonomy":"category","embeddable":true,"href":"https:\/\/www.europesays.com\/fr\/wp-json\/wp\/v2\/categories?post=618681"},{"taxonomy":"post_tag","embeddable":true,"href":"https:\/\/www.europesays.com\/fr\/wp-json\/wp\/v2\/tags?post=618681"}],"curies":[{"name":"wp","href":"https:\/\/api.w.org\/{rel}","templated":true}]}}