{"id":618687,"date":"2025-12-23T21:36:11","date_gmt":"2025-12-23T21:36:11","guid":{"rendered":"https:\/\/www.europesays.com\/fr\/618687\/"},"modified":"2025-12-23T21:36:11","modified_gmt":"2025-12-23T21:36:11","slug":"un-audit-a-la-suite-de-la-mise-en-cause-du-management-de-la-directrice-kaori-ito","status":"publish","type":"post","link":"https:\/\/www.europesays.com\/fr\/618687\/","title":{"rendered":"un audit \u00e0 la suite de la mise en cause du management de la directrice Kaori Ito"},"content":{"rendered":"<p>Pourquoi les tutelles (la Ville de Strasbourg, principal financeur \u00e0 hauteur de plus d\u2019un million d\u2019euros, la Direction r\u00e9gionale des affaires culturelles du Grand Est (DRAC), la CEA, l\u2019Eurom\u00e9tropole de Strasbourg) n\u2019ont-elles pas \u00e9t\u00e9 alert\u00e9es sur la gouvernance jug\u00e9e toxique par une partie de l\u2019\u00e9quipe du Th\u00e9\u00e2tre Jeune Public Centre dramatique national (TJP CDN) de Strasbourg ? Depuis 2023, l\u2019\u00e9tablissement culturel tourn\u00e9 vers la jeunesse est dirig\u00e9 par la chor\u00e9graphe Kaori Ito.<\/p>\n<p>\u00ab\u00a0Une ligne qui change en permanence\u00a0\u00bb<\/p>\n<p>\u00ab\u00a0Ce n\u2019est pas un refus d\u2019obstacle, plaide St\u00e9phane Bossuet, le pr\u00e9sident de l\u2019association TJP qui salarie le personnel de l\u2019\u00e9tablissement. Je n\u2019avais pas pris la pleine conscience des grosses&#8230;<\/p>\n","protected":false},"excerpt":{"rendered":"Pourquoi les tutelles (la Ville de Strasbourg, principal financeur \u00e0 hauteur de plus d\u2019un million d\u2019euros, la Direction&hellip;\n","protected":false},"author":2,"featured_media":618688,"comment_status":"","ping_status":"","sticky":false,"template":"","format":"standard","meta":{"footnotes":""},"categories":[2820],"tags":[1111,11,2389,9671,1687,2880,1777,674,107,1011,27,775,12,25,801,640,2879],"class_list":{"0":"post-618687","1":"post","2":"type-post","3":"status-publish","4":"format-standard","5":"has-post-thumbnail","7":"category-strasbourg","8":"tag-actu","9":"tag-actualites","10":"tag-alsace","11":"tag-conflit-social","12":"tag-culture-loisirs","13":"tag-edition-strasbourg","14":"tag-eu","15":"tag-europe","16":"tag-fil-info","17":"tag-fr","18":"tag-france","19":"tag-grand-est","20":"tag-news","21":"tag-republique-francaise","22":"tag-social","23":"tag-strasbourg","24":"tag-strasbourg-ville"},"share_on_mastodon":{"url":"https:\/\/pubeurope.com\/@fr\/115771040518752402","error":""},"_links":{"self":[{"href":"https:\/\/www.europesays.com\/fr\/wp-json\/wp\/v2\/posts\/618687","targetHints":{"allow":["GET"]}}],"collection":[{"href":"https:\/\/www.europesays.com\/fr\/wp-json\/wp\/v2\/posts"}],"about":[{"href":"https:\/\/www.europesays.com\/fr\/wp-json\/wp\/v2\/types\/post"}],"author":[{"embeddable":true,"href":"https:\/\/www.europesays.com\/fr\/wp-json\/wp\/v2\/users\/2"}],"replies":[{"embeddable":true,"href":"https:\/\/www.europesays.com\/fr\/wp-json\/wp\/v2\/comments?post=618687"}],"version-history":[{"count":0,"href":"https:\/\/www.europesays.com\/fr\/wp-json\/wp\/v2\/posts\/618687\/revisions"}],"wp:featuredmedia":[{"embeddable":true,"href":"https:\/\/www.europesays.com\/fr\/wp-json\/wp\/v2\/media\/618688"}],"wp:attachment":[{"href":"https:\/\/www.europesays.com\/fr\/wp-json\/wp\/v2\/media?parent=618687"}],"wp:term":[{"taxonomy":"category","embeddable":true,"href":"https:\/\/www.europesays.com\/fr\/wp-json\/wp\/v2\/categories?post=618687"},{"taxonomy":"post_tag","embeddable":true,"href":"https:\/\/www.europesays.com\/fr\/wp-json\/wp\/v2\/tags?post=618687"}],"curies":[{"name":"wp","href":"https:\/\/api.w.org\/{rel}","templated":true}]}}