{"id":618691,"date":"2025-12-23T21:38:19","date_gmt":"2025-12-23T21:38:19","guid":{"rendered":"https:\/\/www.europesays.com\/fr\/618691\/"},"modified":"2025-12-23T21:38:19","modified_gmt":"2025-12-23T21:38:19","slug":"la-68e-edition-des-regates-internationales-de-star-va-reunir-un-plateau-international-du-28-au-30-decembre-en-baie-des-anges","status":"publish","type":"post","link":"https:\/\/www.europesays.com\/fr\/618691\/","title":{"rendered":"La 68e \u00e9dition des R\u00e9gates internationales de Star va r\u00e9unir un plateau international du 28 au 30 d\u00e9cembre en Baie des Anges"},"content":{"rendered":"<p class=\"fs-5 \">Pour les puristes, les amoureux de la r\u00e9gate, les \u00ab vrais \u00bb, le Star, en plus d\u2019\u00eatre une ancienne s\u00e9rie olympique (jusqu\u2019en 2012), est aussi &#8211; et surtout ! &#8211; un bateau mythique. Qui se r\u00e9v\u00e8le \u00e0 la fois \u00ab sportif \u00bb, surtout dans la brise, et extr\u00eamement \u00ab technique \u00bb dans le petit temps. Un quillard exigeant donc, \u00e0 ne pas mettre dans les mains du premier marin d\u2019eau douce venu. R\u00e9serv\u00e9 aux seuls initi\u00e9s\u2026<\/p>\n<p class=\"fs-5 \">Ce qui explique, d\u2019ailleurs, la f\u00e9erie du spectacle constamment offert sur cet Historical event comptant parmi les rendez-vous nautiques les plus prestigieux et les plus pris\u00e9s de l\u2019h\u00e9misph\u00e8re Est. Pour la 68e \u00e9dition de ce Troph\u00e9e Jacques-Puiss\u00e9gur, pr\u00e8s de 25 unit\u00e9s sont encore attendues en Baie des Anges avec, \u00e0 leurs bords, quelques pointures plan\u00e9taires. Dont l\u2019objectif sera, naturellement, de succ\u00e9der au palmar\u00e8s aux Autrichiens Franz Kloiber et Michael Ficher, vainqueurs en 2024. Parmi eux, un certain Diego Negri, deux titres de champion du monde \u00e9pingl\u00e9s au m\u00e2t de son sloop. Un as de la navigation. L\u2019Italien, bas\u00e9 au Nord du lac de Garde, est \u00e0 lui seul promesse de tr\u00e8s, tr\u00e8s haut niveau\u2026<\/p>\n<p>        <img src=\"https:\/\/www.europesays.com\/fr\/wp-content\/uploads\/2025\/12\/3509f57_upload-from-url-1-exltlzwjg51w-data-art-16313976.jpg\"   loading=\"lazy\" decoding=\"async\" alt=\"Le plus grand r\u00eave de Nathan Mesiano serait de participer au Vend\u00e9e Globe. Photo S. Botella \" class=\"img-fluid position-absolute w-100 object-fit-cover rounded-2\" width=\"600\" height=\"400\"\/><\/p>\n<p>                                                                                Au moins deux manches par jour<\/p>\n<p class=\"fs-5 \">Mais il ne sera pas le seul \u00e0 vouloir livrer bataille sur ces vagues que l\u2019on sait parfois espi\u00e8gles, avec une belle densit\u00e9 sur l\u2019eau et des \u00e9quipages professionnels venus tout sp\u00e9cialement d\u2019Australie, d\u2019Allemagne, d\u2019Autriche ou encore de Suisse. Des \u00ab top concurrents \u00bb qui se verront toutefois challeng\u00e9s, \u00e0 chaque sortie, par quelques amateurs \u00e9clair\u00e9s qui, eux aussi, continuent vaille que vaille \u00e0 faire vivre la passion du Star. On pense, entre autres, au Ni\u00e7ois Jean-Gabriel Charton, sacr\u00e9 cet hiver champion de France, et qui, \u00ab \u00e0 la maison \u00bb, mettra \u00e0 profit sa connaissance parfaite du terrain de jeu pour en anticiper les pi\u00e8ges et essayer de surprendre le reste de la flotte\u2026<\/p>\n<p class=\"fs-5 \">Ancr\u00e9es au c\u0153ur du calendrier international et organis\u00e9es par le Club Nautique de Nice, en association avec France Starclass (sous l\u2019autorit\u00e9 de la F\u00e9d\u00e9ration fran\u00e7aise de voile), ces R\u00e9gates verront donc, chaque jour, au minimum deux manches se courir. Le matin, afin de b\u00e9n\u00e9ficier de conditions optimales. \u00ab \u00c7a permet en effet de profiter du vent thermique, qui descend des montagnes, se justifie le pr\u00e9sident du CNN, Fr\u00e9d\u00e9ric Allo. Parce qu\u2019ensuite, avec le soleil qui commence \u00e0 chauffer et le ph\u00e9nom\u00e8ne de bascule que \u00e7a g\u00e9n\u00e8re, pour que le vent dominant s\u2019\u00e9tablisse et permette de \u00ab jouer \u00bb proprement, \u00e7a peut prendre du temps, beaucoup de temps\u2026 \u00bb<\/p>\n<p class=\"fs-5 \">\u00c0 noter enfin que le pr\u00e9sident du comit\u00e9 de course ne sera autre que l\u2019Antibois Olivier de Turckheim, homme \u00e0 la comp\u00e9tence universellement reconnue, ayant notamment offici\u00e9 sur les \u00e9preuves de kite aux JO de 2024\u2026<\/p>\n<p class=\"fs-5 \"><strong>Le programme\u00a0:<\/strong><\/p>\n<p class=\"fs-5 \">Dimanche 28 d\u00e9cembre : 2 courses au minimum, programm\u00e9es de 8h45 \u00e0 12 heures. <br \/>Lundi 29 : 2 courses programm\u00e9es de 8h45 \u00e0 12h. <br \/>Mardi 30 : 2 courses programm\u00e9es de 8h45 \u00e0 12h, suivies de la remise des prix \u00e0 14 heures.<\/p>\n","protected":false},"excerpt":{"rendered":"Pour les puristes, les amoureux de la r\u00e9gate, les \u00ab vrais \u00bb, le Star, en plus d\u2019\u00eatre une&hellip;\n","protected":false},"author":2,"featured_media":618692,"comment_status":"","ping_status":"","sticky":false,"template":"","format":"standard","meta":{"footnotes":""},"categories":[2819],"tags":[1111,11,1777,674,1011,27,12,2401,882,25],"class_list":{"0":"post-618691","1":"post","2":"type-post","3":"status-publish","4":"format-standard","5":"has-post-thumbnail","7":"category-nice","8":"tag-actu","9":"tag-actualites","10":"tag-eu","11":"tag-europe","12":"tag-fr","13":"tag-france","14":"tag-news","15":"tag-nice","16":"tag-provence-alpes-cote-dazur","17":"tag-republique-francaise"},"share_on_mastodon":{"url":"https:\/\/pubeurope.com\/@fr\/115771048385935804","error":""},"_links":{"self":[{"href":"https:\/\/www.europesays.com\/fr\/wp-json\/wp\/v2\/posts\/618691","targetHints":{"allow":["GET"]}}],"collection":[{"href":"https:\/\/www.europesays.com\/fr\/wp-json\/wp\/v2\/posts"}],"about":[{"href":"https:\/\/www.europesays.com\/fr\/wp-json\/wp\/v2\/types\/post"}],"author":[{"embeddable":true,"href":"https:\/\/www.europesays.com\/fr\/wp-json\/wp\/v2\/users\/2"}],"replies":[{"embeddable":true,"href":"https:\/\/www.europesays.com\/fr\/wp-json\/wp\/v2\/comments?post=618691"}],"version-history":[{"count":0,"href":"https:\/\/www.europesays.com\/fr\/wp-json\/wp\/v2\/posts\/618691\/revisions"}],"wp:featuredmedia":[{"embeddable":true,"href":"https:\/\/www.europesays.com\/fr\/wp-json\/wp\/v2\/media\/618692"}],"wp:attachment":[{"href":"https:\/\/www.europesays.com\/fr\/wp-json\/wp\/v2\/media?parent=618691"}],"wp:term":[{"taxonomy":"category","embeddable":true,"href":"https:\/\/www.europesays.com\/fr\/wp-json\/wp\/v2\/categories?post=618691"},{"taxonomy":"post_tag","embeddable":true,"href":"https:\/\/www.europesays.com\/fr\/wp-json\/wp\/v2\/tags?post=618691"}],"curies":[{"name":"wp","href":"https:\/\/api.w.org\/{rel}","templated":true}]}}