{"id":618699,"date":"2025-12-23T21:44:20","date_gmt":"2025-12-23T21:44:20","guid":{"rendered":"https:\/\/www.europesays.com\/fr\/618699\/"},"modified":"2025-12-23T21:44:20","modified_gmt":"2025-12-23T21:44:20","slug":"803-822-euros-le-cout-de-la-porte-de-la-mairie-interpelle","status":"publish","type":"post","link":"https:\/\/www.europesays.com\/fr\/618699\/","title":{"rendered":"\u00ab 803 822 euros \u00bb le co\u00fbt de la porte de la Mairie interpelle"},"content":{"rendered":"<p>\ud83d\udd52 Article publi\u00e9 le 23 d\u00e9cembre 2025<br \/>&#13;<br \/>\n\u2705 Mis \u00e0 jour le 23 d\u00e9cembre 2025<\/p>\n<p>Le 12 d\u00e9cembre dernier, <strong>Bordeaux inaugurait la nouvelle porte de son h\u00f4tel de ville<\/strong>, presque trois ans apr\u00e8s l\u2019incendie criminel qui l\u2019avait d\u00e9truite. Le <strong>montant des travaux<\/strong>, 803 822 euros, fait d\u00e9bat. Pourtant, la r\u00e9alit\u00e9 du financement de cette restauration patrimoniale raconte une toute autre histoire.<\/p>\n<p>Nouvelle porte de la mairie de Bordeaux apr\u00e8s l\u2019incendie \u00a9 Thierry David<\/p>\n<p>Le co\u00fbt de la restauration du Palais Rohan divise<\/p>\n<p>Le chiffre fait bondir : <strong>803 822 euros pour remplacer une porte<\/strong>. C\u2019est le montant total qu\u2019a n\u00e9cessit\u00e9 la restauration de l\u2019entr\u00e9e monumentale du Palais Rohan, si\u00e8ge de la mairie de Bordeaux depuis 1837. Un co\u00fbt qui interpelle d\u2019autant plus que <strong>l\u2019incendie r\u00e9sulte d\u2019un acte criminel<\/strong> perp\u00e9tr\u00e9 en marge des manifestations contre la r\u00e9forme des retraites en 2023.<\/p>\n<p>Toutefois, ce montant m\u00e9rite d\u2019\u00eatre replac\u00e9 dans son contexte. D\u2019abord, les <strong>assurances municipales<\/strong> ont pris en charge 628 000 euros, soit <strong>78% de la facture<\/strong> totale. Par cons\u00e9quent, le co\u00fbt r\u00e9el pour la collectivit\u00e9 s\u2019\u00e9l\u00e8ve \u00e0 environ 175 000 euros. Ensuite, il ne s\u2019agit pas d\u2019une simple porte mais d\u2019un \u00e9l\u00e9ment architectural du XVIIIe si\u00e8cle, class\u00e9 <a target=\"_blank\" href=\"https:\/\/www.culture.gouv.fr\/thematiques\/monuments-sites\/monuments-historiques-sites-patrimoniaux\/les-monuments-historiques\" rel=\"noopener\">Monument historique<\/a> depuis 1997.<\/p>\n<p>Cette porte monumentale p\u00e8se 1 800 kilos et mesure environ 4 m\u00e8tres sur 7. Elle a mobilis\u00e9 13 entreprises sp\u00e9cialis\u00e9es, dont sept implant\u00e9es en Gironde. Parmi elles, Les M\u00e9tiers du Bois (LMDB) a sculpt\u00e9 les deux battants en ch\u00eane massif, tandis que les Compagnons de Saint-Jacques ont restaur\u00e9 l\u2019encadrement de pierre.<\/p>\n<p>Les Bordelais ont tranch\u00e9 : une restauration \u00e0 l\u2019identique<\/p>\n<p>\u00c0 l\u2019automne 2023, la mairie a lanc\u00e9 une vaste <strong>consultation publique<\/strong>. Deux options \u00e9taient propos\u00e9es : reconstruire la porte \u00e0 l\u2019identique ou opter pour une cr\u00e9ation contemporaine respectant les codes patrimoniaux. Le r\u00e9sultat fut sans appel.<\/p>\n<p>Sur les <strong>13 820 participants<\/strong>, 75,5% ont choisi la restauration fid\u00e8le \u00e0 l\u2019originale de 1784. Cette mobilisation citoyenne exceptionnelle d\u00e9montre l\u2019attachement profond des Bordelais \u00e0 <a href=\"https:\/\/passion-aquitaine.ouest-france.fr\/noms-rues-bordeaux\/\" target=\"_blank\" rel=\"noopener\">leur rues<\/a> et patrimoine architectural. Pierre Hurmic, le maire \u00e9cologiste, a respect\u00e9 ce vote populaire.<\/p>\n<p>La nouvelle porte pr\u00e9sente n\u00e9anmoins une diff\u00e9rence notable avec celle qu\u2019elle remplace. En effet, l\u2019ancienne avait \u00e9t\u00e9 repeinte en bleu apr\u00e8s la Seconde Guerre mondiale. Les conservateurs du patrimoine ont d\u00e9cid\u00e9 de <strong>revenir \u00e0 l\u2019aspect d\u2019origine<\/strong> : le bois de ch\u00eane dans sa teinte naturelle, tel qu\u2019il \u00e9tait en 1784. Ce choix esth\u00e9tique conf\u00e8re \u00e0 l\u2019ouvrage une authenticit\u00e9 historique que l\u2019ancien badigeon masquait.<\/p>\n<p>3 500 heures de travail pour recr\u00e9er un chef-d\u2019\u0153uvre<\/p>\n<p>Derri\u00e8re le chiffre financier se cache un <a href=\"https:\/\/www.franceinfo.fr\/france\/nouvelle-aquitaine\/gironde\/bordeaux\/porte-de-la-mairie-de-bordeaux-incendiee-en-2023-il-a-fallu-un-gros-travail-pour-la-reproduire-a-l-identique-explique-le-maire-avant-l-inauguration_7672357.html\" target=\"_blank\" rel=\"noopener\">travail artisanal colossal<\/a>. <strong>La restauration a n\u00e9cessit\u00e9 3 500 heures de travail<\/strong> r\u00e9parties sur 30 mois. Les artisans ont d\u00fb reproduire \u00e0 l\u2019identique les ornements sculpt\u00e9s, notamment les visages de Saint-Pierre et Saint-Paul qui ornaient la porte d\u2019origine.<\/p>\n<p><img loading=\"lazy\" decoding=\"async\" aria-describedby=\"caption-attachment-31162\" class=\"wp-image-31162 size-full lazyload\" title=\"Fabrication de la nouvelle porte de l'h\u00f4tel de ville\" src=\"https:\/\/www.europesays.com\/fr\/wp-content\/uploads\/2025\/12\/restauration-porte-bordeaux.webp.webp\" alt=\"Fabrication de la nouvelle porte de l'h\u00f4tel de ville\" width=\"1200\" height=\"800\" style=\"--smush-placeholder-width: 1200px; --smush-placeholder-aspect-ratio: 1200\/800;\"\/><\/p>\n<p id=\"caption-attachment-31162\" class=\"wp-caption-text\">Fabrication de la nouvelle porte de l\u2019h\u00f4tel de ville \u00a9 I.Franchet<\/p>\n<p>Le Palais Rohan a \u00e9t\u00e9 construit entre 1771 et 1784 pour l\u2019archev\u00eaque Ferdinand-Maximilien M\u00e9riadec de Rohan. \u00c0 l\u2019\u00e9poque, c\u2019\u00e9tait un archev\u00each\u00e9 avant de devenir successivement palais imp\u00e9rial sous Napol\u00e9on Ier puis h\u00f4tel de ville en 1837. Cette porte repr\u00e9sente donc bien plus qu\u2019un simple acc\u00e8s : elle symbolise pr\u00e8s de <strong>250 ans d\u2019histoire bordelaise<\/strong>.<\/p>\n<p>Les M\u00e9tiers du Bois ont utilis\u00e9 du ch\u00eane massif issu de for\u00eats fran\u00e7aises, labellis\u00e9 \u201cBois de France niveau or\u201d. Chaque battant p\u00e8se environ 900 kilos et a \u00e9t\u00e9 assembl\u00e9 selon des techniques traditionnelles du XVIIIe si\u00e8cle. Les Ateliers de la Chapelle, situ\u00e9s dans le Maine-et-Loire, se sont charg\u00e9s de sculpter les figures d\u00e9coratives avec une pr\u00e9cision millim\u00e9trique.<\/p>\n<p>Six condamnations pour l\u2019incendie criminel<\/p>\n<p>La facture financi\u00e8re n\u2019est pas la seule cons\u00e9quence de l\u2019incendie du 23 mars 2023. En mars 2024, le tribunal correctionnel de Bordeaux a condamn\u00e9 six personnes \u00e0 des <strong>peines allant d\u2019un an avec sursis \u00e0 six ans de prison ferme<\/strong>.<\/p>\n<p>Retraites : incendie \u00e0 la mairie de Bordeaux<\/p>\n<p>\u00a0<\/p>\n<p>La condamnation la plus lourde a frapp\u00e9 un homme de 41 ans, d\u00e9j\u00e0 condamn\u00e9 24 fois auparavant. Les enqu\u00eateurs l\u2019ont identifi\u00e9 gr\u00e2ce aux images de vid\u00e9osurveillance. Il appara\u00eet clairement en train d\u2019alimenter le brasier avec des poubelles et une trottinette \u00e9lectrique. Les autres pr\u00e9venus, pour la plupart sans emploi et pr\u00e9sentant des addictions, ont qualifi\u00e9 leur geste d&rsquo;\u201didiot\u201d et \u201cdangereux\u201d.<\/p>\n<p><strong>L\u2019incendie avait dur\u00e9 une quinzaine de minutes<\/strong> avant que les pompiers ne l\u2019\u00e9teignent. Les flammes, qui montaient \u00e0 plusieurs m\u00e8tres de hauteur, avaient \u00e9galement endommag\u00e9 l\u2019encadrement de pierre. D\u2019o\u00f9 la n\u00e9cessit\u00e9 d\u2019inclure ces travaux de ma\u00e7onnerie dans la restauration globale.<\/p>\n<p>La nouvelle porte du Palais Rohan incarne d\u00e9sormais un symbole double : celui de la pr\u00e9servation du patrimoine mais aussi celui de la r\u00e9silience d\u2019une ville face au vandalisme. Un patrimoine que les Bordelais ont choisi de conserver intact pour les g\u00e9n\u00e9rations futures.<\/p>\n","protected":false},"excerpt":{"rendered":"\ud83d\udd52 Article publi\u00e9 le 23 d\u00e9cembre 2025&#13; \u2705 Mis \u00e0 jour le 23 d\u00e9cembre 2025 Le 12 d\u00e9cembre&hellip;\n","protected":false},"author":2,"featured_media":618700,"comment_status":"","ping_status":"","sticky":false,"template":"","format":"standard","meta":{"footnotes":""},"categories":[2817],"tags":[1111,11,1997,72885,1777,674,1011,27,72881,23511,12,2219,72884,72882,25,72883],"class_list":{"0":"post-618699","1":"post","2":"type-post","3":"status-publish","4":"format-standard","5":"has-post-thumbnail","7":"category-bordeaux","8":"tag-actu","9":"tag-actualites","10":"tag-bordeaux","11":"tag-cou00fbt-restauration","12":"tag-eu","13":"tag-europe","14":"tag-fr","15":"tag-france","16":"tag-mairie-bordeaux","17":"tag-monument-historique","18":"tag-news","19":"tag-nouvelle-aquitaine","20":"tag-nouvelle-porte","21":"tag-palais-rohan","22":"tag-republique-francaise","23":"tag-restauration-patrimoine"},"share_on_mastodon":{"url":"https:\/\/pubeurope.com\/@fr\/115771072731764123","error":""},"_links":{"self":[{"href":"https:\/\/www.europesays.com\/fr\/wp-json\/wp\/v2\/posts\/618699","targetHints":{"allow":["GET"]}}],"collection":[{"href":"https:\/\/www.europesays.com\/fr\/wp-json\/wp\/v2\/posts"}],"about":[{"href":"https:\/\/www.europesays.com\/fr\/wp-json\/wp\/v2\/types\/post"}],"author":[{"embeddable":true,"href":"https:\/\/www.europesays.com\/fr\/wp-json\/wp\/v2\/users\/2"}],"replies":[{"embeddable":true,"href":"https:\/\/www.europesays.com\/fr\/wp-json\/wp\/v2\/comments?post=618699"}],"version-history":[{"count":0,"href":"https:\/\/www.europesays.com\/fr\/wp-json\/wp\/v2\/posts\/618699\/revisions"}],"wp:featuredmedia":[{"embeddable":true,"href":"https:\/\/www.europesays.com\/fr\/wp-json\/wp\/v2\/media\/618700"}],"wp:attachment":[{"href":"https:\/\/www.europesays.com\/fr\/wp-json\/wp\/v2\/media?parent=618699"}],"wp:term":[{"taxonomy":"category","embeddable":true,"href":"https:\/\/www.europesays.com\/fr\/wp-json\/wp\/v2\/categories?post=618699"},{"taxonomy":"post_tag","embeddable":true,"href":"https:\/\/www.europesays.com\/fr\/wp-json\/wp\/v2\/tags?post=618699"}],"curies":[{"name":"wp","href":"https:\/\/api.w.org\/{rel}","templated":true}]}}