{"id":61870,"date":"2025-04-29T13:20:09","date_gmt":"2025-04-29T13:20:09","guid":{"rendered":"https:\/\/www.europesays.com\/fr\/61870\/"},"modified":"2025-04-29T13:20:09","modified_gmt":"2025-04-29T13:20:09","slug":"ce-festival-historique-a-rennes-disparait-apres-30-ans-dexistence","status":"publish","type":"post","link":"https:\/\/www.europesays.com\/fr\/61870\/","title":{"rendered":"Ce festival historique \u00e0 Rennes dispara\u00eet apr\u00e8s 30 ans d\u2019existence"},"content":{"rendered":"<p>\u00ab C\u2019est avec d\u2019immenses regrets, \u00e9norm\u00e9ment de tristesse et beaucoup de nostalgie que nous souhaitons vous annoncer la fin du festival Quartier d\u2019\u00e9t\u00e9 \u00bb. Dans un communiqu\u00e9 publi\u00e9 sur le compte Instagram du festival, ses organisateurs ont annonc\u00e9 la fin d\u2019une aventure de 30 ans.<\/p>\n<p>\u00ab Le contexte actuel pousse nos partenaires financeurs \u00e0 mettre un terme \u00e0 leur soutien \u00bb, justifient-ils. \u00ab Et sans leur aide pr\u00e9cieuse, nous sommes dans l\u2019impossibilit\u00e9 de faire perdurer ce moment suspendu dans l\u2019\u00e9t\u00e9 \u00bb. L\u2019\u00e9dition 2025 avait pourtant initialement \u00e9t\u00e9 cal\u00e9e les 16 et 17 juillet 2025.<\/p>\n<blockquote class=\"instagram-media\" data-instgrm-captioned=\"\" data-instgrm-permalink=\"https:\/\/www.instagram.com\/p\/DIjDSdBMRjF\/?utm_source=ig_embed&amp;utm_campaign=loading\" data-instgrm-version=\"14\" style=\" background:#FFF; border:0; border-radius:3px; box-shadow:0 0 1px 0 rgba(0,0,0,0.5),0 1px 10px 0 rgba(0,0,0,0.15); margin: 1px; max-width:540px; min-width:326px; padding:0; width:99.375%; width:-webkit-calc(100% - 2px); width:calc(100% - 2px);\"\/>\n<p>Mais les \u00e9quipes du 4bis, \u00e0 l\u2019origine de l\u2019\u00e9v\u00e9nement, ne peuvent continuer sans la tr\u00e9sorerie n\u00e9cessaire. Quartiers d\u2019\u00e9t\u00e9, c\u2019\u00e9tait \u00ab le rendez-vous interquartiers, pens\u00e9 pour les jeunes qui ne partent pas en vacances \u00bb. Une bulle d\u2019air, en plein c\u0153ur du parc des Gayeulles \u00e0 Rennes, mais suspendue notamment au soutien de la M\u00e9tropole.<\/p>\n<p>\u00ab Et parce que cl\u00f4turer 30 ans d\u2019histoire par un post Instagram, \u00e7a nous semble l\u00e9ger, nous vous proposons d\u2019envoyer vos t\u00e9moignages, vos souvenirs, vos photos ou vid\u00e9os par mail \u00e0 quartiersdeterennes@gmail.com afin de garder trace de ce qu\u2019a permis ce festival. Nous afficherons vos messages lors d\u2019une exposition en mai au sein du 4bis, avec des photos, des affiches, des t\u00e9moignages. \u00bb<\/p>\n<p><script async src=\"\/\/www.instagram.com\/embed.js\"><\/script><\/p>\n","protected":false},"excerpt":{"rendered":"\u00ab C\u2019est avec d\u2019immenses regrets, \u00e9norm\u00e9ment de tristesse et beaucoup de nostalgie que nous souhaitons vous annoncer la&hellip;\n","protected":false},"author":2,"featured_media":61871,"comment_status":"","ping_status":"","sticky":false,"template":"","format":"standard","meta":{"footnotes":""},"categories":[2821],"tags":[1111,11,829,3173,1777,674,1011,27,12,584,25],"class_list":{"0":"post-61870","1":"post","2":"type-post","3":"status-publish","4":"format-standard","5":"has-post-thumbnail","7":"category-rennes","8":"tag-actu","9":"tag-actualites","10":"tag-bretagne","11":"tag-culture-a-rennes","12":"tag-eu","13":"tag-europe","14":"tag-fr","15":"tag-france","16":"tag-news","17":"tag-rennes","18":"tag-republique-francaise"},"share_on_mastodon":{"url":"https:\/\/pubeurope.com\/@fr\/114421460025872733","error":""},"_links":{"self":[{"href":"https:\/\/www.europesays.com\/fr\/wp-json\/wp\/v2\/posts\/61870","targetHints":{"allow":["GET"]}}],"collection":[{"href":"https:\/\/www.europesays.com\/fr\/wp-json\/wp\/v2\/posts"}],"about":[{"href":"https:\/\/www.europesays.com\/fr\/wp-json\/wp\/v2\/types\/post"}],"author":[{"embeddable":true,"href":"https:\/\/www.europesays.com\/fr\/wp-json\/wp\/v2\/users\/2"}],"replies":[{"embeddable":true,"href":"https:\/\/www.europesays.com\/fr\/wp-json\/wp\/v2\/comments?post=61870"}],"version-history":[{"count":0,"href":"https:\/\/www.europesays.com\/fr\/wp-json\/wp\/v2\/posts\/61870\/revisions"}],"wp:featuredmedia":[{"embeddable":true,"href":"https:\/\/www.europesays.com\/fr\/wp-json\/wp\/v2\/media\/61871"}],"wp:attachment":[{"href":"https:\/\/www.europesays.com\/fr\/wp-json\/wp\/v2\/media?parent=61870"}],"wp:term":[{"taxonomy":"category","embeddable":true,"href":"https:\/\/www.europesays.com\/fr\/wp-json\/wp\/v2\/categories?post=61870"},{"taxonomy":"post_tag","embeddable":true,"href":"https:\/\/www.europesays.com\/fr\/wp-json\/wp\/v2\/tags?post=61870"}],"curies":[{"name":"wp","href":"https:\/\/api.w.org\/{rel}","templated":true}]}}