{"id":618709,"date":"2025-12-23T21:49:15","date_gmt":"2025-12-23T21:49:15","guid":{"rendered":"https:\/\/www.europesays.com\/fr\/618709\/"},"modified":"2025-12-23T21:49:15","modified_gmt":"2025-12-23T21:49:15","slug":"marseille-cette-camionnette-intrigue-les-douaniers-decouvrent-un-veritable-tresor","status":"publish","type":"post","link":"https:\/\/www.europesays.com\/fr\/618709\/","title":{"rendered":"Marseille. Cette camionnette intrigue, les douaniers d\u00e9couvrent un v\u00e9ritable tr\u00e9sor"},"content":{"rendered":"<p>                    Par<br \/>\n        <strong><br \/>\n            <a href=\"https:\/\/actu.fr\/auteur\/thibault-nadal-actu-fr\" title=\"Consulter tous les articles de Thibault Nadal\" target=\"_blank\" rel=\"noopener\">Thibault Nadal<\/a><br \/>\n                    <\/strong><\/p>\n<p>        Publi\u00e9 le<\/p>\n<p>            23 d\u00e9c. 2025 \u00e0 15h38        <\/p>\n<p>Un joli butin juste avant <a href=\"https:\/\/actu.fr\/tag\/noel\" target=\"_blank\" rel=\"noopener\">No\u00ebl<\/a>. Le mercredi 17\u00a0d\u00e9cembre 2025, les douanes de <a href=\"https:\/\/actu.fr\/marseille\/\" target=\"_blank\" rel=\"noopener\">Marseille<\/a> ont mis la main sur une impressionnante cargaison <strong>dans le 16e arrondissement<\/strong>, indiquent-ils dans un communiqu\u00e9. Celle-ci \u00e9tait en partie cach\u00e9e dans un v\u00e9hicule utilitaire qui circulait dans les rues de la cit\u00e9 phoc\u00e9enne. R\u00e9cit\u00a0de cette spectaculaire saisie.<\/p>\n<p>Un contr\u00f4le qui vire au cauchemar<\/p>\n<p class=\" wall-content\">Tout est parti d\u2019un contr\u00f4le r\u00e9alis\u00e9 il y a un peu moins d\u2019une semaine. Le 17 d\u00e9cembre, les agents de douane proc\u00e8dent, dans le cadre d\u2019une enqu\u00eate, \u00e0 <strong>la fouille<\/strong> d\u2019une camionnette en train de circuler dans Marseille.<\/p>\n<p class=\" wall-content\">\u00c0 l\u2019int\u00e9rieur, les policiers d\u00e9couvrent <strong>7500 kilos de tabac, ainsi que 3800 euros en liquide<\/strong>. Le conducteur \u2013 qui n\u2019a pas de justificatif \u2013 est imm\u00e9diatement plac\u00e9 en garde \u00e0 vue et son v\u00e9hicule est saisi.<\/p>\n<p>    <img   decoding=\"async\" loading=\"lazy\" src=\"https:\/\/www.europesays.com\/fr\/wp-content\/uploads\/2025\/12\/design-sans-titre-95-960x640.png\" alt=\"Plus de 1000 kilos de tabac ont \u00e9t\u00e9 saisis.\" width=\"960\" height=\"640\"\/><br \/>\n    Plus de 1000 kilos de tabac ont \u00e9t\u00e9 saisis. (\u00a9Douanes)Plus de 1000 kilos de tabac d\u00e9couverts<\/p>\n<p class=\" wall-content\">Mais ce n\u2019est que le d\u00e9but des (bonnes) surprises pour les enqu\u00eateurs. Ils d\u00e9cident par la suite de se rendre au <strong>domicile <\/strong>du suspect, \u00ab\u2009avec l\u2019appui d\u2019une \u00e9quipe ma\u00eetre-chien sp\u00e9cialis\u00e9e dans la lutte anti-tabac et d\u2019un officier de police judiciaire\u2009\u00bb. Sur place, ils mettent la main sur quatre kilos de tabac \u00e0 narguil\u00e9 suppl\u00e9mentaires<\/p>\n<p class=\" wall-content\">Une deuxi\u00e8me op\u00e9ration est men\u00e9e en parall\u00e8le dans <strong>un box de stockage de location.<\/strong> Cette fois, le stock est bien plus impressionnant\u2009: \u00ab\u2009Plusieurs centaines de kilogrammes de tabac \u00e0 narguil\u00e9, conditionn\u00e9s dans des cartons de 10 kilos\u2009\u00bb.<\/p>\n<p class=\" wall-content\">Au total, les douaniers saisissent 1061 kilos de tabac \u00e0 narguil\u00e9 d\u2019une valeur marchande de\u00a0 pr\u00e8s de 360000 euros.<\/p>\n<p>Votre r\u00e9gion, votre actu !<\/p>\n<p>Recevez chaque jour les infos qui comptent pour vous.<\/p>\n<p>\t<a href=\"https:\/\/actu.fr\/newsletter\" class=\"ac-btn ac-btn--corner ac-btn--medium ac-btn--blue800\" target=\"_blank\" rel=\"noopener\">S&rsquo;incrire<\/a><br \/>\nDes saisies en hausse<\/p>\n<p class=\" wall-content\">Apr\u00e8s ces d\u00e9couvertes, le chauffeur de la camionnette a \u00e9t\u00e9 plac\u00e9 en garde \u00e0 vue, sous le contr\u00f4le du parquet de Marseille cette fois.<\/p>\n<p class=\" wall-content\">Pour les douanes, cette double op\u00e9ration confirme les chiffres de ces derni\u00e8res ann\u00e9es\u2009: <strong>en 2024, pr\u00e8s de 11\u00a0tonnes de tabac ont \u00e9t\u00e9 intercept\u00e9es<\/strong>, soit une hausse de 58\u2009%. \u00ab\u2009Cette tendance devrait se confirmer en 2025\u2009\u00bb, assurent-ils.<\/p>\n<p class=\" wall-content\">Personnalisez votre actualit\u00e9 en ajoutant vos villes et m\u00e9dias en favori avec <a href=\"https:\/\/moncompte.actu.fr\" title=\"D\u00e9couvez Mon Actu\" rel=\"nofollow noopener\" data-trk=\"{&quot;cta&quot;:{&quot;action&quot;:&quot;https:\\\/\\\/moncompte.actu.fr&quot;,&quot;category&quot;:&quot;mon compte&quot;,&quot;from&quot;:&quot;article footer&quot;,&quot;name&quot;:&quot;Mon actu&quot;,&quot;type&quot;:&quot;cta&quot;}}\" target=\"_blank\">Mon Actu<\/a>.<\/p>\n","protected":false},"excerpt":{"rendered":"Par Thibault Nadal Publi\u00e9 le 23 d\u00e9c. 2025 \u00e0 15h38 Un joli butin juste avant No\u00ebl. Le mercredi&hellip;\n","protected":false},"author":2,"featured_media":618710,"comment_status":"","ping_status":"","sticky":false,"template":"","format":"standard","meta":{"footnotes":""},"categories":[2814],"tags":[1111,11,1777,674,118,1011,27,884,12,1072,882,25,6582],"class_list":{"0":"post-618709","1":"post","2":"type-post","3":"status-publish","4":"format-standard","5":"has-post-thumbnail","7":"category-marseille","8":"tag-actu","9":"tag-actualites","10":"tag-eu","11":"tag-europe","12":"tag-faits-divers","13":"tag-fr","14":"tag-france","15":"tag-marseille","16":"tag-news","17":"tag-police","18":"tag-provence-alpes-cote-dazur","19":"tag-republique-francaise","20":"tag-tabac"},"share_on_mastodon":{"url":"https:\/\/pubeurope.com\/@fr\/115771092352025912","error":""},"_links":{"self":[{"href":"https:\/\/www.europesays.com\/fr\/wp-json\/wp\/v2\/posts\/618709","targetHints":{"allow":["GET"]}}],"collection":[{"href":"https:\/\/www.europesays.com\/fr\/wp-json\/wp\/v2\/posts"}],"about":[{"href":"https:\/\/www.europesays.com\/fr\/wp-json\/wp\/v2\/types\/post"}],"author":[{"embeddable":true,"href":"https:\/\/www.europesays.com\/fr\/wp-json\/wp\/v2\/users\/2"}],"replies":[{"embeddable":true,"href":"https:\/\/www.europesays.com\/fr\/wp-json\/wp\/v2\/comments?post=618709"}],"version-history":[{"count":0,"href":"https:\/\/www.europesays.com\/fr\/wp-json\/wp\/v2\/posts\/618709\/revisions"}],"wp:featuredmedia":[{"embeddable":true,"href":"https:\/\/www.europesays.com\/fr\/wp-json\/wp\/v2\/media\/618710"}],"wp:attachment":[{"href":"https:\/\/www.europesays.com\/fr\/wp-json\/wp\/v2\/media?parent=618709"}],"wp:term":[{"taxonomy":"category","embeddable":true,"href":"https:\/\/www.europesays.com\/fr\/wp-json\/wp\/v2\/categories?post=618709"},{"taxonomy":"post_tag","embeddable":true,"href":"https:\/\/www.europesays.com\/fr\/wp-json\/wp\/v2\/tags?post=618709"}],"curies":[{"name":"wp","href":"https:\/\/api.w.org\/{rel}","templated":true}]}}