{"id":618711,"date":"2025-12-23T21:50:15","date_gmt":"2025-12-23T21:50:15","guid":{"rendered":"https:\/\/www.europesays.com\/fr\/618711\/"},"modified":"2025-12-23T21:50:15","modified_gmt":"2025-12-23T21:50:15","slug":"lom-lance-le-reseau-powered-by-marseille-et-recrute-le-gimnastic-de-tarragona","status":"publish","type":"post","link":"https:\/\/www.europesays.com\/fr\/618711\/","title":{"rendered":"L&rsquo;OM lance le r\u00e9seau \u00ab\u00a0Powered by Marseille\u00a0\u00bb et recrute le Gimn\u00e0stic de Tarragona"},"content":{"rendered":"<p><img fetchpriority=\"high\" decoding=\"async\" width=\"620\" height=\"413\" src=\"https:\/\/www.europesays.com\/fr\/wp-content\/uploads\/2025\/05\/OM-Olympique-de-Marseille-illustration-620x413.jpg\" alt=\"\" class=\"wp-image-341200\"  \/>L\u2019Olympique de Marseille r\u00e9seaute \u00e0 l\u2019internationale.<\/p>\n<p>L\u2019<a href=\"https:\/\/sportune.20minutes.fr\/olympique-de-marseille-om\" target=\"_blank\" rel=\"noopener\">Olympique de Marseille<\/a> lance \u00ab\u00a0Powered by Marseille\u00a0\u00bb, un r\u00e9seau international destin\u00e9 \u00e0 organiser ses partenariats sportifs et \u00e9conomiques \u00e0 l\u2019\u00e9tranger. Ce dispositif s\u2019inscrit dans la strat\u00e9gie d\u2019internationalisation du club et \u00e9tablit un cadre pour ses coop\u00e9rations futures.<\/p>\n<p>Le projet repose sur l\u2019\u00e9change de m\u00e9thodologies sportives et de formation, ainsi que sur l\u2019accompagnement de projets \u00e9conomiques visant \u00e0 renforcer l\u2019attractivit\u00e9 des clubs partenaires et de leurs territoires. L\u2019<a href=\"https:\/\/sportune.20minutes.fr\/olympique-de-marseille-om\" target=\"_blank\" rel=\"noopener\">OM<\/a> entend partager son expertise, son identit\u00e9 et ses pratiques avec des acteurs partageant ses valeurs.<\/p>\n<p>Le Gimn\u00e0stic de Tarragona premier partenaire<\/p>\n<p>Le Gimn\u00e0stic de Tarragona devient le premier club membre de ce r\u00e9seau. Pensionnaire de troisi\u00e8me division espagnole, la formation catalane, ancr\u00e9e dans son territoire, correspond aux crit\u00e8res recherch\u00e9s par l\u2019<a href=\"https:\/\/sportune.20minutes.fr\/olympique-de-marseille-om\" target=\"_blank\" rel=\"noopener\">OM<\/a> pour cette initiative.<\/p>\n<p>La coop\u00e9ration entre les deux clubs comprendra des actions conjointes en Espagne : partage d\u2019expertise sportive, \u00e9changes techniques et organisation d\u2019\u00e9v\u00e9nements destin\u00e9s \u00e0 soutenir la croissance, la visibilit\u00e9 et l\u2019engagement du Gimn\u00e0stic de Tarragona dans son \u00e9cosyst\u00e8me local et national.<\/p>\n","protected":false},"excerpt":{"rendered":"L\u2019Olympique de Marseille r\u00e9seaute \u00e0 l\u2019internationale. L\u2019Olympique de Marseille lance \u00ab\u00a0Powered by Marseille\u00a0\u00bb, un r\u00e9seau international destin\u00e9 \u00e0&hellip;\n","protected":false},"author":2,"featured_media":75311,"comment_status":"","ping_status":"","sticky":false,"template":"","format":"standard","meta":{"footnotes":""},"categories":[2814],"tags":[1111,11,1777,674,1011,27,884,12,149,882,25],"class_list":{"0":"post-618711","1":"post","2":"type-post","3":"status-publish","4":"format-standard","5":"has-post-thumbnail","7":"category-marseille","8":"tag-actu","9":"tag-actualites","10":"tag-eu","11":"tag-europe","12":"tag-fr","13":"tag-france","14":"tag-marseille","15":"tag-news","16":"tag-om","17":"tag-provence-alpes-cote-dazur","18":"tag-republique-francaise"},"share_on_mastodon":{"url":"https:\/\/pubeurope.com\/@fr\/115771095492915936","error":""},"_links":{"self":[{"href":"https:\/\/www.europesays.com\/fr\/wp-json\/wp\/v2\/posts\/618711","targetHints":{"allow":["GET"]}}],"collection":[{"href":"https:\/\/www.europesays.com\/fr\/wp-json\/wp\/v2\/posts"}],"about":[{"href":"https:\/\/www.europesays.com\/fr\/wp-json\/wp\/v2\/types\/post"}],"author":[{"embeddable":true,"href":"https:\/\/www.europesays.com\/fr\/wp-json\/wp\/v2\/users\/2"}],"replies":[{"embeddable":true,"href":"https:\/\/www.europesays.com\/fr\/wp-json\/wp\/v2\/comments?post=618711"}],"version-history":[{"count":0,"href":"https:\/\/www.europesays.com\/fr\/wp-json\/wp\/v2\/posts\/618711\/revisions"}],"wp:featuredmedia":[{"embeddable":true,"href":"https:\/\/www.europesays.com\/fr\/wp-json\/wp\/v2\/media\/75311"}],"wp:attachment":[{"href":"https:\/\/www.europesays.com\/fr\/wp-json\/wp\/v2\/media?parent=618711"}],"wp:term":[{"taxonomy":"category","embeddable":true,"href":"https:\/\/www.europesays.com\/fr\/wp-json\/wp\/v2\/categories?post=618711"},{"taxonomy":"post_tag","embeddable":true,"href":"https:\/\/www.europesays.com\/fr\/wp-json\/wp\/v2\/tags?post=618711"}],"curies":[{"name":"wp","href":"https:\/\/api.w.org\/{rel}","templated":true}]}}