{"id":618712,"date":"2025-12-23T21:51:21","date_gmt":"2025-12-23T21:51:21","guid":{"rendered":"https:\/\/www.europesays.com\/fr\/618712\/"},"modified":"2025-12-23T21:51:21","modified_gmt":"2025-12-23T21:51:21","slug":"lyon-2e-arrondissement-la-bijouterie-apm-monaco-sinvite-place-des-jacobins","status":"publish","type":"post","link":"https:\/\/www.europesays.com\/fr\/618712\/","title":{"rendered":"Lyon 2e Arrondissement. La bijouterie APM Monaco s\u2019invite place des Jacobins"},"content":{"rendered":"<p>Avec Marie Bouchene, l\u2019enseigne APM (Ariane Prette) n\u00e9e en 1982 \u00e0 Monaco vient d\u2019ouvrir sa 1re boutique en titre, place des Jacobins. Au 77 rue du pr\u00e9sident \u00c9douard Herriot sur deux niveaux comportant chacun un espace salon, les 120 m2 pr\u00e9sentent les collections qui se renouvellent tous les trimestres.<\/p>\n<p>\u00ab\u00a0Alliant cr\u00e9ation, design, mode et accessibles \u00e0 tous, ces collections illustrent le savoir-faire de la maison dont le slogan est\u00a0: Chic, Fashion, Smile\u00a0\u00bb, pr\u00e9cise Marie, jeune Lyonnaise form\u00e9e au maquillage et au management, assist\u00e9e de deux autres Lyonnaises.<\/p>\n","protected":false},"excerpt":{"rendered":"Avec Marie Bouchene, l\u2019enseigne APM (Ariane Prette) n\u00e9e en 1982 \u00e0 Monaco vient d\u2019ouvrir sa 1re boutique en&hellip;\n","protected":false},"author":2,"featured_media":618713,"comment_status":"","ping_status":"","sticky":false,"template":"","format":"standard","meta":{"footnotes":""},"categories":[1889],"tags":[1111,11,2430,4406,33,2757,1777,674,1011,27,2428,12354,12353,12,25],"class_list":{"0":"post-618712","1":"post","2":"type-post","3":"status-publish","4":"format-standard","5":"has-post-thumbnail","7":"category-lyon","8":"tag-actu","9":"tag-actualites","10":"tag-auvergne-rhone-alpes","11":"tag-commerce-et-services","12":"tag-economie","13":"tag-edition-lyon-villeurbanne","14":"tag-eu","15":"tag-europe","16":"tag-fr","17":"tag-france","18":"tag-lyon","19":"tag-lyon-2e","20":"tag-lyon-2e-arrondissement","21":"tag-news","22":"tag-republique-francaise"},"share_on_mastodon":{"url":"https:\/\/pubeurope.com\/@fr\/115771099325258065","error":""},"_links":{"self":[{"href":"https:\/\/www.europesays.com\/fr\/wp-json\/wp\/v2\/posts\/618712","targetHints":{"allow":["GET"]}}],"collection":[{"href":"https:\/\/www.europesays.com\/fr\/wp-json\/wp\/v2\/posts"}],"about":[{"href":"https:\/\/www.europesays.com\/fr\/wp-json\/wp\/v2\/types\/post"}],"author":[{"embeddable":true,"href":"https:\/\/www.europesays.com\/fr\/wp-json\/wp\/v2\/users\/2"}],"replies":[{"embeddable":true,"href":"https:\/\/www.europesays.com\/fr\/wp-json\/wp\/v2\/comments?post=618712"}],"version-history":[{"count":0,"href":"https:\/\/www.europesays.com\/fr\/wp-json\/wp\/v2\/posts\/618712\/revisions"}],"wp:featuredmedia":[{"embeddable":true,"href":"https:\/\/www.europesays.com\/fr\/wp-json\/wp\/v2\/media\/618713"}],"wp:attachment":[{"href":"https:\/\/www.europesays.com\/fr\/wp-json\/wp\/v2\/media?parent=618712"}],"wp:term":[{"taxonomy":"category","embeddable":true,"href":"https:\/\/www.europesays.com\/fr\/wp-json\/wp\/v2\/categories?post=618712"},{"taxonomy":"post_tag","embeddable":true,"href":"https:\/\/www.europesays.com\/fr\/wp-json\/wp\/v2\/tags?post=618712"}],"curies":[{"name":"wp","href":"https:\/\/api.w.org\/{rel}","templated":true}]}}