{"id":618714,"date":"2025-12-23T21:52:12","date_gmt":"2025-12-23T21:52:12","guid":{"rendered":"https:\/\/www.europesays.com\/fr\/618714\/"},"modified":"2025-12-23T21:52:12","modified_gmt":"2025-12-23T21:52:12","slug":"lune-des-4-personnes-blessees-est-decedee","status":"publish","type":"post","link":"https:\/\/www.europesays.com\/fr\/618714\/","title":{"rendered":"l&rsquo;une des 4 personnes bless\u00e9es est d\u00e9c\u00e9d\u00e9e"},"content":{"rendered":"<p>Une des quatre personnes bless\u00e9es lundi 22 d\u00e9cembre dans <a href=\"https:\/\/www.laprovence.com\/article\/faits-divers-justice\/2334866486957314\/une-explosion-dans-une-usine-chimique-pres-de-lyon-fait-au-moins-4-blesses\" target=\"_blank\" rel=\"noopener\">l&rsquo;explosion dans l&rsquo;usine chimique Elkem Silicones \u00e0 Saint-Fons<\/a>, pr\u00e8s de Lyon, est d\u00e9c\u00e9d\u00e9e ce mardi apr\u00e8s-midi 23 d\u00e9cembre, a indiqu\u00e9 la pr\u00e9fecture.<\/p>\n<p>La victime, un homme \u00e2ge de 47 ans dont le pronostic vital \u00e9tait engag\u00e9, \u00ab\u00a0est d\u00e9c\u00e9d\u00e9e des suites de ses br\u00fblures\u00a0\u00bb, a pr\u00e9cis\u00e9 la pr\u00e9fecture \u00e0 l&rsquo;AFP, confirmant une information de RTL.<\/p>\n","protected":false},"excerpt":{"rendered":"Une des quatre personnes bless\u00e9es lundi 22 d\u00e9cembre dans l&rsquo;explosion dans l&rsquo;usine chimique Elkem Silicones \u00e0 Saint-Fons, pr\u00e8s&hellip;\n","protected":false},"author":2,"featured_media":618715,"comment_status":"","ping_status":"","sticky":false,"template":"","format":"standard","meta":{"footnotes":""},"categories":[1889],"tags":[17,1111,11,2430,1446,1777,674,2688,274,1011,27,4506,2428,12,3762,25,96,2103],"class_list":{"0":"post-618714","1":"post","2":"type-post","3":"status-publish","4":"format-standard","5":"has-post-thumbnail","7":"category-lyon","8":"tag-17","9":"tag-actu","10":"tag-actualites","11":"tag-auvergne-rhone-alpes","12":"tag-dans","13":"tag-eu","14":"tag-europe","15":"tag-explosion","16":"tag-faits-divers-justice","17":"tag-fr","18":"tag-france","19":"tag-lune","20":"tag-lyon","21":"tag-news","22":"tag-pres","23":"tag-republique-francaise","24":"tag-une","25":"tag-usine"},"share_on_mastodon":{"url":"https:\/\/pubeurope.com\/@fr\/115771103195383202","error":""},"_links":{"self":[{"href":"https:\/\/www.europesays.com\/fr\/wp-json\/wp\/v2\/posts\/618714","targetHints":{"allow":["GET"]}}],"collection":[{"href":"https:\/\/www.europesays.com\/fr\/wp-json\/wp\/v2\/posts"}],"about":[{"href":"https:\/\/www.europesays.com\/fr\/wp-json\/wp\/v2\/types\/post"}],"author":[{"embeddable":true,"href":"https:\/\/www.europesays.com\/fr\/wp-json\/wp\/v2\/users\/2"}],"replies":[{"embeddable":true,"href":"https:\/\/www.europesays.com\/fr\/wp-json\/wp\/v2\/comments?post=618714"}],"version-history":[{"count":0,"href":"https:\/\/www.europesays.com\/fr\/wp-json\/wp\/v2\/posts\/618714\/revisions"}],"wp:featuredmedia":[{"embeddable":true,"href":"https:\/\/www.europesays.com\/fr\/wp-json\/wp\/v2\/media\/618715"}],"wp:attachment":[{"href":"https:\/\/www.europesays.com\/fr\/wp-json\/wp\/v2\/media?parent=618714"}],"wp:term":[{"taxonomy":"category","embeddable":true,"href":"https:\/\/www.europesays.com\/fr\/wp-json\/wp\/v2\/categories?post=618714"},{"taxonomy":"post_tag","embeddable":true,"href":"https:\/\/www.europesays.com\/fr\/wp-json\/wp\/v2\/tags?post=618714"}],"curies":[{"name":"wp","href":"https:\/\/api.w.org\/{rel}","templated":true}]}}