{"id":618724,"date":"2025-12-23T21:58:12","date_gmt":"2025-12-23T21:58:12","guid":{"rendered":"https:\/\/www.europesays.com\/fr\/618724\/"},"modified":"2025-12-23T21:58:12","modified_gmt":"2025-12-23T21:58:12","slug":"un-vol-paris-ibiza-atterrit-en-urgence-a-laeroport-de-clermont-ferrand-apres-un-probleme-moteur","status":"publish","type":"post","link":"https:\/\/www.europesays.com\/fr\/618724\/","title":{"rendered":"Un vol Paris-Ibiza atterrit en urgence \u00e0 l\u2019a\u00e9roport de Clermont-Ferrand apr\u00e8s un probl\u00e8me moteur"},"content":{"rendered":"<p class=\"paragraph text_align_left lp-f-body-02\">Un avion Airbus A320 de la <a href=\"https:\/\/www.leparisien.fr\/faits-divers\/enfants-discrimines-vueling-doit-sexcuser-le-stand-de-la-compagnie-a-orly-vise-par-une-action-coup-de-poing-27-07-2025-EMA5WBGCUVEQNJQCBH2Z7OGO3A.php\" target=\"_self\" rel=\"noopener\">compagnie Vueling<\/a> a \u00e9t\u00e9 contraint d\u2019atterrir en urgence ce mardi en fin d\u2019apr\u00e8s-midi \u00e0 l\u2019a\u00e9roport Clermont-Ferrand Auvergne, situ\u00e9 dans le <a href=\"https:\/\/www.leparisien.fr\/puy-de-dome-63\/\" target=\"_self\" rel=\"noopener\">Puy-de-D\u00f4me<\/a>, indiquent l\u2019a\u00e9roport et la compagnie au Parisien, confirmant une information de nos confr\u00e8res d\u2019<a href=\"https:\/\/www.francebleu.fr\/infos\/faits-divers-justice\/clermont-ferrand-un-vol-paris-ibiza-atterrit-en-urgence-a-l-aeroport-d-aulnat-suite-a-un-probleme-moteur-9482637$\" target=\"_self\" rel=\"noopener\">Ici<\/a>.<\/p>\n<p class=\"\">L\u2019appareil avait d\u00e9coll\u00e9 de <a href=\"https:\/\/www.leparisien.fr\/val-de-marne-94\/aeroport-d-orly\/\" target=\"_self\" rel=\"noopener\">l\u2019a\u00e9roport d\u2019Orly<\/a>, en r\u00e9gion parisienne, peu apr\u00e8s 17\u00a0heures, afin de rallier <a href=\"https:\/\/www.leparisien.fr\/culture-loisirs\/musique\/a-ibiza-on-a-teste-une-nuit-a-lunvrs-lhyperclub-qui-veut-revolutionner-les-discotheques-16-08-2025-FN3XGLVNYBBCZB7RM5XVAGUYQY.php\" target=\"_self\" rel=\"noopener\">Ibiza<\/a> pour une arriv\u00e9e sur l\u2019\u00eele espagnole pr\u00e9vue \u00e0 19\u00a0heures. Il a \u00e9t\u00e9 d\u00e9rout\u00e9 pour un \u00ab\u00a0probl\u00e8me technique\u00a0\u00bb.<\/p>\n<p class=\"\">Un dispositif de s\u00e9curit\u00e9 a donc \u00e9t\u00e9 mis en place, mais l\u2019avion a finalement pu atterrir sans encombres. La cause de cet impr\u00e9vu\u00a0? Un probl\u00e8me moteur de l\u2019appareil, jug\u00e9 \u00ab\u00a0mineur\u00a0\u00bb par l\u2019a\u00e9roport. <a href=\"https:\/\/www.leparisien.fr\/economie\/airbus-a320-cloues-au-sol-tous-les-avions-ont-ete-mis-a-jour-et-il-ny-a-plus-dappareil-bloque-annonce-le-pdg-dairbus-10-12-2025-JKMSBP35DJHVBNH5FDS5BT3UWE.php\" target=\"_self\" rel=\"noopener\">L\u2019Airbus<\/a> a \u00e9t\u00e9 immobilis\u00e9.<\/p>\n<p>Second avion<\/p>\n<p class=\"\">Vers 20h30, les 167 passagers et les six membres d\u2019\u00e9quipage patientaient en salle d\u2019embarquement, attendant un second avion du m\u00eame type, en provenance de Barcelone, affr\u00e9t\u00e9 par la compagnie et qui doit les conduire \u00e0 Ibiza dans la soir\u00e9e.<\/p>\n<p class=\"lp-card-podcast-highlighting__title  lp-f-subtitle-05\">[2\/2] Vengeance et colis pi\u00e9g\u00e9\u00a0: le myst\u00e9rieux attentat de La\u00a0Baule<\/p>\n<p><a class=\"lp-card-podcast-highlighting__call-to-action\" data-page-type=\"HP\" data-block-name=\"podcast-highlight\">\u00c9couter<\/a><\/p>\n<p class=\"\">\u00ab\u00a0Les passagers atteindront leur destination finale aujourd\u2019hui\u00a0\u00bb, indique Vueling, s\u2019excusant aupr\u00e8s des passagers \u00ab\u00a0pour tout d\u00e9sagr\u00e9ment\u00a0\u00bb. \u00ab\u00a0Ils devraient repartir avant 21\u00a0heures\u00a0\u00bb, assure-t-on du c\u00f4t\u00e9 de l\u2019a\u00e9roport.<\/p>\n<p class=\"\">Samedi dernier, un avion d\u2019Air France reliant Paris \u00e0 Ajaccio <a href=\"https:\/\/www.leparisien.fr\/faits-divers\/un-vol-air-france-paris-ajaccio-deroute-en-urgence-apres-un-feu-sur-une-aile-en-plein-vol-21-12-2025-6CJ2D5Q3IVEYDEUJH3GIXCU5KQ.php\" target=\"_self\" rel=\"noopener\">avait d\u00e9j\u00e0 \u00e9t\u00e9 d\u00e9rout\u00e9<\/a> et s\u2019\u00e9tait pos\u00e9 \u00e0 Lyon \u00e0 la suite d\u2019une panne de moteur, selon la compagnie, des passagers \u00e9voquant une \u00ab\u00a0aile en feu\u00a0\u00bb.<\/p>\n<p class=\"\">L\u2019avion Airbus A320 qui effectuait ces vols est \u00e9quip\u00e9 de deux moteurs CFM56, mont\u00e9s sous les ailes, fabriqu\u00e9s par la coentreprise franco-am\u00e9ricaine CFM entre Safran et GE qui \u00ab\u00a0font partie des moteurs les plus fiables au monde\u00a0\u00bb, selon un connaisseur du secteur interrog\u00e9.<\/p>\n","protected":false},"excerpt":{"rendered":"Un avion Airbus A320 de la compagnie Vueling a \u00e9t\u00e9 contraint d\u2019atterrir en urgence ce mardi en fin&hellip;\n","protected":false},"author":2,"featured_media":618725,"comment_status":"","ping_status":"","sticky":false,"template":"","format":"standard","meta":{"footnotes":""},"categories":[1888],"tags":[11,459,1777,674,118,1011,27,12,626,25],"class_list":{"0":"post-618724","1":"post","2":"type-post","3":"status-publish","4":"format-standard","5":"has-post-thumbnail","7":"category-paris","8":"tag-actualites","9":"tag-departements-horsidfo","10":"tag-eu","11":"tag-europe","12":"tag-faits-divers","13":"tag-fr","14":"tag-france","15":"tag-news","16":"tag-paris","17":"tag-republique-francaise"},"share_on_mastodon":{"url":"https:\/\/pubeurope.com\/@fr\/115771126886020367","error":""},"_links":{"self":[{"href":"https:\/\/www.europesays.com\/fr\/wp-json\/wp\/v2\/posts\/618724","targetHints":{"allow":["GET"]}}],"collection":[{"href":"https:\/\/www.europesays.com\/fr\/wp-json\/wp\/v2\/posts"}],"about":[{"href":"https:\/\/www.europesays.com\/fr\/wp-json\/wp\/v2\/types\/post"}],"author":[{"embeddable":true,"href":"https:\/\/www.europesays.com\/fr\/wp-json\/wp\/v2\/users\/2"}],"replies":[{"embeddable":true,"href":"https:\/\/www.europesays.com\/fr\/wp-json\/wp\/v2\/comments?post=618724"}],"version-history":[{"count":0,"href":"https:\/\/www.europesays.com\/fr\/wp-json\/wp\/v2\/posts\/618724\/revisions"}],"wp:featuredmedia":[{"embeddable":true,"href":"https:\/\/www.europesays.com\/fr\/wp-json\/wp\/v2\/media\/618725"}],"wp:attachment":[{"href":"https:\/\/www.europesays.com\/fr\/wp-json\/wp\/v2\/media?parent=618724"}],"wp:term":[{"taxonomy":"category","embeddable":true,"href":"https:\/\/www.europesays.com\/fr\/wp-json\/wp\/v2\/categories?post=618724"},{"taxonomy":"post_tag","embeddable":true,"href":"https:\/\/www.europesays.com\/fr\/wp-json\/wp\/v2\/tags?post=618724"}],"curies":[{"name":"wp","href":"https:\/\/api.w.org\/{rel}","templated":true}]}}