{"id":618732,"date":"2025-12-23T22:03:33","date_gmt":"2025-12-23T22:03:33","guid":{"rendered":"https:\/\/www.europesays.com\/fr\/618732\/"},"modified":"2025-12-23T22:03:33","modified_gmt":"2025-12-23T22:03:33","slug":"royaume-uni-lhomme-accuse-davoir-drogue-et-viole-son-ex-femme-pendant-13-ans-place-en-detention","status":"publish","type":"post","link":"https:\/\/www.europesays.com\/fr\/618732\/","title":{"rendered":"Royaume-Uni : l&rsquo;homme accus\u00e9 d&rsquo;avoir drogu\u00e9 et viol\u00e9 son ex-femme pendant 13 ans plac\u00e9 en d\u00e9tention"},"content":{"rendered":"<ul class=\"jsx-862013697 ArticleChapo__List\">\n<li class=\"jsx-862013697 ArticleChapo__List_Item flex\">Au Royaume-Uni, un homme est accus\u00e9 par son ancienne compagne de l&rsquo;avoir drogu\u00e9e et viol\u00e9e \u00e0 plusieurs reprises depuis 2010.<\/li>\n<li class=\"jsx-862013697 ArticleChapo__List_Item flex\">Il a \u00e9t\u00e9 plac\u00e9 en d\u00e9tention ce mardi \u00e0 l&rsquo;issue de sa comparution.<\/li>\n<\/ul>\n<p data-module=\"article-paragraph\" class=\"jsx-157965717 Paragraph Paragraph__End\">Il est d\u00e9sormais derri\u00e8re les barreaux. Un Britannique de 49 ans, <a href=\"https:\/\/www.tf1info.fr\/international\/royaume-uni-un-homme-accuse-d-avoir-drogue-et-viole-son-ex-femme-pendant-13-ans-5-autres-hommes-inculpes-2414387.html\" target=\"_blank\" rel=\"noopener\">mis en examen pour plusieurs viols sur son ex-femme<\/a>, pr\u00e9alablement drogu\u00e9e, a \u00e9t\u00e9 plac\u00e9 en d\u00e9tention \u00e0 l&rsquo;issue de sa comparution ce mardi 23 d\u00e9cembre devant un tribunal, une affaire dans laquelle cinq autres hommes sont accus\u00e9s des m\u00eames faits.<\/p>\n<p data-module=\"article-paragraph\" class=\"jsx-157965717 Paragraph Paragraph__End\">Philip Young a \u00e9t\u00e9 mis en examen lundi de 56 infractions sexuelles, dont de multiples viols sur son ex-femme, de voyeurisme, de possession d&rsquo;images ind\u00e9centes d&rsquo;enfants et de possession d&rsquo;images extr\u00eames. Les faits se seraient produits sur une p\u00e9riode de 13 ans, de 2010 \u00e0 2023. La victime, Joanne Young, \u00e2g\u00e9e de 48 ans, a renonc\u00e9 \u00e0 son droit \u00e0 l&rsquo;anonymat.<\/p>\n<p>L&rsquo;audience fix\u00e9e le 23 janvier<\/p>\n<p data-module=\"article-paragraph\" class=\"jsx-157965717 Paragraph Paragraph__End\">Au cours de l&rsquo;audience ce mardi devant le tribunal de Swindon, \u00e0 l&rsquo;ouest <a href=\"https:\/\/www.tf1info.fr\/culture\/en-images-photos-une-nouvelle-oeuvre-de-banksy-fait-son-apparition-a-londres-2414363.html\" target=\"_blank\" rel=\"noopener\">de Londres<\/a>, son ex-mari n&rsquo;a pris la parole que pour confirmer son nom, sa date de naissance et son adresse. Il a \u00e9t\u00e9 plac\u00e9 en d\u00e9tention.\u00a0Une prochaine audience aura lieu devant la cour criminelle de Swindon le 23 janvier 2026.<\/p>\n<p data-module=\"article-paragraph\" class=\"jsx-157965717 Paragraph Paragraph__End\">Cinq autres hommes, \u00e9galement accus\u00e9s de viols ou <a href=\"https:\/\/www.tf1info.fr\/justice-faits-divers\/les-violences-sexuelles-en-hausse-en-2024-plus-de-122-000-victimes-enregistrees-2410283.html\" target=\"_blank\" rel=\"noopener\">d&rsquo;agression sexuelle<\/a> sur la victime pr\u00e9sum\u00e9e, ont comparu dans l&rsquo;apr\u00e8s-midi. Ils sont \u00e2g\u00e9s de 31 \u00e0 61 ans. Deux d&rsquo;entre eux ont plaid\u00e9 non coupable, tandis que les trois autres n&rsquo;ont pas encore fait part de leur position vis-\u00e0-vis des charges retenues contre eux \u00e0 ce stade. Plac\u00e9s en libert\u00e9 sous caution, ils compara\u00eetront eux aussi le 23 janvier devant la cour criminelle. Ils n&rsquo;ont pas le droit de se contacter, ni d&rsquo;entrer en contact avec Joanne Young ou son ex-mari.<\/p>\n<p><a href=\"https:\/\/www.tf1info.fr\/justice-faits-divers\/yvelines-une-femme-de-72-ans-violee-et-volee-aux-mureaux-par-un-homme-le-suspect-activement-recherche-2413105.html\" rel=\"noopener\" class=\"jsx-3308031228 Link flex\" target=\"_blank\"><img decoding=\"async\" src=\"https:\/\/www.europesays.com\/fr\/wp-content\/uploads\/2025\/05\/affaire-louise-longjumeau-police-08-02-25-ffb7a5-0@1x.jpeg\" alt=\"AFP\" loading=\"lazy\" importance=\"low\" fetchpriority=\"low\" class=\"\" aria-hidden=\"true\"\/><\/p>\n<p class=\"jsx-3657663356 ReadMoreArticle__Title\">Lire aussi<\/p>\n<p class=\"jsx-3657663356\">Yvelines : une femme de 72 ans viol\u00e9e et vol\u00e9e aux Mureaux, le suspect activement recherch\u00e9<\/p>\n<p><\/a><\/p>\n<p data-module=\"article-paragraph\" class=\"jsx-157965717 Paragraph Paragraph__End\">L&rsquo;enqu\u00eate ayant men\u00e9 \u00e0 ces mises en examen a \u00e9t\u00e9 \u00ab\u00a0complexe\u00a0\u00bb, a soulign\u00e9 lundi Geoff Smith, responsable de la police du Wiltshire. Il a pr\u00e9cis\u00e9 que Joanne Young avait pris la d\u00e9cision de renoncer \u00e0 l&rsquo;anonymat \u00ab\u00a0apr\u00e8s de nombreux \u00e9changes avec les enqu\u00eateurs et les services de soutien\u00a0\u00bb dont elle a b\u00e9n\u00e9fici\u00e9 depuis le d\u00e9but de l&rsquo;enqu\u00eate.<\/p>\n<p>I.N avec AFP<\/p>\n","protected":false},"excerpt":{"rendered":"Au Royaume-Uni, un homme est accus\u00e9 par son ancienne compagne de l&rsquo;avoir drogu\u00e9e et viol\u00e9e \u00e0 plusieurs reprises&hellip;\n","protected":false},"author":2,"featured_media":100414,"comment_status":"","ping_status":"","sticky":false,"template":"","format":"standard","meta":{"footnotes":""},"categories":[1588],"tags":[1111,11,1921,1777,674,1922,303,12,473,1853,1851,1850,1852,133,1920,799],"class_list":{"0":"post-618732","1":"post","2":"type-post","3":"status-publish","4":"format-standard","5":"has-post-thumbnail","7":"category-royaume-uni","8":"tag-actu","9":"tag-actualites","10":"tag-article-video","11":"tag-eu","12":"tag-europe","13":"tag-info","14":"tag-justice","15":"tag-news","16":"tag-royaume-uni","17":"tag-royaume-uni-de-grande-bretagne-et-dirlande-du-nord","18":"tag-uk","19":"tag-united-kingdom","20":"tag-united-kingdom-of-great-britain-and-northern-ireland","21":"tag-video","22":"tag-video-international","23":"tag-violences-sexuelles"},"share_on_mastodon":{"url":"https:\/\/pubeurope.com\/@fr\/115771147214666086","error":""},"_links":{"self":[{"href":"https:\/\/www.europesays.com\/fr\/wp-json\/wp\/v2\/posts\/618732","targetHints":{"allow":["GET"]}}],"collection":[{"href":"https:\/\/www.europesays.com\/fr\/wp-json\/wp\/v2\/posts"}],"about":[{"href":"https:\/\/www.europesays.com\/fr\/wp-json\/wp\/v2\/types\/post"}],"author":[{"embeddable":true,"href":"https:\/\/www.europesays.com\/fr\/wp-json\/wp\/v2\/users\/2"}],"replies":[{"embeddable":true,"href":"https:\/\/www.europesays.com\/fr\/wp-json\/wp\/v2\/comments?post=618732"}],"version-history":[{"count":0,"href":"https:\/\/www.europesays.com\/fr\/wp-json\/wp\/v2\/posts\/618732\/revisions"}],"wp:featuredmedia":[{"embeddable":true,"href":"https:\/\/www.europesays.com\/fr\/wp-json\/wp\/v2\/media\/100414"}],"wp:attachment":[{"href":"https:\/\/www.europesays.com\/fr\/wp-json\/wp\/v2\/media?parent=618732"}],"wp:term":[{"taxonomy":"category","embeddable":true,"href":"https:\/\/www.europesays.com\/fr\/wp-json\/wp\/v2\/categories?post=618732"},{"taxonomy":"post_tag","embeddable":true,"href":"https:\/\/www.europesays.com\/fr\/wp-json\/wp\/v2\/tags?post=618732"}],"curies":[{"name":"wp","href":"https:\/\/api.w.org\/{rel}","templated":true}]}}