{"id":618747,"date":"2025-12-23T22:14:18","date_gmt":"2025-12-23T22:14:18","guid":{"rendered":"https:\/\/www.europesays.com\/fr\/618747\/"},"modified":"2025-12-23T22:14:18","modified_gmt":"2025-12-23T22:14:18","slug":"une-exhibition-entre-alcaraz-et-fonseca-dans-un-stade-de-foot-avec-des-places-a-680-euros","status":"publish","type":"post","link":"https:\/\/www.europesays.com\/fr\/618747\/","title":{"rendered":"une exhibition entre Alcaraz et Fonseca dans un stade de foot avec des places \u00e0 680 euros"},"content":{"rendered":"<p>\n    Carlos Alcaraz et Joao Fonseca vont s\u2019affronter dans une nouvelle exhibition en d\u00e9cembre prochain&#8230; dans un stade de football au Br\u00e9sil.<\/p>\n<p class=\"fig-paragraph\">Nouvelle exhibition pour Carlos Alcaraz. M\u00eame s\u2019il se plaint d\u2019un\u00a0<a href=\"http:\/\/www.lefigaro.fr\/sports\/tennis\/tennis-sinner-et-alcaraz-s-affronteront-en-exhibition-avant-l-open-d-australie-20251103\" target=\"_blank\" data-fig-type=\"NewsFlash\" rel=\"noopener\" data-gtm-custom-categorie=\"navigation\" data-gtm-custom-action=\"crossclick\" data-gtm-custom-label=\"Contextuel\" data-gtm-event=\"customEventSPE\" data-fig-domain=\"LEFIGARO\">calendrier ATP trop charg\u00e9<\/a>, l\u2019Espagnol va participer en d\u00e9cembre 2026 \u00e0 un nouveau match d\u2019exhibition face \u00e0 Joao Fonseca. Cette fois-ci, les deux joueurs vont s\u2019affronter dans un stade de football \u00e0 S\u00e3o Paulo au Br\u00e9sil. La billetterie est d\u00e9j\u00e0 ouverte avec des prix qui oscillent entre 72 et 680 euros par billet.<\/p>\n<p class=\"fig-paragraph\">C\u2019est la premi\u00e8re fois que le stade du Palmeiras accueille un match de tennis. Les deux joueurs sont passionn\u00e9s de football. Fonseca supporte Flamengo tandis qu\u2019Alcaraz est fan du Real Madrid de Kylian Mbapp\u00e9.<\/p>\n<p>                                            <a class=\"fig-a11y-skip\" href=\"#fig-a11y-skip-main-inarticle\" data-module=\"a11y-skip\" data-context=\"was @visible\"><br \/>\n    Passer la publicit\u00e9<br \/>\n<\/a>            <\/p>\n<p class=\"fig-paragraph\">D\u00e9but d\u00e9cembre, les deux tennismans s\u2019\u00e9taient d\u00e9j\u00e0 affront\u00e9s lors d\u2019une exhibition \u00e0 Miami dans un stade de baseball cette fois. Un match remport\u00e9 par l\u2019Espagnol 7\/5 2\/6 10\/8.<\/p>\n","protected":false},"excerpt":{"rendered":"Carlos Alcaraz et Joao Fonseca vont s\u2019affronter dans une nouvelle exhibition en d\u00e9cembre prochain&#8230; dans un stade de&hellip;\n","protected":false},"author":2,"featured_media":618748,"comment_status":"","ping_status":"","sticky":false,"template":"","format":"standard","meta":{"footnotes":""},"categories":[1415],"tags":[2548,7779,29067,1011,27,60,1467],"class_list":{"0":"post-618747","1":"post","2":"type-post","3":"status-publish","4":"format-standard","5":"has-post-thumbnail","7":"category-tennis","8":"tag-bresil","9":"tag-carlos-alcaraz","10":"tag-exhibition","11":"tag-fr","12":"tag-france","13":"tag-sports","14":"tag-tennis"},"share_on_mastodon":{"url":"https:\/\/pubeurope.com\/@fr\/115771189699969524","error":""},"_links":{"self":[{"href":"https:\/\/www.europesays.com\/fr\/wp-json\/wp\/v2\/posts\/618747","targetHints":{"allow":["GET"]}}],"collection":[{"href":"https:\/\/www.europesays.com\/fr\/wp-json\/wp\/v2\/posts"}],"about":[{"href":"https:\/\/www.europesays.com\/fr\/wp-json\/wp\/v2\/types\/post"}],"author":[{"embeddable":true,"href":"https:\/\/www.europesays.com\/fr\/wp-json\/wp\/v2\/users\/2"}],"replies":[{"embeddable":true,"href":"https:\/\/www.europesays.com\/fr\/wp-json\/wp\/v2\/comments?post=618747"}],"version-history":[{"count":0,"href":"https:\/\/www.europesays.com\/fr\/wp-json\/wp\/v2\/posts\/618747\/revisions"}],"wp:featuredmedia":[{"embeddable":true,"href":"https:\/\/www.europesays.com\/fr\/wp-json\/wp\/v2\/media\/618748"}],"wp:attachment":[{"href":"https:\/\/www.europesays.com\/fr\/wp-json\/wp\/v2\/media?parent=618747"}],"wp:term":[{"taxonomy":"category","embeddable":true,"href":"https:\/\/www.europesays.com\/fr\/wp-json\/wp\/v2\/categories?post=618747"},{"taxonomy":"post_tag","embeddable":true,"href":"https:\/\/www.europesays.com\/fr\/wp-json\/wp\/v2\/tags?post=618747"}],"curies":[{"name":"wp","href":"https:\/\/api.w.org\/{rel}","templated":true}]}}