{"id":618755,"date":"2025-12-23T22:21:33","date_gmt":"2025-12-23T22:21:33","guid":{"rendered":"https:\/\/www.europesays.com\/fr\/618755\/"},"modified":"2025-12-23T22:21:33","modified_gmt":"2025-12-23T22:21:33","slug":"paris-un-nouvel-ecrin-pour-la-fondation-cartier","status":"publish","type":"post","link":"https:\/\/www.europesays.com\/fr\/618755\/","title":{"rendered":"Paris | Un nouvel \u00e9crin pour la Fondation Cartier"},"content":{"rendered":"<p class=\"lead textModule textModule--type-lead \" style=\"\">(Paris) Un bijou moderne dans un \u00e9crin ancien\u00a0: la fondation du joaillier Cartier a inaugur\u00e9 cet automne un nouveau mus\u00e9e d\u2019art contemporain en plein c\u0153ur de Paris, le dernier-n\u00e9 d\u2019une s\u00e9rie d\u2019institutions priv\u00e9es li\u00e9es \u00e0 de grands noms du luxe.<\/p>\n<p>                    Publi\u00e9 \u00e0<br \/>\n    11\u00a0h\u00a030<\/p>\n<p>    <a class=\"print\" href=\"https:\/\/www.lapresse.ca\/voyage\/europe\/2025-12-23\/paris\/javascript:window.print();\" title=\"Imprimer la page\" target=\"_blank\" rel=\"noopener\"><\/p>\n<p>        <img loading=\"lazy\" decoding=\"async\" width=\"16\" height=\"18\" src=\"https:\/\/www.europesays.com\/fr\/wp-content\/uploads\/2025\/04\/share-icon.png\" alt=\"Partager\"\/><\/p>\n<p class=\"paragraph textModule textModule--type-paragraph \" style=\"\">Un ancien grand magasin du XIXe\u00a0si\u00e8cle a \u00e9t\u00e9 compl\u00e8tement transform\u00e9 pour accueillir la nouvelle adresse, un projet d\u2019environ 230\u00a0millions d\u2019euros (375\u00a0millions de dollars canadiens), enti\u00e8rement assum\u00e9 par des fonds priv\u00e9s.<\/p>\n<p class=\"paragraph textModule textModule--type-paragraph \" style=\"\">La Fondation Cartier avait d\u00e9j\u00e0 pignon sur rue boulevard Raspail depuis\u00a01994, \u00e0 l\u2019\u00e9cart du circuit touristique classique. Avec un nouvel emplacement entre le Louvre et le Palais-Royal, le nouveau mus\u00e9e se retrouve au c\u0153ur du Paris des cartes postales.<\/p>\n<p class=\"paragraph textModule textModule--type-paragraph \" style=\"\">\u00ab\u00a0On voulait un lieu qui nous permettrait d\u2019avoir plus d\u2019audience internationale\u00a0\u00bb, indique en entrevue la Franco-Qu\u00e9b\u00e9coise B\u00e9atrice Grenier, directrice projets strat\u00e9giques et internationaux \u00e0 la Fondation Cartier. <\/p>\n<p class=\"quoteText\" style=\"\">Sortir de la rive gauche pour aller vers de nouveaux publics et pouvoir offrir \u00e0 ces publics une exp\u00e9rience compl\u00e8te du mus\u00e9e, avec des espaces pour la programmation p\u00e9dagogique, un auditorium, un restaurant qui va ouvrir en d\u00e9but d\u2019ann\u00e9e prochaine.<\/p>\n<p class=\"quoteSource\" style=\"\">\n            B\u00e9atrice Grenier, directrice projets strat\u00e9giques et internationaux \u00e0 la Fondation Cartier\n        <\/p>\n<p class=\"paragraph textModule textModule--type-paragraph \" style=\"\">Sur le boulevard Raspail, l\u2019\u00e9tablissement \u00ab\u00a0commen\u00e7ait \u00e0 \u00eatre un peu \u00e0 l\u2019\u00e9troit\u00a0\u00bb.<\/p>\n<p>                                        <img decoding=\"async\" src=\"https:\/\/www.europesays.com\/fr\/wp-content\/uploads\/2025\/12\/a0c03dcfbd633232a61127246c15709e.jpg\" alt=\"\" class=\"photoModule__visual\" itemprop=\"contentUrl url\"\/><\/p>\n<p class=\"credit photoModule__caption photoModule__caption--credit\" style=\"\">\n                    PHOTO PHILIPPE TEISCEIRA-LESSARD, COLLABORATION SP\u00c9CIALE\n                <\/p>\n<p class=\"description photoModule__caption photoModule__caption--description\" style=\"\">\n                    La fondation s\u2019est install\u00e9e dans un ancien grand magasin du XIXe\u00a0si\u00e8cle.\n                <\/p>\n<p class=\"paragraph textModule textModule--type-paragraph \" style=\"\">L\u2019architecte de renomm\u00e9e mondiale Jean Nouvel s\u2019est vu confier l\u2019\u00e9norme projet de r\u00e9novation. Il avait con\u00e7u l\u2019incarnation pr\u00e9c\u00e9dente de la Fondation Cartier, boulevard Raspail. Cette fois, le concepteur voulait \u00ab\u00a0mettre la Fondation dans Paris\u00a0\u00bb et \u00ab\u00a0donner plus d\u2019espace aux artistes\u00a0\u00bb, en plus d\u2019ajouter de l\u2019ouverture vers l\u2019ext\u00e9rieur, explique-t-il dans une vid\u00e9o en ligne.<\/p>\n<p class=\"paragraph textModule textModule--type-paragraph \" style=\"\">R\u00e9sultat\u00a0: un grand mus\u00e9e avec plus de 6500\u00a0m\u00e8tres carr\u00e9s (70\u00a0000\u00a0pieds carr\u00e9s) d\u2019espaces d\u2019exposition, cinq fois plus qu\u2019auparavant. Il est articul\u00e9 autour de \u00ab\u00a0cinq plateformes qui peuvent \u00eatre organis\u00e9es sur diff\u00e9rents niveaux sur une hauteur de 11\u00a0m\u00e8tres\u00a0\u00bb, d\u00e9crit B\u00e9atrice Grenier. <\/p>\n<p class=\"quoteText\" style=\"\">C\u2019est un Rubik\u2019s Cube g\u00e9ant qui permet de concevoir une nouvelle architecture pour chaque exposition.<\/p>\n<p class=\"quoteSource\" style=\"\">\n            B\u00e9atrice Grenier, directrice projets strat\u00e9giques et internationaux \u00e0 la Fondation Cartier\n        <\/p>\n<p class=\"paragraph textModule textModule--type-paragraph \" style=\"\">Un auvent de verre \u00ab\u00a0minimaliste\u00a0\u00bb court sur quelque 150\u00a0m\u00e8tres de la fa\u00e7ade, donnant un air contemporain \u00e0 ce b\u00e2timent ancien.<\/p>\n<ul class=\"photoGalleryModule__roll\">\n<li class=\"photoGalleryModule__item\">\n<p>                            <img decoding=\"async\" src=\"https:\/\/www.europesays.com\/fr\/wp-content\/uploads\/2025\/12\/78a3ea46ca763200935cf61c9953d051.jpg\" alt=\"La s\u00e9rie Tokyo Color par le photographe japonais Daido Moriyama fait partie de l\u2019exposition inaugurale.\" class=\"photoGalleryModule__visual\" itemprop=\"contentUrl url\"\/><\/p>\n<p class=\"credit photoGalleryModule__caption photoGalleryModule__caption--credit\" style=\"\">\n                                    PHOTO ALAIN JOCARD, ARCHIVES AGENCE FRANCE-PRESSE\n                                <\/p>\n<p class=\"description photoGalleryModule__caption photoGalleryModule__caption--description\" style=\"\">\n                                    La s\u00e9rie Tokyo Color par le photographe japonais Daido Moriyama fait partie de l\u2019exposition inaugurale.\n                                <\/p>\n<\/li>\n<li class=\"photoGalleryModule__item\">\n<p>                            <img decoding=\"async\" src=\"https:\/\/www.europesays.com\/fr\/wp-content\/uploads\/2025\/12\/73d8d3d30cf135eca0c28711a5d4a1e8.jpg\" alt=\"Le nouveau mus\u00e9e compte plus de 6500\u00a0m\u00e8tres carr\u00e9s d\u2019espaces d\u2019exposition.\" class=\"photoGalleryModule__visual\" itemprop=\"contentUrl url\"\/><\/p>\n<p class=\"credit photoGalleryModule__caption photoGalleryModule__caption--credit\" style=\"\">\n                                    PHOTO PHILIPPE TEISCEIRA-LESSARD, COLLABORATION SP\u00c9CIALE\n                                <\/p>\n<p class=\"description photoGalleryModule__caption photoGalleryModule__caption--description\" style=\"\">\n                                    Le nouveau mus\u00e9e compte plus de 6500\u00a0m\u00e8tres carr\u00e9s d\u2019espaces d\u2019exposition.\n                                <\/p>\n<\/li>\n<li class=\"photoGalleryModule__item\">\n<p>                            <img decoding=\"async\" src=\"https:\/\/www.europesays.com\/fr\/wp-content\/uploads\/2025\/12\/0fd11c48565c361abdbf18b21c259c57.jpg\" alt=\"L\u2019expo inaugurale compte 600\u00a0\u0153uvres.\" class=\"photoGalleryModule__visual\" itemprop=\"contentUrl url\"\/><\/p>\n<p class=\"credit photoGalleryModule__caption photoGalleryModule__caption--credit\" style=\"\">\n                                    PHOTO PHILIPPE TEISCEIRA-LESSARD, COLLABORATION SP\u00c9CIALE\n                                <\/p>\n<p class=\"description photoGalleryModule__caption photoGalleryModule__caption--description\" style=\"\">\n                                    L\u2019expo inaugurale compte 600\u00a0\u0153uvres.\n                                <\/p>\n<\/li>\n<li class=\"photoGalleryModule__item\">\n<p>                            <img decoding=\"async\" src=\"https:\/\/www.europesays.com\/fr\/wp-content\/uploads\/2025\/12\/f90329e6c5b93814b23d0d7b1f8a8e2d.jpg\" alt=\"Les artistes expos\u00e9s viennent de tous les coins du monde.\" class=\"photoGalleryModule__visual\" itemprop=\"contentUrl url\"\/><\/p>\n<p class=\"credit photoGalleryModule__caption photoGalleryModule__caption--credit\" style=\"\">\n                                    PHOTO PHILIPPE TEISCEIRA-LESSARD, COLLABORATION SP\u00c9CIALE\n                                <\/p>\n<p class=\"description photoGalleryModule__caption photoGalleryModule__caption--description\" style=\"\">\n                                    Les artistes expos\u00e9s viennent de tous les coins du monde.\n                                <\/p>\n<\/li>\n<\/ul>\n<p>1\/4<\/p>\n<p>                    600\u00a0\u0153uvres pour l\u2019expo inaugurale<\/p>\n<p class=\"paragraph textModule textModule--type-paragraph \" style=\"\">Entre les murs du mus\u00e9e, mi-novembre, ces immenses planchers mouvants \u00e9taient bien visibles, avec leurs syst\u00e8mes de c\u00e2bles et de poulies. Les ascenseurs se trouvent dans les parties immobiles du b\u00e2timent. \u00ab\u00a0C\u2019est la premi\u00e8re fois que je viens, t\u00e9moigne Marie-Pierre Franc, qui avait d\u00e9j\u00e0 visit\u00e9 la Fondation Cartier dans son incarnation pr\u00e9c\u00e9dente. C\u2019est surprenant, il y a des tas de choses tr\u00e8s surprenantes.\u00a0\u00bb<\/p>\n<p class=\"paragraph textModule textModule--type-paragraph \" style=\"\">\u00ab\u00a0Je suis favorablement impressionn\u00e9, dit Ren\u00e9 Peter, un touriste allemand. Je suis surpris de voir la taille et de voir \u00e0 quel point le b\u00e2timent est ouvert. On peut voir tous les \u00e9tages \u00e0 la fois.\u00a0\u00bb<\/p>\n<p class=\"paragraph textModule textModule--type-paragraph \" style=\"\">L\u2019exposition inaugurale de la Fondation Cartier, intitul\u00e9e Exposition g\u00e9n\u00e9rale, regroupe quelque 600\u00a0\u0153uvres. \u00ab\u00a0Ce sont pour la plupart des commandes que la Fondation Cartier a faites \u00e0 des artistes tout au long des 40\u00a0derni\u00e8res ann\u00e9es et qui sont entr\u00e9es dans la collection, dit B\u00e9atrice Grenier. \u00c7a offre un portrait tr\u00e8s singulier de la cr\u00e9ation contemporaine r\u00e9cente.\u00a0\u00bb Les artistes expos\u00e9s viennent de tous les coins du monde.<\/p>\n<p>                                        <img decoding=\"async\" src=\"https:\/\/www.europesays.com\/fr\/wp-content\/uploads\/2025\/12\/9f6513694b893a37aed66f9de8964d59.jpg\" alt=\"\" class=\"photoModule__visual\" itemprop=\"contentUrl url\"\/><\/p>\n<p class=\"credit photoModule__caption photoModule__caption--credit\" style=\"\">\n                    PHOTO MARTIN BUREAU, ARCHIVES AGENCE FRANCE-PRESSE\n                <\/p>\n<p class=\"description photoModule__caption photoModule__caption--description\" style=\"\">\n                    Une exposition de photographies de l\u2019artiste Cindy Sherman \u00e0 la Fondation Louis Vuitton en\u00a02020.\n                <\/p>\n<p>                    Une tendance immanquable<\/p>\n<p class=\"paragraph textModule textModule--type-paragraph \" style=\"\">La Fondation Cartier s\u2019inscrit dans une tendance immanquable \u00e0 Paris\u00a0: l\u2019ouverture de mus\u00e9es priv\u00e9s par des acteurs du monde du luxe. La Fondation Louis Vuitton s\u2019est offert un b\u00e2timent futuriste de l\u2019architecte Frank Gehry dans le bois de Boulogne en\u00a02014, puis le milliardaire Fran\u00e7ois Pinault (Gucci, Balenciaga, Yves Saint Laurent) a ouvert son propre mus\u00e9e \u00e0 la Bourse de Commerce en\u00a02021. D\u2019autres institutions de moins grande ampleur ont aussi vu le jour.<\/p>\n<p class=\"paragraph textModule textModule--type-paragraph \" style=\"\">\u00ab\u00a0Il y a eu deux ph\u00e9nom\u00e8nes\u00a0: une acc\u00e9l\u00e9ration\u00a0\u2013 parce qu\u2019il y a eu une concurrence [entre fondations]\u00a0\u2013 et, par ailleurs, un changement d\u2019\u00e9chelle\u00a0\u00bb, explique Philippe Dagen, historien de l\u2019art et critique d\u2019art, en entrevue t\u00e9l\u00e9phonique. \u00ab\u00a0On est en pr\u00e9sence de fondations install\u00e9es dans des b\u00e2timents [\u2026] avec des architectures int\u00e9rieures ou ext\u00e9rieures tr\u00e8s spectaculaires, sur un mod\u00e8le qui trouverait plut\u00f4t des points de comparaison soit dans les pays du Golfe, soit \u00e9ventuellement aux \u00c9tats-Unis.\u00a0\u00bb<\/p>\n<p class=\"paragraph textModule textModule--type-paragraph \" style=\"\">\u00ab\u00a0[Ces nouvelles institutions] cr\u00e9ent clairement une concurrence\u00a0: je peux t\u00e9moigner du fait que par certaines institutions publiques, cela a \u00e9t\u00e9 per\u00e7u comme un danger\u00a0\u00bb, dit-il. <\/p>\n<p class=\"quoteText\" style=\"\">La Fondation Vuitton peut organiser des manifestations qu\u2019\u00e0 l\u2019heure actuelle aucun mus\u00e9e fran\u00e7ais ne serait susceptible de financer.<\/p>\n<p class=\"quoteSource\" style=\"\">\n            Philippe Dagen, historien de l\u2019art et critique d\u2019art\n        <\/p>\n<p class=\"paragraph textModule textModule--type-paragraph \" style=\"\">La galeriste Nathalie Obadia voit positivement toutes ces ouvertures. Dans une tribune de\u00a02021, elle a toutefois mis de l\u2019avant la n\u00e9cessit\u00e9 de clarifier la distinction entre mus\u00e9es priv\u00e9s et mus\u00e9es publics dans l\u2019espace public, observant qu\u2019aller chez \u00ab\u00a0Vuitton\u00a0\u00bb, chez \u00ab\u00a0Pinault\u00a0\u00bb ou chez \u00ab\u00a0Pompidou\u00a0\u00bb semblait \u00e9quivalent pour les plus jeunes. Une autre question, \u00ab\u00a0c\u2019est de voir qu\u2019il n\u2019y a peut-\u00eatre pas assez d\u2019artistes de la sc\u00e8ne fran\u00e7aise, a-t-elle dit. Il ne faut pas que Paris devienne seulement l\u2019amplificateur des succ\u00e8s des artistes \u00e9trangers\u00a0\u00bb.<\/p>\n<p class=\"paragraph textModule textModule--type-paragraph \" style=\"\">B\u00e9atrice Grenier, elle, rejette toute mise en opposition entre mus\u00e9es publics et priv\u00e9s. \u00ab\u00a0C\u2019est un faux d\u00e9bat, dans la mesure o\u00f9 il y a la place pour tous\u00a0\u00bb, assure-t-elle. \u00ab\u00a0C\u2019est une diversit\u00e9 qu\u2019on apporte \u00e0 la ville. Ce n\u2019est pas du tout une dynamique de comp\u00e9tition.\u00a0\u00bb<\/p>\n","protected":false},"excerpt":{"rendered":"(Paris) Un bijou moderne dans un \u00e9crin ancien\u00a0: la fondation du joaillier Cartier a inaugur\u00e9 cet automne un&hellip;\n","protected":false},"author":2,"featured_media":618756,"comment_status":"","ping_status":"","sticky":false,"template":"","format":"standard","meta":{"footnotes":""},"categories":[1358],"tags":[1348,1384,1385,1386,58,59,1011,27],"class_list":{"0":"post-618755","1":"post","2":"type-post","3":"status-publish","4":"format-standard","5":"has-post-thumbnail","7":"category-arts-et-design","8":"tag-arts","9":"tag-arts-and-design","10":"tag-arts-et-design","11":"tag-design","12":"tag-divertissement","13":"tag-entertainment","14":"tag-fr","15":"tag-france"},"share_on_mastodon":{"url":"https:\/\/pubeurope.com\/@fr\/115771219073184756","error":""},"_links":{"self":[{"href":"https:\/\/www.europesays.com\/fr\/wp-json\/wp\/v2\/posts\/618755","targetHints":{"allow":["GET"]}}],"collection":[{"href":"https:\/\/www.europesays.com\/fr\/wp-json\/wp\/v2\/posts"}],"about":[{"href":"https:\/\/www.europesays.com\/fr\/wp-json\/wp\/v2\/types\/post"}],"author":[{"embeddable":true,"href":"https:\/\/www.europesays.com\/fr\/wp-json\/wp\/v2\/users\/2"}],"replies":[{"embeddable":true,"href":"https:\/\/www.europesays.com\/fr\/wp-json\/wp\/v2\/comments?post=618755"}],"version-history":[{"count":0,"href":"https:\/\/www.europesays.com\/fr\/wp-json\/wp\/v2\/posts\/618755\/revisions"}],"wp:featuredmedia":[{"embeddable":true,"href":"https:\/\/www.europesays.com\/fr\/wp-json\/wp\/v2\/media\/618756"}],"wp:attachment":[{"href":"https:\/\/www.europesays.com\/fr\/wp-json\/wp\/v2\/media?parent=618755"}],"wp:term":[{"taxonomy":"category","embeddable":true,"href":"https:\/\/www.europesays.com\/fr\/wp-json\/wp\/v2\/categories?post=618755"},{"taxonomy":"post_tag","embeddable":true,"href":"https:\/\/www.europesays.com\/fr\/wp-json\/wp\/v2\/tags?post=618755"}],"curies":[{"name":"wp","href":"https:\/\/api.w.org\/{rel}","templated":true}]}}