{"id":618759,"date":"2025-12-23T22:24:13","date_gmt":"2025-12-23T22:24:13","guid":{"rendered":"https:\/\/www.europesays.com\/fr\/618759\/"},"modified":"2025-12-23T22:24:13","modified_gmt":"2025-12-23T22:24:13","slug":"gims-cette-sortie-qui-a-fait-du-bruit-nous-avons-subi-en-pleine-nuit","status":"publish","type":"post","link":"https:\/\/www.europesays.com\/fr\/618759\/","title":{"rendered":"Gims, cette sortie qui a fait du bruit : \u00ab\u00a0Nous avons subi en pleine nuit&#8230;\u00a0\u00bb"},"content":{"rendered":"<p data-start=\"325\" data-end=\"704\">Cette ann\u00e9e, <a href=\"https:\/\/www.closermag.fr\/people\/gims-au-top-ce-record-detenu-par-johnny-hallyday-est-sur-le-point-de-tomber-3571592\" target=\"_blank\" rel=\"noopener\"><\/p>\n<p>Gims a encore une fois rafl\u00e9 tous les succ\u00e8s.<\/a> Il a fait<br \/>\npartie des chanteurs francophones les plus \u00e9cout\u00e9s sur<br \/>\nSpotify, et apr\u00e8s plus de dix ans de carri\u00e8re, il continue<br \/>\nde remplir des salles de concert et de produire des chansons \u00e0<br \/>\nsucc\u00e8s. Preuve en est avec \u201cParisienne\u201d, ou encore \u201cCiel\u201d.<\/p>\n<p data-start=\"706\" data-end=\"896\">Cependant, malgr\u00e9 son succ\u00e8s<br \/>\nfulgurant, il s\u2019est r\u00e9cemment attir\u00e9 les foudres des riverains<br \/>\nd\u2019une cit\u00e9 de Nanterre. Une sortie qui a fait du bruit, et pas<br \/>\nforc\u00e9ment celui qu\u2019il avait esp\u00e9r\u00e9.<\/p>\n<p>Gims s\u2019attire la col\u00e8re des<br \/>\nriverains<\/p>\n<p data-start=\"940\" data-end=\"1674\">L\u2019actualit\u00e9 du chanteur<br \/>\nautrefois appel\u00e9 <a href=\"https:\/\/www.closermag.fr\/people\/gims-dictature-malnutrition-il-fait-de-rares-confidences-sur-son-enfance-africaine-1215729\" target=\"_blank\" rel=\"noopener\"><br \/>\nMa\u00eetre Gims<\/a> est charg\u00e9e. Depuis son d\u00e9part du groupe Sexion<br \/>\nd\u2019Assaut, il a sorti plusieurs albums en solo, qui ont \u00e9t\u00e9 disques<br \/>\nd\u2019or voire de platine. Certaines de ses chansons sont accompagn\u00e9es<br \/>\nd\u2019un clip. C\u2019est d\u2019ailleurs \u00e0 la suite d\u2019un tournage qu\u2019il s\u2019est<br \/>\npris une flop\u00e9e de mauvais commentaires. Comme on peut le lire sur<br \/>\n<a href=\"https:\/\/www.bfmtv.com\/people\/musique\/gims-n-est-pas-au-dessus-des-lois-le-tournage-d-un-clip-du-chanteur-a-la-cite-pablo-picasso-de-nanterre-fache-les-riverains_AN-202511130442.html\" target=\"_blank\" rel=\"nofollow noopener\"><br \/>\nBFMTV<\/a>, dimanche 9 novembre, il s\u2019est rendu \u00e0 la<br \/>\ncit\u00e9 Pablo-Picasso \u00e0 Nanterre, connue pour son histoire et son<br \/>\narchitecture, class\u00e9e au patrimoine mondial de l\u2019UNESCO.<br \/>\nCe lieu unique est souvent utilis\u00e9 comme d\u00e9cor de films, de s\u00e9ries<br \/>\net de clips. Les riverains ont donc l\u2019habitude de voir des cam\u00e9ras<br \/>\ntourner dans leur quartier.<\/p>\n<p data-start=\"1676\" data-end=\"2427\">Le r\u00e9cent passage de Gims les<br \/>\na marqu\u00e9s, et pas dans le bon sens. Comme le r\u00e9v\u00e8lent nos<br \/>\nconfr\u00e8res, un communiqu\u00e9 de la Conf\u00e9d\u00e9ration nationale du logement<br \/>\nAvignon des Hauts-de-Seine d\u00e9nonce <a href=\"https:\/\/www.closermag.fr\/people\/des-degradations-inadmissibles-le-tournage-du-clip-de-gims-degenere-3593313\" target=\"_blank\" rel=\"noopener\"><br \/>\nles agissements du chanteur et de ses \u00e9quipes.<\/a> Les habitants du<br \/>\nquartier ont relev\u00e9 \u201c<strong>plusieurs d\u00e9sagr\u00e9ments et d\u00e9gradations<br \/>\ninadmissibles<\/strong>\u201d ainsi qu\u2019un \u201cmanque de consid\u00e9ration et de respect\u201d. La<br \/>\ncerise sur le g\u00e2teau ? Ils ont \u00e9t\u00e9 d\u00e9rang\u00e9s dans leur sommeil \u00e0 la<br \/>\nsuite de \u201cnuisances sonores<br \/>\nnocturnes\u201d. Ils pr\u00e9cisent : \u201cEn plus des bruits de la musique, nous avons subi en pleine<br \/>\nnuit jusqu\u2019\u00e0 plus de minuit des bruits stridents de d\u00e9rapages de<br \/>\nvoitures\u201d, en assurant que Gims et ses \u00e9quipes n\u2019avaient pas<br \/>\nles autorisations pour tourner dans le quartier.<\/p>\n<p>Gims<br \/>\n: un tournage de clip qui tourne mal<\/p>\n<p data-start=\"2475\" data-end=\"2893\">La cit\u00e9 embl\u00e9matique des<br \/>\nHauts-de-Seine a donc \u00e9t\u00e9 marqu\u00e9e par le passage du chanteur, au<br \/>\nsens propre comme au figur\u00e9. En effet, le collectif de la cit\u00e9<br \/>\nPablo-Picasso aurait constat\u00e9 des traces de freinage sur la dalle<br \/>\nde la cit\u00e9. De plus, les \u00e9quipes de Gims n\u2019auraient pas nettoy\u00e9 les<br \/>\nlieux apr\u00e8s son passage et auraient laiss\u00e9 des barils ayant servi \u00e0<br \/>\nfaire du feu. Des photos ont \u00e9t\u00e9 prises pour appuyer ces dires.<\/p>\n<p data-start=\"2895\" data-end=\"3258\">En plus de voir leur cit\u00e9<br \/>\nab\u00eem\u00e9e, les riverains ont \u00e9t\u00e9 priv\u00e9s d\u2019\u00e9lectricit\u00e9 pendant<br \/>\nplusieurs heures \u00e0 la suite du tournage du clip. Ils concluent leur<br \/>\ncommuniqu\u00e9 en d\u00e9clarant : <strong>\u201cNous demandons du respect pour notre quartier et<br \/>\npour ses habitants.<\/strong> Ma\u00eetre Gims n\u2019est pas au-dessus des<br \/>\nlois, nous n\u2019avons pas \u00e0 subir des d\u00e9gradations pour les besoins<br \/>\nd\u2019un clip\u201d.<\/p>\n","protected":false},"excerpt":{"rendered":"Cette ann\u00e9e, Gims a encore une fois rafl\u00e9 tous les succ\u00e8s. Il a fait partie des chanteurs francophones&hellip;\n","protected":false},"author":2,"featured_media":618760,"comment_status":"","ping_status":"","sticky":false,"template":"","format":"standard","meta":{"footnotes":""},"categories":[1355],"tags":[21303,58,59,1011,27,13444,70202,1361,873,65861],"class_list":{"0":"post-618759","1":"post","2":"type-post","3":"status-publish","4":"format-standard","5":"has-post-thumbnail","7":"category-musique","8":"tag-buzz_nonli","9":"tag-divertissement","10":"tag-entertainment","11":"tag-fr","12":"tag-france","13":"tag-gims","14":"tag-marfeel_connexes","15":"tag-music","16":"tag-musique","17":"tag-trend"},"share_on_mastodon":{"url":"https:\/\/pubeurope.com\/@fr\/115771229240438535","error":""},"_links":{"self":[{"href":"https:\/\/www.europesays.com\/fr\/wp-json\/wp\/v2\/posts\/618759","targetHints":{"allow":["GET"]}}],"collection":[{"href":"https:\/\/www.europesays.com\/fr\/wp-json\/wp\/v2\/posts"}],"about":[{"href":"https:\/\/www.europesays.com\/fr\/wp-json\/wp\/v2\/types\/post"}],"author":[{"embeddable":true,"href":"https:\/\/www.europesays.com\/fr\/wp-json\/wp\/v2\/users\/2"}],"replies":[{"embeddable":true,"href":"https:\/\/www.europesays.com\/fr\/wp-json\/wp\/v2\/comments?post=618759"}],"version-history":[{"count":0,"href":"https:\/\/www.europesays.com\/fr\/wp-json\/wp\/v2\/posts\/618759\/revisions"}],"wp:featuredmedia":[{"embeddable":true,"href":"https:\/\/www.europesays.com\/fr\/wp-json\/wp\/v2\/media\/618760"}],"wp:attachment":[{"href":"https:\/\/www.europesays.com\/fr\/wp-json\/wp\/v2\/media?parent=618759"}],"wp:term":[{"taxonomy":"category","embeddable":true,"href":"https:\/\/www.europesays.com\/fr\/wp-json\/wp\/v2\/categories?post=618759"},{"taxonomy":"post_tag","embeddable":true,"href":"https:\/\/www.europesays.com\/fr\/wp-json\/wp\/v2\/tags?post=618759"}],"curies":[{"name":"wp","href":"https:\/\/api.w.org\/{rel}","templated":true}]}}