{"id":618761,"date":"2025-12-23T22:25:16","date_gmt":"2025-12-23T22:25:16","guid":{"rendered":"https:\/\/www.europesays.com\/fr\/618761\/"},"modified":"2025-12-23T22:25:16","modified_gmt":"2025-12-23T22:25:16","slug":"maman-jai-rate-lavion-revisite-en-film-dhorreur-le-sketch-du-saturday-night-live-avec-ariana-grande-fait-un-carton-sur-le-web","status":"publish","type":"post","link":"https:\/\/www.europesays.com\/fr\/618761\/","title":{"rendered":"\u00ab\u00a0Maman j&rsquo;ai rat\u00e9 l&rsquo;avion\u00a0\u00bb revisit\u00e9 en film d&rsquo;horreur : Le sketch du \u00ab\u00a0Saturday Night Live\u00a0\u00bb avec Ariana Grande fait un carton sur le web"},"content":{"rendered":"<p>                <img loading=\"lazy\" decoding=\"async\" src=\"https:\/\/www.europesays.com\/fr\/wp-content\/uploads\/2025\/04\/91f0667af8d5f95d-35x35-1.png\" class=\"author-article-picture\" width=\"35\" height=\"35\"\/><\/p>\n<p>                    Par<\/p>\n<p>                                            <a class=\"author-article-bio-link\" href=\"https:\/\/www.ozap.com\/auteur\/raphael-gioia_a93\" target=\"_blank\" rel=\"noopener\">Rapha\u00ebl Gioia<\/a><\/p>\n<p>                    |<\/p>\n<p>                                            Journaliste<\/p>\n<p>\n                Des go\u00fbters devant le Club Doroth\u00e9e aux soir\u00e9es pizza\/\u00a0\u00bbKoh-Lanta\u00a0\u00bb, il y a quelques pas de c\u00f4t\u00e9 que cet enfant du bitume a effectu\u00e9 pour transformer un rituel sacr\u00e9 en piges passionn\u00e9es.\n            <\/p>\n<p>\n    La chanteuse et com\u00e9dienne a rejou\u00e9 une sc\u00e8ne mythique de la com\u00e9die familiale, transform\u00e9e en film d&rsquo;\u00e9pouvante pour l&rsquo;occasion.\n<\/p>\n<p><img decoding=\"async\" class=\"image-article\" src=\"https:\/\/www.europesays.com\/fr\/wp-content\/uploads\/2025\/12\/15d9864ec9fc49fa-580x0-1.png\" width=\"580\" height=\"auto\" fetchpriority=\"high\" alt=\"Ariana Grande dans la peau de Kevin McCallister pour un sketch du &quot;Saturday Night Live&quot;\"\/><\/p>\n<p>    Ariana Grande dans la peau de Kevin McCallister pour un sketch du \u00ab\u00a0Saturday Night Live\u00a0\u00bb\u00a9 NBC<\/p>\n<p>La suite apr\u00e8s la publicit\u00e9<\/p>\n<p>Le \u00ab\u00a0SNL\u00a0\u00bb a frapp\u00e9 tr\u00e8s fort pour son dernier num\u00e9ro de l&rsquo;ann\u00e9e. <a href=\"https:\/\/www.ozap.com\/actu\/-saturday-night-live-se-moque-de-la-pub-pepsi-polemique-avec-kendall-jenner\/523774\" target=\"_blank\" rel=\"noopener\">Le c\u00e9l\u00e8bre show de NBC<\/a> a profit\u00e9 des f\u00eates de No\u00ebl en approche pour s&rsquo;approprier une r\u00e9f\u00e9rence cin\u00e9matographique de cette p\u00e9riode et en tirer un sketch d\u00e9sopilant. Les \u00e9quipes ont d\u00e9tourn\u00e9 une sc\u00e8ne cultissime de \u00ab\u00a0Home Alone\u00a0\u00bb (\u00ab\u00a0Maman j&rsquo;ai rat\u00e9 l&rsquo;avion en France\u00a0\u00bb, ndlr) et ont \u00e9crit une cr\u00e9ation lors de laquelle <a href=\"https:\/\/www.ozap.com\/personnalite\/ariana-grande_e458055\" target=\"_blank\" rel=\"noopener\">Ariana Grande <\/a>s&rsquo;est d\u00e9guis\u00e9e en Kevin McCallister, le petit gar\u00e7on oubli\u00e9 par sa famille au moment de partir en vacances \u00e0 Paris. La chanteuse pop et com\u00e9dienne, actuellement <a href=\"https:\/\/www.ozap.com\/actu\/audiences-access-20h-jonathan-bailey-et-ariana-grande-wicked-2-ont-ils-permis-a-quotidien-et-a-yann-barthes-de-battre-un-nouveau-record-sur-tmc\/652363\" target=\"_blank\" rel=\"noopener\">\u00e0 l&rsquo;affiche de \u00ab\u00a0Wicked 2\u00a0\u00bb<\/a>, y livre une prestation remarquable qui fait un tabac sur les r\u00e9seaux sociaux. Car, ici, le final r\u00e9confortant et bon enfant de la com\u00e9die familiale a subi un relooking \u00ab\u00a0gore\u00a0\u00bb auquel personne ne s&rsquo;attendait.<\/p>\n<p>Familial horror story<\/p>\n<p>Dans le long-m\u00e9trage, encore propos\u00e9 par TF1 la semaine derni\u00e8re, le blondinet abandonn\u00e9 et incarn\u00e9 par <a href=\"https:\/\/www.ozap.com\/actu\/maman-jai-rate-lavion-tf1-que-devient-macaulay-culkin-suprise-il-a-change-de-nom\/652909\" target=\"_blank\" rel=\"noopener\">Macaulay Culkin<\/a> devait prot\u00e9ger sa maison face \u00e0 des cambrioleurs peu scrupuleux, et avait imagin\u00e9 plusieurs ruses pour leur entraver le chemin. Vainqueur de ce bras de fer, il retrouvait ses parents et ses proches dans un d\u00e9nouement aux allures de \u00ab\u00a0happy end\u00a0\u00bb. Mais le \u00ab\u00a0Saturday Nighy Live\u00a0\u00bb a souhait\u00e9 parodier ces retrouvailles en les revisitant fa\u00e7on boucherie. Un clin d\u2019\u0153il \u00e0 <a href=\"https:\/\/www.ozap.com\/actu\/-american-horror-story-renouvelee-pour-des-saisons-11-12-et-13\/587968\" target=\"_blank\" rel=\"noopener\">\u00ab\u00a0American Horror Story\u00a0\u00bb<\/a> dans laquelle Ariana Grande s\u2019appr\u00eate \u00e0 jouer pour le catalogue de Netflix.<\/p>\n<p>Le court-m\u00e9trage horrifique de trois minutes montre l\u2019humoriste Ashley Padilla dans le r\u00f4le de la m\u00e8re de Kevin, alors qu\u2019elle s\u2019excuse d\u2019avoir laiss\u00e9 son fils, le matin de No\u00ebl avant d&#8217;embarquer pour la France. \u00ab\u00a0Je n\u2019ai pas dormi pendant 72 heures\u00a0\u00bb, regrette-t-elle avant de commencer \u00e0 halluciner. Dans son \u00e9tat d\u00e9lirant, la maman fautive \u00e9voque un d\u00e9fil\u00e9 de sc\u00e9narios cauchemardesques, imaginant chaque pi\u00e8ge restant de Kevin et faisant des ravages dans la maison, jusqu&rsquo;\u00e0 tuer chaque membre de la famille. T\u00eate br\u00fbl\u00e9e avec un chalumeau, bras sectionn\u00e9s par des tron\u00e7onneuses et t\u00eates d\u00e9capit\u00e9es, les sc\u00e9naristes n&rsquo;ont pas l\u00e9sin\u00e9 sur les mises en sc\u00e8ne d\u00e9cal\u00e9es. M\u00eame, le cri de gros plan embl\u00e9matique du gar\u00e7on, dont le visage est recouvert du sang des siens, est pastich\u00e9. Un tour de force r\u00e9ussi et repris un peu partout dans le monde.<\/p>\n<p>Qu&rsquo;est devenu le vrai h\u00e9ros de \u00ab\u00a0Home Alone\u00a0\u00bb ?<\/p>\n<p>Ce mardi 23 d\u00e9cembre, les t\u00e9l\u00e9spectateurs fran\u00e7ais pourront visionner la suite des aventures de Kevin McCallister dans \u00ab\u00a0Maman, j&rsquo;ai encore rat\u00e9 l&rsquo;avion\u00a0\u00bb. 33 ans apr\u00e8s la sortie de ce second volet, l&rsquo;interpr\u00e8te de ce gar\u00e7onnet malicieux a bien chang\u00e9. Comme son personnage culte, le com\u00e9dien a grandi vite, trop vite peut-\u00eatre. La vie de l&rsquo;enfant-star a bascul\u00e9 lorsqu&rsquo;\u00e0 14 ans, il a choisi de s&rsquo;\u00e9manciper pour fuir la bataille entre ses parents afin d&rsquo;acqu\u00e9rir l&rsquo;argent se trouvant sur son compte en banque. Cette exode marque une pause dans sa carri\u00e8re devant les cam\u00e9ras, et le d\u00e9but des probl\u00e8mes entre mariage pr\u00e9coce \u00e0 17 ans, s\u00e9jour en clinique de d\u00e9sintoxication, d\u00e9boires financi\u00e8res et fr\u00e9quentations douteuses. Le natif de Big Apple est n\u00e9anmoins parvenu \u00e0 sortir de cette impasse en se remettant sur le chemin des plateaux de tournage, sans pour autant retrouver sa renomm\u00e9e d&rsquo;antan.<\/p>\n<p>        <img decoding=\"async\" class=\"thumb-img-100 thumb-img\" src=\"https:\/\/www.europesays.com\/fr\/wp-content\/uploads\/2025\/10\/f89408a200f5b38a-320x180-1.jpg\" alt=\"Excuses, larmes, attaques contre Donald Trump : Que retenir du retour \u00e0 l'antenne de Jimmy Kimmel sur ABC ?\" width=\"320\" height=\"180\" loading=\"lazy\" role=\"presentation\"\/><\/p>\n<p>                                            Excuses, larmes, attaques contre Donald Trump : Que retenir du retour \u00e0 l&rsquo;antenne de Jimmy Kimmel sur ABC ?<\/p>\n<p>        <img decoding=\"async\" class=\"thumb-img-100 thumb-img\" src=\"https:\/\/www.europesays.com\/fr\/wp-content\/uploads\/2025\/12\/608f776f9278549e-320x180-2.png\" alt=\"&quot;Maman j'ai rat\u00e9 l\u2019avion&quot; (TF1) : Que devient Macaulay Culkin ? Surprise, il a chang\u00e9 de nom !\" width=\"320\" height=\"180\" loading=\"lazy\" role=\"presentation\"\/><\/p>\n<p>                                            \u00ab\u00a0Maman j&rsquo;ai rat\u00e9 l\u2019avion\u00a0\u00bb (TF1) : Que devient Macaulay Culkin ? Surprise, il a chang\u00e9 de nom !<\/p>\n<p>        <img decoding=\"async\" class=\"thumb-img-100 thumb-img\" src=\"https:\/\/www.europesays.com\/fr\/wp-content\/uploads\/2025\/12\/63a7455714f38249-320x180-1.png\" alt=\"&quot;L'Am\u00e9rique l'a exig\u00e9&quot; : Le pr\u00e9sentateur am\u00e9ricain Conan O\u2019Brien succ\u00e8de \u00e0 Jimmy Kimmel \u00e0 l'animation des Oscars 2025\" width=\"320\" height=\"180\" loading=\"lazy\" role=\"presentation\"\/><\/p>\n<p>                                            \u00ab\u00a0L&rsquo;Am\u00e9rique l&rsquo;a exig\u00e9\u00a0\u00bb : Le pr\u00e9sentateur am\u00e9ricain Conan O\u2019Brien succ\u00e8de \u00e0 Jimmy Kimmel \u00e0 l&rsquo;animation des Oscars 2025<\/p>\n","protected":false},"excerpt":{"rendered":"Par Rapha\u00ebl Gioia | Journaliste Des go\u00fbters devant le Club Doroth\u00e9e aux soir\u00e9es pizza\/\u00a0\u00bbKoh-Lanta\u00a0\u00bb, il y a quelques&hellip;\n","protected":false},"author":2,"featured_media":618762,"comment_status":"","ping_status":"","sticky":false,"template":"","format":"standard","meta":{"footnotes":""},"categories":[1354],"tags":[58,59,1346,1011,27,1360],"class_list":{"0":"post-618761","1":"post","2":"type-post","3":"status-publish","4":"format-standard","5":"has-post-thumbnail","7":"category-films","8":"tag-divertissement","9":"tag-entertainment","10":"tag-films","11":"tag-fr","12":"tag-france","13":"tag-movies"},"share_on_mastodon":{"url":"https:\/\/pubeurope.com\/@fr\/115771234063766791","error":""},"_links":{"self":[{"href":"https:\/\/www.europesays.com\/fr\/wp-json\/wp\/v2\/posts\/618761","targetHints":{"allow":["GET"]}}],"collection":[{"href":"https:\/\/www.europesays.com\/fr\/wp-json\/wp\/v2\/posts"}],"about":[{"href":"https:\/\/www.europesays.com\/fr\/wp-json\/wp\/v2\/types\/post"}],"author":[{"embeddable":true,"href":"https:\/\/www.europesays.com\/fr\/wp-json\/wp\/v2\/users\/2"}],"replies":[{"embeddable":true,"href":"https:\/\/www.europesays.com\/fr\/wp-json\/wp\/v2\/comments?post=618761"}],"version-history":[{"count":0,"href":"https:\/\/www.europesays.com\/fr\/wp-json\/wp\/v2\/posts\/618761\/revisions"}],"wp:featuredmedia":[{"embeddable":true,"href":"https:\/\/www.europesays.com\/fr\/wp-json\/wp\/v2\/media\/618762"}],"wp:attachment":[{"href":"https:\/\/www.europesays.com\/fr\/wp-json\/wp\/v2\/media?parent=618761"}],"wp:term":[{"taxonomy":"category","embeddable":true,"href":"https:\/\/www.europesays.com\/fr\/wp-json\/wp\/v2\/categories?post=618761"},{"taxonomy":"post_tag","embeddable":true,"href":"https:\/\/www.europesays.com\/fr\/wp-json\/wp\/v2\/tags?post=618761"}],"curies":[{"name":"wp","href":"https:\/\/api.w.org\/{rel}","templated":true}]}}