{"id":618763,"date":"2025-12-23T22:26:12","date_gmt":"2025-12-23T22:26:12","guid":{"rendered":"https:\/\/www.europesays.com\/fr\/618763\/"},"modified":"2025-12-23T22:26:12","modified_gmt":"2025-12-23T22:26:12","slug":"dans-les-bouches-du-rhone-17-medecins-requisitionnes-pendant-les-fetes-pour-faire-face-aux-epidemies","status":"publish","type":"post","link":"https:\/\/www.europesays.com\/fr\/618763\/","title":{"rendered":"dans les Bouches-du-Rh\u00f4ne, 17 m\u00e9decins r\u00e9quisitionn\u00e9s pendant les f\u00eates pour faire face aux \u00e9pid\u00e9mies"},"content":{"rendered":"<p>\n    La pr\u00e9fecture a ordonn\u00e9 la r\u00e9quisition de m\u00e9decins g\u00e9n\u00e9ralistes dans des communes proches de Marseille entre le 25 d\u00e9cembre et le 4 janvier.<\/p>\n<p class=\"fig-paragraph\">Pour faire face aux \u00e9pid\u00e9mies hivernales en pleine p\u00e9riode de cong\u00e9s pour de nombreux soignants, la pr\u00e9fecture des Bouches-du-Rh\u00f4ne r\u00e9quisitionne 17 m\u00e9decins g\u00e9n\u00e9ralistes jusqu&rsquo;\u00e0 d\u00e9but janvier, selon des arr\u00eat\u00e9s pr\u00e9fectoraux.<\/p>\n<p class=\"fig-paragraph\">Des m\u00e9decins exer\u00e7ant dans des communes proches de Marseille, notamment \u00e0 Martigues,<a href=\"http:\/\/www.lefigaro.fr\/automobile\/la-voiture-tombee-dans-la-piscine-municipale-de-la-ciotat-va-etre-extraite-ce-mardi-20251216\" data-fig-type=\"NewsFlash\" data-gtm-custom-categorie=\"navigation\" data-gtm-custom-action=\"crossclick\" data-gtm-custom-label=\"Contextuel\" data-gtm-event=\"customEventSPE\" data-fig-domain=\"LEFIGARO\" target=\"_blank\" rel=\"noopener\">\u00a0La Ciotat<\/a>\u00a0et Aubagne, sont r\u00e9quisitionn\u00e9s entre le 25 d\u00e9cembre et le 4 janvier, sur des dates et des horaires d\u00e9finis par trois arr\u00eat\u00e9s sign\u00e9s lundi.<\/p>\n<p>                                            <a class=\"fig-a11y-skip\" href=\"#fig-a11y-skip-main-inarticle\" data-module=\"a11y-skip\" data-context=\"was @visible\"><br \/>\n    Passer la publicit\u00e9<br \/>\n<\/a>            <\/p>\n<p class=\"fig-paragraph\">Le texte explique que cette d\u00e9cision a \u00e9t\u00e9 prise car \u00abla persistance d&rsquo;un tableau de garde insuffisant pour assurer la permanence des soins (&#8230;) constitue un risque grave pour la sant\u00e9 publique, r\u00e9sultant de l&rsquo;absence de r\u00e9ponse prolong\u00e9e aux demandes de soins de premier recours\u00bb.<\/p>\n<p>                                            \u00c9pid\u00e9mies et afflux touristique<\/p>\n<p class=\"fig-paragraph\">Les m\u00e9decins qui d\u00e9rogeraient \u00e0 cet arr\u00eat\u00e9 s&rsquo;exposent \u00e0 des poursuites. Contact\u00e9e par l&rsquo;AFP, l&rsquo;Agence r\u00e9gionale de sant\u00e9 (ARS) de Provence-Alpes-C\u00f4te d&rsquo;Azur a expliqu\u00e9 avoir choisi des m\u00e9decins \u00abnon-exempt\u00e9s n&rsquo;ayant pris aucune ligne de garde sur l&rsquo;ann\u00e9e \u00e0 venir\u00bb.<\/p>\n<p class=\"fig-paragraph\">Elle a rappel\u00e9 que \u00able d\u00e9partement des Bouches-du-Rh\u00f4ne est l&rsquo;unique d\u00e9partement de la France m\u00e9tropolitaine dont les carences de permanence de soins ambulatoires (PDSA) sont sup\u00e9rieures \u00e0 50%\u00bb. Outre \u00abla conjonction de plusieurs facteurs avec la reprise des \u00e9pid\u00e9mies virales de type grippe et bronchiolite, conjugu\u00e9e \u00e0 la p\u00e9riode des cong\u00e9s qui implique la fermeture de certains cabinets m\u00e9dicaux\u00bb, la r\u00e9gion conna\u00eet en fin d&rsquo;ann\u00e9e \u00abun afflux touristique\u00bb, souligne \u00e9galement l&rsquo;ARS.<\/p>\n<p class=\"fig-paragraph\">La r\u00e9gion entre en troisi\u00e8me semaine d&rsquo;\u00e9pid\u00e9mie et \u00ables actes m\u00e9dicaux r\u00e9alis\u00e9s par SOS M\u00e9decins ainsi que les passages aux urgences poursuivent leur forte augmentation, \u00e0 des niveaux sup\u00e9rieurs \u00e0 ceux observ\u00e9s \u00e0 la m\u00eame p\u00e9riode lors des deux saisons pr\u00e9c\u00e9dentes\u00bb, selon la m\u00eame source.<\/p>\n<p class=\"fig-paragraph\">La semaine pr\u00e9c\u00e9dente, la\u00a0<a href=\"http:\/\/www.lefigaro.fr\/voyages\/conseils\/grippe-covid-voici-la-meilleure-place-pour-ne-pas-tomber-malade-apres-un-voyage-en-avion-20251218\" data-fig-type=\"Article\" data-gtm-custom-categorie=\"navigation\" data-gtm-custom-action=\"crossclick\" data-gtm-custom-label=\"Contextuel\" data-gtm-event=\"customEventSPE\" data-fig-domain=\"LEFIGARO\" target=\"_blank\" rel=\"noopener\">grippe\u00a0<\/a>ou le syndrome grippal ont occasionn\u00e9 \u00ab2000 passages aux urgences enregistr\u00e9s dans la r\u00e9gion, qui ont conduit \u00e0 pr\u00e8s de 450 hospitalisations\u00bb.<\/p>\n<p>                                            <a class=\"fig-a11y-skip\" href=\"#fig-a11y-skip-main-inarticle_mtf\" data-module=\"a11y-skip\" data-context=\"was @visible\"><br \/>\n    Passer la publicit\u00e9<br \/>\n<\/a>            <\/p>\n<p class=\"fig-paragraph\">Quant \u00e0 la\u00a0<a href=\"http:\/\/www.lefigaro.fr\/sciences\/contre-la-bronchiolite-faut-il-vacciner-les-meres-ou-les-enfants-20240908\" data-fig-type=\"Article\" data-gtm-custom-categorie=\"navigation\" data-gtm-custom-action=\"crossclick\" data-gtm-custom-label=\"Contextuel\" data-gtm-event=\"customEventSPE\" data-fig-domain=\"LEFIGARO\" target=\"_blank\" rel=\"noopener\">bronchiolite<\/a>, pour laquelle la r\u00e9gion est en phase \u00e9pid\u00e9mique depuis un mois, \u00abl&rsquo;activit\u00e9 des services d&rsquo;urgences concernant les enfants de moins d&rsquo;un an se stabilise\u00bb. L&rsquo;ARS conseille, en p\u00e9riode de fin d&rsquo;ann\u00e9e, d&rsquo;appeler le 15 pour \u00eatre orient\u00e9 soit vers un m\u00e9decin de ville soit vers les urgences pour les situations les plus graves.<\/p>\n","protected":false},"excerpt":{"rendered":"La pr\u00e9fecture a ordonn\u00e9 la r\u00e9quisition de m\u00e9decins g\u00e9n\u00e9ralistes dans des communes proches de Marseille entre le 25&hellip;\n","protected":false},"author":2,"featured_media":618764,"comment_status":"","ping_status":"","sticky":false,"template":"","format":"standard","meta":{"footnotes":""},"categories":[10],"tags":[58155,434,1011,27,29786,72,6339,71],"class_list":{"0":"post-618763","1":"post","2":"type-post","3":"status-publish","4":"format-standard","5":"has-post-thumbnail","7":"category-sante","8":"tag-bronchiolite","9":"tag-epidemie","10":"tag-fr","11":"tag-france","12":"tag-grippe","13":"tag-health","14":"tag-medecin","15":"tag-sante"},"share_on_mastodon":{"url":"https:\/\/pubeurope.com\/@fr\/115771236966804067","error":""},"_links":{"self":[{"href":"https:\/\/www.europesays.com\/fr\/wp-json\/wp\/v2\/posts\/618763","targetHints":{"allow":["GET"]}}],"collection":[{"href":"https:\/\/www.europesays.com\/fr\/wp-json\/wp\/v2\/posts"}],"about":[{"href":"https:\/\/www.europesays.com\/fr\/wp-json\/wp\/v2\/types\/post"}],"author":[{"embeddable":true,"href":"https:\/\/www.europesays.com\/fr\/wp-json\/wp\/v2\/users\/2"}],"replies":[{"embeddable":true,"href":"https:\/\/www.europesays.com\/fr\/wp-json\/wp\/v2\/comments?post=618763"}],"version-history":[{"count":0,"href":"https:\/\/www.europesays.com\/fr\/wp-json\/wp\/v2\/posts\/618763\/revisions"}],"wp:featuredmedia":[{"embeddable":true,"href":"https:\/\/www.europesays.com\/fr\/wp-json\/wp\/v2\/media\/618764"}],"wp:attachment":[{"href":"https:\/\/www.europesays.com\/fr\/wp-json\/wp\/v2\/media?parent=618763"}],"wp:term":[{"taxonomy":"category","embeddable":true,"href":"https:\/\/www.europesays.com\/fr\/wp-json\/wp\/v2\/categories?post=618763"},{"taxonomy":"post_tag","embeddable":true,"href":"https:\/\/www.europesays.com\/fr\/wp-json\/wp\/v2\/tags?post=618763"}],"curies":[{"name":"wp","href":"https:\/\/api.w.org\/{rel}","templated":true}]}}