{"id":618767,"date":"2025-12-23T22:28:12","date_gmt":"2025-12-23T22:28:12","guid":{"rendered":"https:\/\/www.europesays.com\/fr\/618767\/"},"modified":"2025-12-23T22:28:12","modified_gmt":"2025-12-23T22:28:12","slug":"la-joie-est-le-grand-secret-du-christianisme","status":"publish","type":"post","link":"https:\/\/www.europesays.com\/fr\/618767\/","title":{"rendered":"\u00ab\u00a0La joie est le grand secret du christianisme\u00a0\u00bb"},"content":{"rendered":"<p>\n    <strong>ENTRETIEN EXCLUSIF &#8211;<\/strong> L\u2019acteur italien a \u00e9crit et joue un spectacle sur saint Pierre qui l\u2019a boulevers\u00e9 personnellement. Chr\u00e9tien originaire de Toscane, il se confie au Figaro sur le r\u00f4le que la foi catholique tient dans sa vie.<\/p>\n<p class=\"fig-paragraph\">Le 10\u00a0d\u00e9cembre dernier dans les jardins du Vatican,\u00a0<a href=\"http:\/\/www.lefigaro.fr\/culture\/roberto-benigni-denonce-les-massacres-d-enfants-en-ukraine-en-israel-et-a-gaza-20250620\" data-fig-type=\"Article\" data-gtm-custom-categorie=\"navigation\" data-gtm-custom-action=\"crossclick\" data-gtm-custom-label=\"Contextuel\" data-gtm-event=\"customEventSPE\" data-fig-domain=\"LEFIGARO\" target=\"_blank\" rel=\"noopener\">Roberto Benigni, 73\u00a0ans<\/a>, a offert un one man show de deux heures sur la vie de l\u2019ap\u00f4tre saint Pierre. Dans ce spectacle diffus\u00e9 en prime time sur RAI\u00a01 et qui a rassembl\u00e9 un quart de l\u2019audience nationale, l\u2019acteur et r\u00e9alisateur excelle dans l\u2019art de raconter la vie du prince des ap\u00f4tres, piment\u00e9 d\u2019humour. Il apporte surtout un regard renouvel\u00e9 sur Pierre de Galil\u00e9e et sur le Christ, accessible \u00e0 tous, qui n\u2019\u00e9lude rien de la profondeur du myst\u00e8re spirituel et chr\u00e9tien. N\u00e9 en Toscane, engag\u00e9 politiquement \u00e0 gauche, l\u2019artiste oscaris\u00e9 pour La\u00a0vie est belle, en 1999, ne cache pas une profonde foi catholique dont il t\u00e9moigne avec passion sur sc\u00e8ne. Pietro, un uomo nel vento (\u00ab\u00a0Pierre, un homme dans le vent\u00a0\u00bb), titre du spectacle, est\u00a0<a href=\"http:\/\/www.lefigaro.fr\/culture\/au-vatican-l-acteur-roberto-benigni-fait-le-show-devant-le-pape-francois-20240526\" data-fig-type=\"NewsFlash\" data-gtm-custom-categorie=\"navigation\" data-gtm-custom-action=\"crossclick\" data-gtm-custom-label=\"Contextuel\" data-gtm-event=\"customEventSPE\" data-fig-domain=\"LEFIGARO\" target=\"_blank\" rel=\"noopener\">n\u00e9 d\u2019une demande du pape Fran\u00e7ois<\/a>, qui souhaitait une cr\u00e9ation artistique sur saint Pierre dans le cadre du jubil\u00e9 de 2025. Il se produira bient\u00f4t hors d\u2019Italie, notamment en France.<\/p>\n<p class=\"fig-paragraph\"><strong>LE FIGARO. &#8211; Comment avez-vous\u2026<\/strong><\/p>\n<p class=\"fig-premium-paywall__infos\">\n        Cet article est r\u00e9serv\u00e9 aux abonn\u00e9s.        Il vous reste 92% \u00e0 d\u00e9couvrir.\n    <\/p>\n<p>                <img  data- alt=\"Le Figaro\" class=\"fig-img--complete fig-img\"\/><\/p>\n<p class=\"fig-premium-paywall__title\">Vous avez envie de lire la suite ?<\/p>\n<p class=\"fig-premium-paywall__subtitle\">D\u00e9bloquez tous les articles imm\u00e9diatement.<\/p>\n<p class=\"fig-premium-paywall__connect\">\n                D\u00e9j\u00e0 abonn\u00e9\u00a0?                <a class=\"fig-premium-paywall__connect-link\" href=\"https:\/\/connect.lefigaro.fr\/login?client=horizon_web&amp;type=main&amp;redirect_uri=https%3A%2F%2Fwww.lefigaro.fr%2Factualite-france%2Froberto-benigni-la-joie-est-le-grand-secret-du-christianisme-20251223\" data-js-gtm=\"{&quot;customCategorie&quot;: &quot;conversion&quot;, &quot;customAction&quot;: &quot;before_Landing_Connexion_paywall_auto&quot;, &quot;customLabel&quot;: &quot;bGVmaWdhcm8uZnJfXzFmMGRmZDdkLWNiYjMtNjliNi05NTFhLTIzZTU1OTJlZjc5YV9fQXJ0aWNsZQ==_Roberto Benigni\u00a0: \u00ab\u00a0La joie est le grand secret du christianisme\u00a0\u00bb_21&quot;, &quot;customIDSPE&quot;: &quot;bGVmaWdhcm8uZnJfXzFmMGRmZDdkLWNiYjMtNjliNi05NTFhLTIzZTU1OTJlZjc5YV9fQXJ0aWNsZQ==&quot;, &quot;event&quot;: &quot;customEventSPE&quot;}\" target=\"_blank\" rel=\"noopener\"><br \/>\n                    Connectez-vous<br \/>\n                <\/a>\n            <\/p>\n","protected":false},"excerpt":{"rendered":"ENTRETIEN EXCLUSIF &#8211; L\u2019acteur italien a \u00e9crit et joue un spectacle sur saint Pierre qui l\u2019a boulevers\u00e9 personnellement.&hellip;\n","protected":false},"author":2,"featured_media":618768,"comment_status":"","ping_status":"","sticky":false,"template":"","format":"standard","meta":{"footnotes":""},"categories":[8],"tags":[58,8305,59,1011,27,72886,4193],"class_list":{"0":"post-618767","1":"post","2":"type-post","3":"status-publish","4":"format-standard","5":"has-post-thumbnail","7":"category-divertissement","8":"tag-divertissement","9":"tag-eglise-catholique","10":"tag-entertainment","11":"tag-fr","12":"tag-france","13":"tag-roberto-benigni","14":"tag-vatican"},"share_on_mastodon":{"url":"https:\/\/pubeurope.com\/@fr\/115771244892705642","error":""},"_links":{"self":[{"href":"https:\/\/www.europesays.com\/fr\/wp-json\/wp\/v2\/posts\/618767","targetHints":{"allow":["GET"]}}],"collection":[{"href":"https:\/\/www.europesays.com\/fr\/wp-json\/wp\/v2\/posts"}],"about":[{"href":"https:\/\/www.europesays.com\/fr\/wp-json\/wp\/v2\/types\/post"}],"author":[{"embeddable":true,"href":"https:\/\/www.europesays.com\/fr\/wp-json\/wp\/v2\/users\/2"}],"replies":[{"embeddable":true,"href":"https:\/\/www.europesays.com\/fr\/wp-json\/wp\/v2\/comments?post=618767"}],"version-history":[{"count":0,"href":"https:\/\/www.europesays.com\/fr\/wp-json\/wp\/v2\/posts\/618767\/revisions"}],"wp:featuredmedia":[{"embeddable":true,"href":"https:\/\/www.europesays.com\/fr\/wp-json\/wp\/v2\/media\/618768"}],"wp:attachment":[{"href":"https:\/\/www.europesays.com\/fr\/wp-json\/wp\/v2\/media?parent=618767"}],"wp:term":[{"taxonomy":"category","embeddable":true,"href":"https:\/\/www.europesays.com\/fr\/wp-json\/wp\/v2\/categories?post=618767"},{"taxonomy":"post_tag","embeddable":true,"href":"https:\/\/www.europesays.com\/fr\/wp-json\/wp\/v2\/tags?post=618767"}],"curies":[{"name":"wp","href":"https:\/\/api.w.org\/{rel}","templated":true}]}}