{"id":618790,"date":"2025-12-23T22:45:26","date_gmt":"2025-12-23T22:45:26","guid":{"rendered":"https:\/\/www.europesays.com\/fr\/618790\/"},"modified":"2025-12-23T22:45:26","modified_gmt":"2025-12-23T22:45:26","slug":"il-tentait-de-se-cacher-dans-la-boulangerie-un-homme-en-situation-irreguliere-arrete-en-flagrant-delit-de-cambriolage-a-montpellier","status":"publish","type":"post","link":"https:\/\/www.europesays.com\/fr\/618790\/","title":{"rendered":"Il tentait de se cacher dans la boulangerie\u00a0: un homme en situation irr\u00e9guli\u00e8re arr\u00eat\u00e9 en flagrant d\u00e9lit de cambriolage \u00e0 Montpellier"},"content":{"rendered":"<p>\n                                                                Interpell\u00e9, dimanche 21\u00a0d\u00e9cembre, alors qu\u2019il tentait de cambrioler une boulangerie implant\u00e9e dans le quartier des Rives-du-Lez, cet Alg\u00e9rien de 34 ans a \u00e9t\u00e9 d\u00e9f\u00e9r\u00e9 au parquet en vue d\u2019une comparution imm\u00e9diate.\n                            <\/p>\n<p>Un homme de 34 ans a \u00e9t\u00e9 interpell\u00e9 dimanche 21\u00a0d\u00e9cembre, \u00e0 7\u00a0heures du matin, en flagrant d\u00e9lit de cambriolage dans une boulangerie du secteur des Rives-du-Lez, \u00e0 Montpellier. C\u2019est le d\u00e9clenchement de l\u2019alarme de l\u2019\u00e9tablissement qui a donn\u00e9 l\u2019alerte. Le propri\u00e9taire de la boulangerie a imm\u00e9diatement pr\u00e9venu les forces de l\u2019ordre.<\/p>\n<p>\u00c0 leur arriv\u00e9e sur place, les policiers ont constat\u00e9 qu\u2019une fen\u00eatre situ\u00e9e en hauteur avait \u00e9t\u00e9 forc\u00e9e. En p\u00e9n\u00e9trant \u00e0 l\u2019int\u00e9rieur par cette m\u00eame ouverture, ils ont d\u00e9couvert des locaux enti\u00e8rement fouill\u00e9s. Le tiroir-caisse avait \u00e9t\u00e9 arrach\u00e9, tout comme le bo\u00eetier de l\u2019alarme. Plusieurs zones de l\u2019\u00e9tablissement pr\u00e9sentaient des traces de fouille, laissant penser que l\u2019auteur avait longuement inspect\u00e9 les lieux \u00e0 la recherche d\u2019objets ou de num\u00e9raire.<\/p>\n<p>En situation irr\u00e9guli\u00e8re<\/p>\n<p>En poursuivant leurs v\u00e9rifications, les policiers sont finalement tomb\u00e9s sur un individu qui tentait de se dissimuler dans un recoin de l\u2019\u00e9tablissement. Il a imm\u00e9diatement \u00e9t\u00e9 interpell\u00e9. Lors de sa fouille, il a \u00e9t\u00e9 trouv\u00e9 en possession d\u2019une paire de pinces ainsi que de gants en latex. Deux cartes bancaires ne lui appartenant pas ont \u00e9galement \u00e9t\u00e9 saisies sur lui.<\/p>\n<p>Le mis en cause, de nationalit\u00e9 alg\u00e9rienne, est \u00e2g\u00e9 de 34 ans. Il faisait l\u2019objet d\u2019une interdiction administrative de s\u00e9jour sur le territoire fran\u00e7ais. Plac\u00e9 en garde \u00e0 vue, il n\u2019a pu que reconna\u00eetre les faits qui lui \u00e9taient reproch\u00e9s.<\/p>\n<p>D\u00e9f\u00e9r\u00e9 au parquet<\/p>\n<p>Les enqu\u00eateurs s\u2019int\u00e9ressent par ailleurs \u00e0 un vol par effraction commis r\u00e9cemment dans une autre boulangerie du secteur de la Pompignane. Un rapprochement est \u00e0 l\u2019\u00e9tude, m\u00eame s\u2019il est encore trop t\u00f4t pour affirmer avec certitude que l\u2019individu est l\u2019auteur des deux faits.<\/p>\n<p>\u00c0 l\u2019issue de sa garde \u00e0 vue, le suspect a \u00e9t\u00e9 d\u00e9f\u00e9r\u00e9, ce lundi, au parquet de Montpellier, en vue d\u2019une comparution imm\u00e9diate.<\/p>\n","protected":false},"excerpt":{"rendered":"Interpell\u00e9, dimanche 21\u00a0d\u00e9cembre, alors qu\u2019il tentait de cambrioler une boulangerie implant\u00e9e dans le quartier des Rives-du-Lez, cet Alg\u00e9rien&hellip;\n","protected":false},"author":2,"featured_media":618791,"comment_status":"","ping_status":"","sticky":false,"template":"","format":"standard","meta":{"footnotes":""},"categories":[9599],"tags":[1111,11,1777,674,118,1011,27,7089,2208,12,2680,25],"class_list":{"0":"post-618790","1":"post","2":"type-post","3":"status-publish","4":"format-standard","5":"has-post-thumbnail","7":"category-montpellier","8":"tag-actu","9":"tag-actualites","10":"tag-eu","11":"tag-europe","12":"tag-faits-divers","13":"tag-fr","14":"tag-france","15":"tag-herault","16":"tag-montpellier","17":"tag-news","18":"tag-occitanie","19":"tag-republique-francaise"},"share_on_mastodon":{"url":"https:\/\/pubeurope.com\/@fr\/115771311708035046","error":""},"_links":{"self":[{"href":"https:\/\/www.europesays.com\/fr\/wp-json\/wp\/v2\/posts\/618790","targetHints":{"allow":["GET"]}}],"collection":[{"href":"https:\/\/www.europesays.com\/fr\/wp-json\/wp\/v2\/posts"}],"about":[{"href":"https:\/\/www.europesays.com\/fr\/wp-json\/wp\/v2\/types\/post"}],"author":[{"embeddable":true,"href":"https:\/\/www.europesays.com\/fr\/wp-json\/wp\/v2\/users\/2"}],"replies":[{"embeddable":true,"href":"https:\/\/www.europesays.com\/fr\/wp-json\/wp\/v2\/comments?post=618790"}],"version-history":[{"count":0,"href":"https:\/\/www.europesays.com\/fr\/wp-json\/wp\/v2\/posts\/618790\/revisions"}],"wp:featuredmedia":[{"embeddable":true,"href":"https:\/\/www.europesays.com\/fr\/wp-json\/wp\/v2\/media\/618791"}],"wp:attachment":[{"href":"https:\/\/www.europesays.com\/fr\/wp-json\/wp\/v2\/media?parent=618790"}],"wp:term":[{"taxonomy":"category","embeddable":true,"href":"https:\/\/www.europesays.com\/fr\/wp-json\/wp\/v2\/categories?post=618790"},{"taxonomy":"post_tag","embeddable":true,"href":"https:\/\/www.europesays.com\/fr\/wp-json\/wp\/v2\/tags?post=618790"}],"curies":[{"name":"wp","href":"https:\/\/api.w.org\/{rel}","templated":true}]}}