{"id":618805,"date":"2025-12-23T22:56:24","date_gmt":"2025-12-23T22:56:24","guid":{"rendered":"https:\/\/www.europesays.com\/fr\/618805\/"},"modified":"2025-12-23T22:56:24","modified_gmt":"2025-12-23T22:56:24","slug":"un-homme-non-violent-interpelle-avec-un-sabre-japonais-a-lentree-de-monaco-ce-lundi-matin","status":"publish","type":"post","link":"https:\/\/www.europesays.com\/fr\/618805\/","title":{"rendered":"Un homme non-violent interpell\u00e9 avec un sabre japonais \u00e0 l\u2019entr\u00e9e de Monaco ce lundi matin"},"content":{"rendered":"<p class=\"fs-5 \">Un homme a \u00e9t\u00e9 interpell\u00e9 ce lundi matin \u00e0 l\u2019entr\u00e9e de Monaco alors qu<strong>\u2019il marchait en provenance de Cap-d\u2019Ail<\/strong>. La raison de son interpellation\u00a0? Il \u00e9tait en possession d\u2019un<strong> katana, un sabre japonais. <\/strong><\/p>\n<p class=\"fs-5 \">Rep\u00e9r\u00e9 par la gendarmerie sur la commune voisine<strong>, l\u2019homme a rapidement \u00e9t\u00e9 contr\u00f4l\u00e9, dans le calme et sans violence<\/strong>, par des agents de la S\u00fbret\u00e9 publique.<\/p>\n<p class=\"fs-5 \">L\u2019individu en question a imm\u00e9diatement \u00e9t\u00e9 <strong>plac\u00e9 en garde \u00e0 vue en Principaut\u00e9.<\/strong><\/p>\n<p class=\"fs-5 \">Probl\u00e8me, sa garde \u00e0 vue a \u00e9t\u00e9 lev\u00e9e en raison de probl\u00e8mes de sant\u00e9. Victime de douleurs \u00e0 l\u2019abdomen, il a ensuite \u00e9t\u00e9<strong> hospitalis\u00e9 au Centre hospitalier Princesse-Grace et sera entendu dans les prochains jours<\/strong> par les services de police.<\/p>\n","protected":false},"excerpt":{"rendered":"Un homme a \u00e9t\u00e9 interpell\u00e9 ce lundi matin \u00e0 l\u2019entr\u00e9e de Monaco alors qu\u2019il marchait en provenance de&hellip;\n","protected":false},"author":2,"featured_media":618806,"comment_status":"","ping_status":"","sticky":false,"template":"","format":"standard","meta":{"footnotes":""},"categories":[2819],"tags":[1111,11,1777,674,1011,27,12,2401,882,25],"class_list":{"0":"post-618805","1":"post","2":"type-post","3":"status-publish","4":"format-standard","5":"has-post-thumbnail","7":"category-nice","8":"tag-actu","9":"tag-actualites","10":"tag-eu","11":"tag-europe","12":"tag-fr","13":"tag-france","14":"tag-news","15":"tag-nice","16":"tag-provence-alpes-cote-dazur","17":"tag-republique-francaise"},"share_on_mastodon":{"url":"https:\/\/pubeurope.com\/@fr\/115771354956269984","error":""},"_links":{"self":[{"href":"https:\/\/www.europesays.com\/fr\/wp-json\/wp\/v2\/posts\/618805","targetHints":{"allow":["GET"]}}],"collection":[{"href":"https:\/\/www.europesays.com\/fr\/wp-json\/wp\/v2\/posts"}],"about":[{"href":"https:\/\/www.europesays.com\/fr\/wp-json\/wp\/v2\/types\/post"}],"author":[{"embeddable":true,"href":"https:\/\/www.europesays.com\/fr\/wp-json\/wp\/v2\/users\/2"}],"replies":[{"embeddable":true,"href":"https:\/\/www.europesays.com\/fr\/wp-json\/wp\/v2\/comments?post=618805"}],"version-history":[{"count":0,"href":"https:\/\/www.europesays.com\/fr\/wp-json\/wp\/v2\/posts\/618805\/revisions"}],"wp:featuredmedia":[{"embeddable":true,"href":"https:\/\/www.europesays.com\/fr\/wp-json\/wp\/v2\/media\/618806"}],"wp:attachment":[{"href":"https:\/\/www.europesays.com\/fr\/wp-json\/wp\/v2\/media?parent=618805"}],"wp:term":[{"taxonomy":"category","embeddable":true,"href":"https:\/\/www.europesays.com\/fr\/wp-json\/wp\/v2\/categories?post=618805"},{"taxonomy":"post_tag","embeddable":true,"href":"https:\/\/www.europesays.com\/fr\/wp-json\/wp\/v2\/tags?post=618805"}],"curies":[{"name":"wp","href":"https:\/\/api.w.org\/{rel}","templated":true}]}}