{"id":618807,"date":"2025-12-23T22:57:21","date_gmt":"2025-12-23T22:57:21","guid":{"rendered":"https:\/\/www.europesays.com\/fr\/618807\/"},"modified":"2025-12-23T22:57:21","modified_gmt":"2025-12-23T22:57:21","slug":"alerte-a-la-bombe-dans-un-marche-de-noel-pres-de-nice-le-secteur-boucle","status":"publish","type":"post","link":"https:\/\/www.europesays.com\/fr\/618807\/","title":{"rendered":"Alerte \u00e0 la bombe dans un march\u00e9 de No\u00ebl pr\u00e8s de Nice, le secteur boucl\u00e9"},"content":{"rendered":"<p>                    Par<br \/>\n        <strong><br \/>\n            <a href=\"https:\/\/actu.fr\/auteur\/ugo-maillard\" title=\"Consulter tous les articles de Ugo Maillard\" target=\"_blank\" rel=\"noopener\">Ugo Maillard<\/a><br \/>\n                    <\/strong><\/p>\n<p>        Publi\u00e9 le<\/p>\n<p>            23 d\u00e9c. 2025 \u00e0 12h23<br \/>\n        ; mis \u00e0 jour le 23 d\u00e9c. 2025 \u00e0 12h59    <\/p>\n<p>Le march\u00e9 de No\u00ebl est ferm\u00e9 jusqu\u2019\u00e0 nouvel ordre. Ce mardi 23\u00a0d\u00e9cembre, le march\u00e9 de No\u00ebl de Mandelieu-la-Napoule (<a href=\"https:\/\/actu.fr\/provence-alpes-cote-d-azur\/alpes-maritimes_06\" target=\"_blank\" rel=\"noopener\">Alpes-Maritimes<\/a>) a \u00e9t\u00e9 \u00e9vacu\u00e9 en raison d\u2019une <strong>alerte \u00e0 la bombe<\/strong>.<\/p>\n<p class=\" wall-content\">\u00ab\u2009La Gendarmerie Nationale a ordonn\u00e9 par prudence l\u2019\u00e9vacuation du site et de ses abords pour v\u00e9rification\u2009\u00bb, indique S\u00e9bastien Leroy, maire de la commune \u00e0 l\u2019est de Nice.<\/p>\n<p class=\" wall-content\">Le site a \u00e9t\u00e9 boucl\u00e9 \u00ab\u2009avant son ouverture\u2009\u00bb pr\u00e9cise les services de la mairie \u00e0 la r\u00e9daction d\u2019<a href=\"https:\/\/actu.fr\/nice\/\" target=\"_blank\" rel=\"noopener\">actu Nice<\/a>. Pour autant, pr\u00e8s de 300\u00a0personnes ont d\u00fb \u00eatre \u00e9vacu\u00e9es.<\/p>\n<p>Un suspect interpell\u00e9<\/p>\n<p class=\" wall-content\">Depuis 11h, les services de gendarmerie \u00e9taient \u00e0 la recherche d\u2019un individu. Selon nos confr\u00e8res de <a href=\"https:\/\/www.nicematin.com\/faits-divers\/alerte-a-la-bombe-au-marche-de-noel-de-mandelieu-10661997\" target=\"_blank\" rel=\"noopener\">Nice Matin<\/a>, il s\u2019agirait d\u2019un homme de 75\u00a0ans qui aurait indiqu\u00e9 aux services de s\u00e9curit\u00e9 avoir d\u00e9pos\u00e9 un engin explosif.<\/p>\n<p class=\" wall-content\">L\u2019individu a \u00e9t\u00e9 interpell\u00e9 par les forces de l\u2019ordre. \u00ab\u00a0Gr\u00e2ce \u00e0 la vid\u00e9osurveillance de notre Police Municipale, le joyeux comique a l\u2019origine de cet incident a \u00e9t\u00e9 rep\u00e9r\u00e9, identifi\u00e9 et trac\u00e9. Le peloton d\u2019intervention de la Gendarmerie l\u2019a interpell\u00e9. Il est \u00e0 pr\u00e9sent en garde \u00e0 vue\u00a0\u00bb, informe le maire de la commune maralpine.<\/p>\n<p class=\" wall-content\">Personnalisez votre actualit\u00e9 en ajoutant vos villes et m\u00e9dias en favori avec <a href=\"https:\/\/moncompte.actu.fr\" title=\"D\u00e9couvez Mon Actu\" rel=\"nofollow noopener\" data-trk=\"{&quot;cta&quot;:{&quot;action&quot;:&quot;https:\\\/\\\/moncompte.actu.fr&quot;,&quot;category&quot;:&quot;mon compte&quot;,&quot;from&quot;:&quot;article footer&quot;,&quot;name&quot;:&quot;Mon actu&quot;,&quot;type&quot;:&quot;cta&quot;}}\" target=\"_blank\">Mon Actu<\/a>.<\/p>\n","protected":false},"excerpt":{"rendered":"Par Ugo Maillard Publi\u00e9 le 23 d\u00e9c. 2025 \u00e0 12h23 ; mis \u00e0 jour le 23 d\u00e9c. 2025&hellip;\n","protected":false},"author":2,"featured_media":618808,"comment_status":"","ping_status":"","sticky":false,"template":"","format":"standard","meta":{"footnotes":""},"categories":[2819],"tags":[1111,11,1777,674,118,1011,27,12,2401,1072,882,25],"class_list":{"0":"post-618807","1":"post","2":"type-post","3":"status-publish","4":"format-standard","5":"has-post-thumbnail","7":"category-nice","8":"tag-actu","9":"tag-actualites","10":"tag-eu","11":"tag-europe","12":"tag-faits-divers","13":"tag-fr","14":"tag-france","15":"tag-news","16":"tag-nice","17":"tag-police","18":"tag-provence-alpes-cote-dazur","19":"tag-republique-francaise"},"share_on_mastodon":{"url":"https:\/\/pubeurope.com\/@fr\/115771358854131999","error":""},"_links":{"self":[{"href":"https:\/\/www.europesays.com\/fr\/wp-json\/wp\/v2\/posts\/618807","targetHints":{"allow":["GET"]}}],"collection":[{"href":"https:\/\/www.europesays.com\/fr\/wp-json\/wp\/v2\/posts"}],"about":[{"href":"https:\/\/www.europesays.com\/fr\/wp-json\/wp\/v2\/types\/post"}],"author":[{"embeddable":true,"href":"https:\/\/www.europesays.com\/fr\/wp-json\/wp\/v2\/users\/2"}],"replies":[{"embeddable":true,"href":"https:\/\/www.europesays.com\/fr\/wp-json\/wp\/v2\/comments?post=618807"}],"version-history":[{"count":0,"href":"https:\/\/www.europesays.com\/fr\/wp-json\/wp\/v2\/posts\/618807\/revisions"}],"wp:featuredmedia":[{"embeddable":true,"href":"https:\/\/www.europesays.com\/fr\/wp-json\/wp\/v2\/media\/618808"}],"wp:attachment":[{"href":"https:\/\/www.europesays.com\/fr\/wp-json\/wp\/v2\/media?parent=618807"}],"wp:term":[{"taxonomy":"category","embeddable":true,"href":"https:\/\/www.europesays.com\/fr\/wp-json\/wp\/v2\/categories?post=618807"},{"taxonomy":"post_tag","embeddable":true,"href":"https:\/\/www.europesays.com\/fr\/wp-json\/wp\/v2\/tags?post=618807"}],"curies":[{"name":"wp","href":"https:\/\/api.w.org\/{rel}","templated":true}]}}