{"id":618811,"date":"2025-12-23T23:00:23","date_gmt":"2025-12-23T23:00:23","guid":{"rendered":"https:\/\/www.europesays.com\/fr\/618811\/"},"modified":"2025-12-23T23:00:23","modified_gmt":"2025-12-23T23:00:23","slug":"le-chu-de-bordeaux-a-developpe-une-irm-boostee-a-lia-pour-mieux-detecter-des-lesions-du-coeur","status":"publish","type":"post","link":"https:\/\/www.europesays.com\/fr\/618811\/","title":{"rendered":"Le CHU de Bordeaux a d\u00e9velopp\u00e9 une IRM boost\u00e9e \u00e0 l\u2019IA pour mieux d\u00e9tecter des l\u00e9sions du c\u0153ur"},"content":{"rendered":"<p>Le Centre hospitalier universitaire de Bordeaux (CHU) a annonc\u00e9 dans un communiqu\u00e9 ce mardi 23\u00a0d\u00e9cembre l\u2019\u00e9laboration d\u2019une nouvelle technologie d\u2019imagerie par r\u00e9sonance magn\u00e9tique (IRM) \u00e0 la suite de travaux men\u00e9s par les \u00e9quipes de l\u2019institut hospitalo-universitaire bas\u00e9 \u00e0 Pessac et d\u00e9di\u00e9 aux maladies du rythme cardiaque IHU Liryc, de l\u2019h\u00f4pital Haut-L\u00e9v\u00eaque du CHU de Bordeaux et de l\u2019Universit\u00e9 de Bordeaux. Assist\u00e9e par l\u2019intelligence artificielle, elle permettra d\u2019arriver plus rapidement \u00e0 un diagnostic et \u00e0 une \u00ab\u00a0prise en charge th\u00e9rapeutique am\u00e9lior\u00e9e des cardiopathies isch\u00e9miques\u00a0\u00bb, avance le document. Concr\u00e8tement, cette innovation permettra de rem\u00e9dier aux limites des IRM classiques tout en quantifiant rapidement des l\u00e9sions myocardiques gr\u00e2ce \u00e0 une analyse automatis\u00e9e des images par l\u2019IA.<\/p>\n","protected":false},"excerpt":{"rendered":"Le Centre hospitalier universitaire de Bordeaux (CHU) a annonc\u00e9 dans un communiqu\u00e9 ce mardi 23\u00a0d\u00e9cembre l\u2019\u00e9laboration d\u2019une nouvelle&hellip;\n","protected":false},"author":2,"featured_media":577803,"comment_status":"","ping_status":"","sticky":false,"template":"","format":"standard","meta":{"footnotes":""},"categories":[2817],"tags":[1111,11,1997,1777,674,1011,27,12,2219,25],"class_list":{"0":"post-618811","1":"post","2":"type-post","3":"status-publish","4":"format-standard","5":"has-post-thumbnail","7":"category-bordeaux","8":"tag-actu","9":"tag-actualites","10":"tag-bordeaux","11":"tag-eu","12":"tag-europe","13":"tag-fr","14":"tag-france","15":"tag-news","16":"tag-nouvelle-aquitaine","17":"tag-republique-francaise"},"share_on_mastodon":{"url":"https:\/\/pubeurope.com\/@fr\/115771370573329611","error":""},"_links":{"self":[{"href":"https:\/\/www.europesays.com\/fr\/wp-json\/wp\/v2\/posts\/618811","targetHints":{"allow":["GET"]}}],"collection":[{"href":"https:\/\/www.europesays.com\/fr\/wp-json\/wp\/v2\/posts"}],"about":[{"href":"https:\/\/www.europesays.com\/fr\/wp-json\/wp\/v2\/types\/post"}],"author":[{"embeddable":true,"href":"https:\/\/www.europesays.com\/fr\/wp-json\/wp\/v2\/users\/2"}],"replies":[{"embeddable":true,"href":"https:\/\/www.europesays.com\/fr\/wp-json\/wp\/v2\/comments?post=618811"}],"version-history":[{"count":0,"href":"https:\/\/www.europesays.com\/fr\/wp-json\/wp\/v2\/posts\/618811\/revisions"}],"wp:featuredmedia":[{"embeddable":true,"href":"https:\/\/www.europesays.com\/fr\/wp-json\/wp\/v2\/media\/577803"}],"wp:attachment":[{"href":"https:\/\/www.europesays.com\/fr\/wp-json\/wp\/v2\/media?parent=618811"}],"wp:term":[{"taxonomy":"category","embeddable":true,"href":"https:\/\/www.europesays.com\/fr\/wp-json\/wp\/v2\/categories?post=618811"},{"taxonomy":"post_tag","embeddable":true,"href":"https:\/\/www.europesays.com\/fr\/wp-json\/wp\/v2\/tags?post=618811"}],"curies":[{"name":"wp","href":"https:\/\/api.w.org\/{rel}","templated":true}]}}