{"id":618812,"date":"2025-12-23T23:02:32","date_gmt":"2025-12-23T23:02:32","guid":{"rendered":"https:\/\/www.europesays.com\/fr\/618812\/"},"modified":"2025-12-23T23:02:32","modified_gmt":"2025-12-23T23:02:32","slug":"le-concert-de-noel-radio-classique-de-bordeaux-ce-jeudi-a-20-heures","status":"publish","type":"post","link":"https:\/\/www.europesays.com\/fr\/618812\/","title":{"rendered":"Le Concert de No\u00ebl Radio Classique de Bordeaux ce jeudi \u00e0 20 heures"},"content":{"rendered":"<p><strong>En cette soir\u00e9e de No\u00ebl, Radio Classique vous propose de vivre ou de revire le Grand Concert de No\u00ebl donn\u00e9 la semaine derni\u00e8re \u00e0 l\u2019Auditorium de Bordeaux. <\/strong><\/p>\n<p>Un concert particulier, puisque le public a lui-m\u00eame compos\u00e9 le programme, en votant au fur et mesure de la soir\u00e9e. Six cat\u00e9gories comportant chacune trois \u0153uvres ont \u00e9t\u00e9 propos\u00e9es\u00a0: \u00ab\u00a0Danses autour du monde\u00a0\u00bb, \u00ab\u00a0La Nature\u00a0\u00bb, \u00ab\u00a0Les Ch\u0153urs d\u2019op\u00e9ra\u00a0\u00bb, \u00ab\u00a0Les Valses\u00a0\u00bb, Les Chants de No\u00ebl\u00a0\u00bb et \u00ab\u00a0Les R\u00e9gions fran\u00e7aises\u00a0\u00bb. Vous d\u00e9couvrirez le choix du public bordelais, ainsi que le \u00ab\u00a0morceau myst\u00e8re\u00a0\u00bb qu\u2019il devait reconna\u00eetre. Cette ann\u00e9e le Ch\u0153ur de l\u2019Op\u00e9ra national de Bordeaux et l\u2019Orchestre national Bordeaux Aquitaine \u00e9taient dirig\u00e9s par Adrien Perruchon. Ce concert sera pr\u00e9sent\u00e9 par Jean-Michel Dhuez. Vous pourrez l\u2019\u00e9couter en qualit\u00e9 num\u00e9rique \u00e0 Bordeaux et dans de nombreuses autres villes de France gr\u00e2ce au DAB+.<\/p>\n<p style=\"color: white; text-align: left;\"><strong>Retrouvez l\u2019actualit\u00e9 du Classique<\/strong><\/p>\n","protected":false},"excerpt":{"rendered":"En cette soir\u00e9e de No\u00ebl, Radio Classique vous propose de vivre ou de revire le Grand Concert de&hellip;\n","protected":false},"author":2,"featured_media":618813,"comment_status":"","ping_status":"","sticky":false,"template":"","format":"standard","meta":{"footnotes":""},"categories":[2817],"tags":[1111,11,1997,1777,674,1011,27,12,2219,25],"class_list":{"0":"post-618812","1":"post","2":"type-post","3":"status-publish","4":"format-standard","5":"has-post-thumbnail","7":"category-bordeaux","8":"tag-actu","9":"tag-actualites","10":"tag-bordeaux","11":"tag-eu","12":"tag-europe","13":"tag-fr","14":"tag-france","15":"tag-news","16":"tag-nouvelle-aquitaine","17":"tag-republique-francaise"},"share_on_mastodon":{"url":"https:\/\/pubeurope.com\/@fr\/115771378559441284","error":""},"_links":{"self":[{"href":"https:\/\/www.europesays.com\/fr\/wp-json\/wp\/v2\/posts\/618812","targetHints":{"allow":["GET"]}}],"collection":[{"href":"https:\/\/www.europesays.com\/fr\/wp-json\/wp\/v2\/posts"}],"about":[{"href":"https:\/\/www.europesays.com\/fr\/wp-json\/wp\/v2\/types\/post"}],"author":[{"embeddable":true,"href":"https:\/\/www.europesays.com\/fr\/wp-json\/wp\/v2\/users\/2"}],"replies":[{"embeddable":true,"href":"https:\/\/www.europesays.com\/fr\/wp-json\/wp\/v2\/comments?post=618812"}],"version-history":[{"count":0,"href":"https:\/\/www.europesays.com\/fr\/wp-json\/wp\/v2\/posts\/618812\/revisions"}],"wp:featuredmedia":[{"embeddable":true,"href":"https:\/\/www.europesays.com\/fr\/wp-json\/wp\/v2\/media\/618813"}],"wp:attachment":[{"href":"https:\/\/www.europesays.com\/fr\/wp-json\/wp\/v2\/media?parent=618812"}],"wp:term":[{"taxonomy":"category","embeddable":true,"href":"https:\/\/www.europesays.com\/fr\/wp-json\/wp\/v2\/categories?post=618812"},{"taxonomy":"post_tag","embeddable":true,"href":"https:\/\/www.europesays.com\/fr\/wp-json\/wp\/v2\/tags?post=618812"}],"curies":[{"name":"wp","href":"https:\/\/api.w.org\/{rel}","templated":true}]}}