{"id":618814,"date":"2025-12-23T23:03:19","date_gmt":"2025-12-23T23:03:19","guid":{"rendered":"https:\/\/www.europesays.com\/fr\/618814\/"},"modified":"2025-12-23T23:03:19","modified_gmt":"2025-12-23T23:03:19","slug":"voiture-volee-reperee-les-suspects-dun-cambriolage-amnesiques-laudience-reportee-et-les-fetes-de-fin-dannee-en-detention","status":"publish","type":"post","link":"https:\/\/www.europesays.com\/fr\/618814\/","title":{"rendered":"Voiture vol\u00e9e rep\u00e9r\u00e9e, les suspects d\u2019un cambriolage amn\u00e9siques, l\u2019audience report\u00e9e et les f\u00eates de fin d\u2019ann\u00e9e en d\u00e9tention"},"content":{"rendered":"<p>\n                                                                    l&rsquo;essentiel<br \/>\n                                                                Une voiture vol\u00e9e a conduit \u00e0 l\u2019arrestation de trois hommes \u00e0 Tournefeuille. \u00c2g\u00e9s de 29 \u00e0 35 ans, ils ont \u00e9t\u00e9 interpell\u00e9s apr\u00e8s un cambriolage. Deux d\u2019entre eux restent en d\u00e9tention, en attente de leur proc\u00e8s.\n                            <\/p>\n<p>Une voiture vol\u00e9e, et \u00e9quip\u00e9e de fausses plaques d\u2019immatriculation, avait \u00e9t\u00e9 rep\u00e9r\u00e9e au d\u00e9but du mois de d\u00e9cembre et faisait l\u2019objet d\u2019une surveillance discr\u00e8te depuis plusieurs jours. La semaine derni\u00e8re, quand cette Renault M\u00e9gane s\u2019est mise en mouvement, mercredi, les hommes de la BRI ne se trouvaient pas loin.<\/p>\n<p>Et ces sp\u00e9cialistes de la filature n\u2019ont pas manqu\u00e9 grand-chose de la balade du trio. D\u2019abord pour ce qui ressemblait \u00e0 des rep\u00e9rages puis ils ont aper\u00e7u deux individus quitter le v\u00e9hicule \u00e0 Fontenilles et p\u00e9n\u00e9trer dans un pavillon. Vite sortis, le conducteur et ses amis ont pris le chemin de Tournefeuille. Le temps pour les policiers de v\u00e9rifier qu\u2019ils venaient de p\u00e9n\u00e9trer par effraction dans la maison, et le trio a \u00e9t\u00e9 interpell\u00e9 en douceur \u00e0 Tournefeuille.<\/p>\n<p>Ces individus, \u00e2g\u00e9s de 35, 30 et 29 ans, ont \u00e9t\u00e9 plac\u00e9s en garde \u00e0 vue au commissariat central de Toulouse. L\u2019occasion pour les enqu\u00eateurs de la brigade des atteintes aux biens de touchantes sc\u00e8nes de crise de m\u00e9moire. Aucun souvenir, pas forc\u00e9ment li\u00e9 \u00e0 un Alzheimer pr\u00e9coce.<\/p>\n<p>Terribles trous de m\u00e9moire<\/p>\n<p>Finalement, le plus jeune s\u2019est souvenu que, peut-\u00eatre, ses amis avaient pu p\u00e9n\u00e9trer dans la maison visit\u00e9e. Contestation du plus \u00e2g\u00e9, et reconnaissance tr\u00e8s partielle du troisi\u00e8me. La d\u00e9couverte dans la voiture d\u2019un bijou identifi\u00e9 par la victime du vol n\u2019a pas aid\u00e9 ces suspects dans leurs explications.<\/p>\n<p class=\"std-elt__inline\">\n        <strong>\u00c0 lire aussi :<\/strong><br \/>\n        <a href=\"https:\/\/www.ladepeche.fr\/2025\/12\/20\/info-la-depeche-ils-partent-deux-heures-les-cambrioleurs-en-profitent-pour-desceller-leur-coffre-fort-et-le-voler-13122993.php\" target=\"_blank\" rel=\"noopener\">INFO LA DEPECHE. Ils partent \u00e0 un match de rugby\u00a0: \u00e0 leur retour, leur coffre-fort scell\u00e9 dans le sol a disparu<\/a>\n    <\/p>\n<p>Au regard de leur pass\u00e9 judiciaire charg\u00e9 (le plus \u00e2g\u00e9 est sorti de d\u00e9tention en novembre apr\u00e8s avoir \u00e9t\u00e9 condamn\u00e9 pour 40 vols\u2026), tous les trois ont \u00e9t\u00e9 pr\u00e9sent\u00e9s samedi au parquet. Le plus jeune a \u00e9t\u00e9 plac\u00e9 sous contr\u00f4le judiciaire. Ses amis ont pass\u00e9 deux nuits en d\u00e9tention et ils se sont retrouv\u00e9s devant le tribunal correctionnel de Toulouse, lundi dans le cadre des comparutions imm\u00e9diates \u2013 le troisi\u00e8me a oubli\u00e9 de se pr\u00e9senter.<\/p>\n<p>Mes Jessica Guy et Brice Zanin, avocats de la d\u00e9fense, ont souhait\u00e9 prendre le temps de d\u00e9couvrir le dossier. Un d\u00e9lai a \u00e9t\u00e9 accord\u00e9 par le tribunal. Mais malgr\u00e9 les efforts des deux avocats, le duo a \u00e9t\u00e9 maintenu en d\u00e9tention comme requis par le procureur. Ils reviendront pour \u00eatre jug\u00e9s d\u00e9but f\u00e9vrier.<\/p>\n","protected":false},"excerpt":{"rendered":"l&rsquo;essentiel Une voiture vol\u00e9e a conduit \u00e0 l\u2019arrestation de trois hommes \u00e0 Tournefeuille. \u00c2g\u00e9s de 29 \u00e0 35&hellip;\n","protected":false},"author":2,"featured_media":618815,"comment_status":"","ping_status":"","sticky":false,"template":"","format":"standard","meta":{"footnotes":""},"categories":[2816],"tags":[1111,11,1777,674,118,1011,27,2722,12,2680,25,2312],"class_list":{"0":"post-618814","1":"post","2":"type-post","3":"status-publish","4":"format-standard","5":"has-post-thumbnail","7":"category-toulouse","8":"tag-actu","9":"tag-actualites","10":"tag-eu","11":"tag-europe","12":"tag-faits-divers","13":"tag-fr","14":"tag-france","15":"tag-haute-garonne","16":"tag-news","17":"tag-occitanie","18":"tag-republique-francaise","19":"tag-toulouse"},"share_on_mastodon":{"url":"https:\/\/pubeurope.com\/@fr\/115771382492410857","error":""},"_links":{"self":[{"href":"https:\/\/www.europesays.com\/fr\/wp-json\/wp\/v2\/posts\/618814","targetHints":{"allow":["GET"]}}],"collection":[{"href":"https:\/\/www.europesays.com\/fr\/wp-json\/wp\/v2\/posts"}],"about":[{"href":"https:\/\/www.europesays.com\/fr\/wp-json\/wp\/v2\/types\/post"}],"author":[{"embeddable":true,"href":"https:\/\/www.europesays.com\/fr\/wp-json\/wp\/v2\/users\/2"}],"replies":[{"embeddable":true,"href":"https:\/\/www.europesays.com\/fr\/wp-json\/wp\/v2\/comments?post=618814"}],"version-history":[{"count":0,"href":"https:\/\/www.europesays.com\/fr\/wp-json\/wp\/v2\/posts\/618814\/revisions"}],"wp:featuredmedia":[{"embeddable":true,"href":"https:\/\/www.europesays.com\/fr\/wp-json\/wp\/v2\/media\/618815"}],"wp:attachment":[{"href":"https:\/\/www.europesays.com\/fr\/wp-json\/wp\/v2\/media?parent=618814"}],"wp:term":[{"taxonomy":"category","embeddable":true,"href":"https:\/\/www.europesays.com\/fr\/wp-json\/wp\/v2\/categories?post=618814"},{"taxonomy":"post_tag","embeddable":true,"href":"https:\/\/www.europesays.com\/fr\/wp-json\/wp\/v2\/tags?post=618814"}],"curies":[{"name":"wp","href":"https:\/\/api.w.org\/{rel}","templated":true}]}}