{"id":618817,"date":"2025-12-23T23:05:12","date_gmt":"2025-12-23T23:05:12","guid":{"rendered":"https:\/\/www.europesays.com\/fr\/618817\/"},"modified":"2025-12-23T23:05:12","modified_gmt":"2025-12-23T23:05:12","slug":"il-percute-une-voiture-se-retrouve-a-pied-et-tente-le-tout-pour-le-tout","status":"publish","type":"post","link":"https:\/\/www.europesays.com\/fr\/618817\/","title":{"rendered":"il percute une voiture, se retrouve \u00e0 pied, et tente le tout pour le tout"},"content":{"rendered":"<p>                    Par<br \/>\n        <strong><br \/>\n            <a href=\"https:\/\/actu.fr\/auteur\/zoe-hondt\" title=\"Consulter tous les articles de Zoe Hondt\" target=\"_blank\" rel=\"noopener\">Zoe Hondt<\/a><br \/>\n                    <\/strong><\/p>\n<p>        Publi\u00e9 le<\/p>\n<p>            23 d\u00e9c. 2025 \u00e0 18h00        <\/p>\n<p>Une <b>folle course-poursuite<\/b>. Les faits se sont d\u00e9roul\u00e9s vendredi 19\u00a0d\u00e9cembre \u00e0 <a href=\"https:\/\/actu.fr\/hauts-de-france\/roubaix_59512\" target=\"_blank\" rel=\"noopener\">Roubaix<\/a> (Nord). Un jeune homme de 24\u00a0ans a <b>tent\u00e9 d\u2019\u00e9chapper \u00e0 la police<\/b> en prenant la <b>fuite \u00e0 toute vitesse<\/b>. Il a encha\u00een\u00e9 les infractions routi\u00e8res jusqu\u2019\u00e0 causer un <a href=\"https:\/\/actu.fr\/hauts-de-france\/douai_59178\/douai-et-denain-ces-conducteurs-accidentes-avaient-plus-de-2-grammes-dalcool-dans-le-sang_63610017.html\" target=\"_blank\" rel=\"noopener\">accident<\/a>, sans faire de bless\u00e9s. Les policiers n\u2019ont pas tard\u00e9 \u00e0 comprendre pourquoi l\u2019homme avait tent\u00e9 de dispara\u00eetre. Lundi 22\u00a0d\u00e9cembre 2025, il a \u00e9t\u00e9 jug\u00e9 en comparution imm\u00e9diate au <b>tribunal de <a href=\"https:\/\/actu.fr\/lille\/\" target=\"_blank\" rel=\"noopener\">Lille<\/a><\/b> (Nord). R\u00e9cit.<\/p>\n<p>\u00ab\u2009Vous aimez tant que cela la prison\u2009?\u2009\u00bb<\/p>\n<p class=\" wall-content\">Roubaix (Nord), 22\u2009h\u200905. Vendredi 19\u00a0d\u00e9cembre, des policiers municipaux patrouillent jusqu\u2019\u00e0 apercevoir un <b>conducteur t\u00e9l\u00e9phone en main<\/b>, au croisement de l\u2019avenue Jean-Baptiste Lebas et de la rue Nationale. Ils signalent leur volont\u00e9 de le contr\u00f4ler avec le gyrophare, mais trop tard. Le conducteur prend la <b>fuite \u00e0 toute allure<\/b> et <b>cumule les infractions routi\u00e8res<\/b>\u2009: \u00ab\u2009Il acc\u00e9l\u00e8re, roule sur la piste cyclable, grille des feux rouges et d\u00e9passe par la droite les autres v\u00e9hicules.\u2009\u00bb Alors qu\u2019il \u00ab\u2009tente de se faufiler entre une voiture et une autre stationn\u00e9e\u2009\u00bb, il <b>percute <\/b>cette derni\u00e8re. Mais ce n\u2019est pas fini\u2009! L\u2019homme sort de son v\u00e9hicule et <b>continue \u00e0 pied<\/b>. Il se dirige vers un livreur de pizzas immobilis\u00e9 \u00e0 un feu rouge et essaye de lui voler son scooter. Pas de chance, ce dernier \u00ab\u2009ne se laisse pas faire\u2009\u00bb et l\u2019oblige \u00e0 abandonner. Le fugitif tente le tout pour le tout et se cache sous un v\u00e9hicule stationn\u00e9. Il est finalement rattrap\u00e9 et interpell\u00e9.<\/p>\n<p class=\" wall-content\">Les policiers comprennent directement pourquoi l\u2019homme de 24\u00a0ans a pris la fuite. <b>Bracelet \u00e9lectronique \u00e0 la cheville<\/b>, il conduisait \u00e9galement <b>sans permis<\/b>. \u00ab\u2009Vous aimez tant que cela la prison\u2009? En tout cas vous faites tout pour y retourner\u2009!\u2009\u00bb ass\u00e8ne le pr\u00e9sident du tribunal. Dans le box, le pr\u00e9venu raconte avoir pass\u00e9 la soir\u00e9e chez sa s\u0153ur, \u00e0 un kilom\u00e8tre de son domicile. Celle-ci lui <b>aurait pr\u00eat\u00e9 sa voiture<\/b>, pour qu\u2019il rentre plus rapidement. \u00ab\u2009Je devais rentrer \u00e0 22\u00a0heures. J\u2019ai acc\u00e9l\u00e9r\u00e9 pour ne pas \u00eatre en retard.\u2009\u00bb explique-t-il. Le pr\u00e9sident n\u2019est pas convaincu et d\u00e9plore la <b>dangerosit\u00e9 des faits<\/b>\u2009: \u00ab\u2009\u00c0 votre \u00e2ge, un kilom\u00e8tre \u00e7a se fait en dix minutes en petites foul\u00e9es.\u2009\u00bb Sur le banc des victimes, un avocat repr\u00e9sente la propri\u00e9taire du v\u00e9hicule accident\u00e9.<\/p>\n<p>\u00ab\u2009Demain, vous auriez pu tuer quelqu\u2019un\u2009!\u2009\u00bb<\/p>\n<p class=\" wall-content\">L\u2019avocat de la partie civile est remont\u00e9\u2009: \u00ab\u2009Je trouve \u00e7a d\u00e9plorable. Demain, vous auriez pu tuer quelqu\u2019un\u2009!\u2009\u00bb Sa cliente souhaite attendre l\u2019<b>estimation des d\u00e9g\u00e2ts caus\u00e9s<\/b>, pour demander des dommages et int\u00e9r\u00eats. L\u2019avocat de la d\u00e9fense veut, quant \u00e0 lui, rassurer\u2009: \u00ab\u2009Il se fait d\u00e9j\u00e0 la morale \u00e0 lui-m\u00eame et a entam\u00e9 des d\u00e9marches pour repasser le permis de conduire.\u2009\u00bb Il d\u00e9fend les \u00ab\u2009situations professionnelle et personnelle stables\u2009\u00bb de son client, et fait \u00e9tat de son \u00ab\u2009ambition\u2009\u00bb. Le pr\u00e9venu poss\u00e8de <b>deux dipl\u00f4mes<\/b>\u00a0d\u2019\u00e9tudes sup\u00e9rieures et est\u00a0<b>auto-entrepreneur<\/b>.<\/p>\n<p class=\" wall-content\">\u00ab\u2009Il aurait mieux fait de rentrer \u00e0 pied\u2009!\u2009\u00bb sermonne la procureure. Elle rappelle que ce n\u2019est <b>pas la premi\u00e8re fois<\/b> que le pr\u00e9venu fait face \u00e0 la justice. <b>Onze mentions<\/b> figurent \u00e0 son casier judiciaire, dont cinq pour des infractions routi\u00e8res. Refus d\u2019obtemp\u00e9rer, blessures routi\u00e8res involontaires, conduite sans permis\u2026 le pr\u00e9venu de 24\u00a0ans n\u2019avait jusqu\u2019alors \u00e9cop\u00e9 que d\u2019<b>amendes <\/b>ou d\u2019<b>am\u00e9nagements de peine<\/b>. \u00ab\u2009Il a eu de la chance, mais il a bris\u00e9 la confiance.\u2009\u00bb<\/p>\n<p>Votre r\u00e9gion, votre actu !<\/p>\n<p>Recevez chaque jour les infos qui comptent pour vous.<\/p>\n<p>\t<a href=\"https:\/\/actu.fr\/newsletter\" class=\"ac-btn ac-btn--corner ac-btn--medium ac-btn--blue800\" target=\"_blank\" rel=\"noopener\">S&rsquo;incrire<\/a><\/p>\n<p class=\" wall-content\">Elle requiert <b>quatorze mois d\u2019emprisonnement<\/b> pour l\u2019int\u00e9gralit\u00e9 des faits et l\u2019interdiction pour le pr\u00e9venu de conduire tout v\u00e9hicule \u00e0 moteur pendant trois mois. Finalement, le tribunal <b>confirme les r\u00e9quisitions<\/b> et condamne le jeune homme \u00e0 <b>quatorze mois de prison ferme<\/b>.<\/p>\n<p class=\" wall-content\">Personnalisez votre actualit\u00e9 en ajoutant vos villes et m\u00e9dias en favori avec <a href=\"https:\/\/moncompte.actu.fr\" title=\"D\u00e9couvez Mon Actu\" rel=\"nofollow noopener\" data-trk=\"{&quot;cta&quot;:{&quot;action&quot;:&quot;https:\\\/\\\/moncompte.actu.fr&quot;,&quot;category&quot;:&quot;mon compte&quot;,&quot;from&quot;:&quot;article footer&quot;,&quot;name&quot;:&quot;Mon actu&quot;,&quot;type&quot;:&quot;cta&quot;}}\" target=\"_blank\">Mon Actu<\/a>.<\/p>\n","protected":false},"excerpt":{"rendered":"Par Zoe Hondt Publi\u00e9 le 23 d\u00e9c. 2025 \u00e0 18h00 Une folle course-poursuite. Les faits se sont d\u00e9roul\u00e9s&hellip;\n","protected":false},"author":2,"featured_media":618818,"comment_status":"","ping_status":"","sticky":false,"template":"","format":"standard","meta":{"footnotes":""},"categories":[2815],"tags":[1111,11,1777,674,118,1011,27,811,303,1307,12,2694,25],"class_list":{"0":"post-618817","1":"post","2":"type-post","3":"status-publish","4":"format-standard","5":"has-post-thumbnail","7":"category-lille","8":"tag-actu","9":"tag-actualites","10":"tag-eu","11":"tag-europe","12":"tag-faits-divers","13":"tag-fr","14":"tag-france","15":"tag-hauts-de-france","16":"tag-justice","17":"tag-lille","18":"tag-news","19":"tag-proces","20":"tag-republique-francaise"},"share_on_mastodon":{"url":"https:\/\/pubeurope.com\/@fr\/115771390232764410","error":""},"_links":{"self":[{"href":"https:\/\/www.europesays.com\/fr\/wp-json\/wp\/v2\/posts\/618817","targetHints":{"allow":["GET"]}}],"collection":[{"href":"https:\/\/www.europesays.com\/fr\/wp-json\/wp\/v2\/posts"}],"about":[{"href":"https:\/\/www.europesays.com\/fr\/wp-json\/wp\/v2\/types\/post"}],"author":[{"embeddable":true,"href":"https:\/\/www.europesays.com\/fr\/wp-json\/wp\/v2\/users\/2"}],"replies":[{"embeddable":true,"href":"https:\/\/www.europesays.com\/fr\/wp-json\/wp\/v2\/comments?post=618817"}],"version-history":[{"count":0,"href":"https:\/\/www.europesays.com\/fr\/wp-json\/wp\/v2\/posts\/618817\/revisions"}],"wp:featuredmedia":[{"embeddable":true,"href":"https:\/\/www.europesays.com\/fr\/wp-json\/wp\/v2\/media\/618818"}],"wp:attachment":[{"href":"https:\/\/www.europesays.com\/fr\/wp-json\/wp\/v2\/media?parent=618817"}],"wp:term":[{"taxonomy":"category","embeddable":true,"href":"https:\/\/www.europesays.com\/fr\/wp-json\/wp\/v2\/categories?post=618817"},{"taxonomy":"post_tag","embeddable":true,"href":"https:\/\/www.europesays.com\/fr\/wp-json\/wp\/v2\/tags?post=618817"}],"curies":[{"name":"wp","href":"https:\/\/api.w.org\/{rel}","templated":true}]}}