{"id":618819,"date":"2025-12-23T23:08:54","date_gmt":"2025-12-23T23:08:54","guid":{"rendered":"https:\/\/www.europesays.com\/fr\/618819\/"},"modified":"2025-12-23T23:08:54","modified_gmt":"2025-12-23T23:08:54","slug":"225-telephones-portables-et-pres-d18-kilogrammes-de-stupefiants-saisis-dans-les-prisons-des-hauts-de-france","status":"publish","type":"post","link":"https:\/\/www.europesays.com\/fr\/618819\/","title":{"rendered":"225 t\u00e9l\u00e9phones portables et pr\u00e8s d\u20191,8 kilogrammes de stup\u00e9fiants saisis dans les prisons des Hauts-de-France"},"content":{"rendered":"<p class=\"article__intro\">La direction interr\u00e9gionale des services p\u00e9nitentiaires de Lille (Nord) a d\u00e9voil\u00e9 les chiffres des op\u00e9rations de fouilles dans les prisons des Hauts-de-France. Depuis le d\u00e9but du mois de d\u00e9cembre, 225 t\u00e9l\u00e9phones portables et pr\u00e8s d\u20191,8 kilogrammes de stup\u00e9fiants ont \u00e9t\u00e9 saisis dans douze \u00e9tablissements p\u00e9nitentiaires de la r\u00e9gion.<\/p>\n<p>\n      La Quotidienne Soci\u00e9t\u00e9\n    <\/p>\n<p>\n      De la vie quotidienne aux grands enjeux, recevez tous les jours les sujets qui font la soci\u00e9t\u00e9 locale, comme la justice, l\u2019\u00e9ducation, la sant\u00e9 et la famille.\n    <\/p>\n<p>    France T\u00e9l\u00e9visions utilise votre adresse e-mail afin de vous envoyer la newsletter \u00ab\u00a0La Quotidienne Soci\u00e9t\u00e9\u00a0\u00bb. Vous pouvez vous d\u00e9sinscrire \u00e0 tout moment via le lien en bas de cette newsletter. <a target=\"_blank\" href=\"https:\/\/www.francetelevisions.fr\/groupe\/confidentialite\/politique-de-confidentialite\/politique-de-confidentialite-de-france-televisions-6503\" rel=\"noopener\">Notre politique de confidentialit\u00e9<\/a><\/p>\n<p>Les chiffres sont tomb\u00e9s. La direction interr\u00e9gionale des services p\u00e9nitentiaires (DISP) de Lille a d\u00e9voil\u00e9 le bilan des op\u00e9rations de fouilles dans les \u00e9tablissements p\u00e9nitentiaires des Hauts-de-France. <\/p>\n<p>Au total, plus de 225 t\u00e9l\u00e9phones portables et pr\u00e8s d\u20191,8 kilogrammes de stup\u00e9fiants ont \u00e9t\u00e9 retrouv\u00e9s au sein des quartiers maison d\u2019arr\u00eat de ces \u00e9tablissements.<\/p>\n<p>Depuis le d\u00e9but du mois de d\u00e9cembre, douze \u00e9tablissements p\u00e9nitentiaires ont fait l&rsquo;objet de ces op\u00e9rations de fouilles, selon la DISP. Des t\u00e9l\u00e9phones et des produits stup\u00e9fiants avaient \u00e9t\u00e9 retrouv\u00e9s dans <a href=\"https:\/\/france3-regions.franceinfo.fr\/hauts-de-france\/nord-0\/maubeuge\/lutte-contre-les-narcotrafiquants-des-telephones-portables-et-des-stupefiants-saisis-apres-des-operations-de-fouilles-dans-des-prisons-du-nord-3265070.html\" target=\"_blank\" rel=\"noopener noreferrer nofollow\" data-tooltip-url=\"https:\/\/france3-regions.franceinfo.fr\/hauts-de-france\/nord-0\/maubeuge\/lutte-contre-les-narcotrafiquants-des-telephones-portables-et-des-stupefiants-saisis-apres-des-operations-de-fouilles-dans-des-prisons-du-nord-3265070.html\">la prison de Maubeuge ou encore la maison d&rsquo;arr\u00eat de Douai au d\u00e9but du mois.<\/a><\/p>\n<p>Elles ont n\u00e9cessit\u00e9 la mobilisation de nombreux personnels p\u00e9nitentiaires, dont des agents de l\u2019\u00e9quipe r\u00e9gionale d\u2019intervention et de s\u00e9curit\u00e9 (\u00c9RIS) de Lille, des agents des forces de s\u00e9curit\u00e9 int\u00e9rieure dont des officiers de police judiciaire et des brigades cynotechniques.<\/p>\n<p>Le 21 novembre 2025, le ministre de la Justice G\u00e9rald Darmanin avait annonc\u00e9 la mise en place d\u2019op\u00e9rations \u00ab\u00a0Fouilles XXL\u00a0\u00bb \u00e0 travers le territoire national. L&rsquo;objectif de ces interventions est de lutter contre les narcotrafiquants qui poursuivent leurs activit\u00e9s ill\u00e9gales en prison notamment gr\u00e2ce aux t\u00e9l\u00e9phones portables. Les fouilles devaient se poursuivre jusqu&rsquo;\u00e0 la fin du mois.<\/p>\n<p>En parall\u00e8le, l&rsquo;annonce avait \u00e9t\u00e9 faite d&rsquo;un plan massif de s\u00e9curisation \u00e0 hauteur de 29 millions d\u2019euros destin\u00e9s \u00e0 renforcer l\u2019\u00e9tanch\u00e9it\u00e9 de six \u00e9tablissements p\u00e9nitentiaires (Arras, Paris-La Sant\u00e9, Rennes-Vezin, Dijon, Toulouse-Seysses et Toulon- La Farl\u00e8de).<\/p>\n","protected":false},"excerpt":{"rendered":"La direction interr\u00e9gionale des services p\u00e9nitentiaires de Lille (Nord) a d\u00e9voil\u00e9 les chiffres des op\u00e9rations de fouilles dans&hellip;\n","protected":false},"author":2,"featured_media":618820,"comment_status":"","ping_status":"","sticky":false,"template":"","format":"standard","meta":{"footnotes":""},"categories":[2815],"tags":[1111,11,1777,674,1011,27,811,1307,12,25],"class_list":{"0":"post-618819","1":"post","2":"type-post","3":"status-publish","4":"format-standard","5":"has-post-thumbnail","7":"category-lille","8":"tag-actu","9":"tag-actualites","10":"tag-eu","11":"tag-europe","12":"tag-fr","13":"tag-france","14":"tag-hauts-de-france","15":"tag-lille","16":"tag-news","17":"tag-republique-francaise"},"share_on_mastodon":{"url":"https:\/\/pubeurope.com\/@fr\/115771405924610655","error":""},"_links":{"self":[{"href":"https:\/\/www.europesays.com\/fr\/wp-json\/wp\/v2\/posts\/618819","targetHints":{"allow":["GET"]}}],"collection":[{"href":"https:\/\/www.europesays.com\/fr\/wp-json\/wp\/v2\/posts"}],"about":[{"href":"https:\/\/www.europesays.com\/fr\/wp-json\/wp\/v2\/types\/post"}],"author":[{"embeddable":true,"href":"https:\/\/www.europesays.com\/fr\/wp-json\/wp\/v2\/users\/2"}],"replies":[{"embeddable":true,"href":"https:\/\/www.europesays.com\/fr\/wp-json\/wp\/v2\/comments?post=618819"}],"version-history":[{"count":0,"href":"https:\/\/www.europesays.com\/fr\/wp-json\/wp\/v2\/posts\/618819\/revisions"}],"wp:featuredmedia":[{"embeddable":true,"href":"https:\/\/www.europesays.com\/fr\/wp-json\/wp\/v2\/media\/618820"}],"wp:attachment":[{"href":"https:\/\/www.europesays.com\/fr\/wp-json\/wp\/v2\/media?parent=618819"}],"wp:term":[{"taxonomy":"category","embeddable":true,"href":"https:\/\/www.europesays.com\/fr\/wp-json\/wp\/v2\/categories?post=618819"},{"taxonomy":"post_tag","embeddable":true,"href":"https:\/\/www.europesays.com\/fr\/wp-json\/wp\/v2\/tags?post=618819"}],"curies":[{"name":"wp","href":"https:\/\/api.w.org\/{rel}","templated":true}]}}