{"id":618821,"date":"2025-12-23T23:10:28","date_gmt":"2025-12-23T23:10:28","guid":{"rendered":"https:\/\/www.europesays.com\/fr\/618821\/"},"modified":"2025-12-23T23:10:28","modified_gmt":"2025-12-23T23:10:28","slug":"la-ligne-3-du-tram-a-ete-totalement-interrompue-pendant-des-heures-ce-mardi-matin-a-marseille","status":"publish","type":"post","link":"https:\/\/www.europesays.com\/fr\/618821\/","title":{"rendered":"La ligne 3 du tram a \u00e9t\u00e9 totalement interrompue pendant des heures ce mardi matin \u00e0 Marseille"},"content":{"rendered":"<p>Dans un communiqu\u00e9, <a href=\"https:\/\/www.rtm.fr\/infos-trafic\/2096571351248875292\" target=\"_blank\" rel=\"noopener\">la RTM avait alert\u00e9<\/a> sur le fait que la ligne 3 du tram ne fonctionnait pas ce mardi 23\u00a0d\u00e9cembre au matin. La raison\u00a0: un obstacle sur la voie Castellane.<\/p>\n<p>En revanche, il \u00e9tait pr\u00e9cis\u00e9 dans la missive\u00a0: \u00ab\u00a0La Ligne de Tram T2 ainsi que T1 fonctionnent normalement. Pour vous rendre en centre-ville, vous pouvez emprunter en correspondance \u00e0 Castellane les M\u00e9tro M1\/M2.\u00a0\u00bb<\/p>\n<p><strong>La ligne est rest\u00e9e ferm\u00e9e pendant plusieurs heures avant de rouvrir<\/strong>, annonce\u00a0la R\u00e9gie des transports m\u00e9tropolitains.<\/p>\n","protected":false},"excerpt":{"rendered":"Dans un communiqu\u00e9, la RTM avait alert\u00e9 sur le fait que la ligne 3 du tram ne fonctionnait&hellip;\n","protected":false},"author":2,"featured_media":618822,"comment_status":"","ping_status":"","sticky":false,"template":"","format":"standard","meta":{"footnotes":""},"categories":[2814],"tags":[17,1111,11,154,2883,1777,674,1011,27,27778,3052,884,12,6202,882,16,25,9425,2221],"class_list":{"0":"post-618821","1":"post","2":"type-post","3":"status-publish","4":"format-standard","5":"has-post-thumbnail","7":"category-marseille","8":"tag-17","9":"tag-actu","10":"tag-actualites","11":"tag-des","12":"tag-ete","13":"tag-eu","14":"tag-europe","15":"tag-fr","16":"tag-france","17":"tag-interrompue","18":"tag-ligne","19":"tag-marseille","20":"tag-news","21":"tag-pendant","22":"tag-provence-alpes-cote-dazur","23":"tag-region","24":"tag-republique-francaise","25":"tag-totalement","26":"tag-tram"},"share_on_mastodon":{"url":"https:\/\/pubeurope.com\/@fr\/115771409978991645","error":""},"_links":{"self":[{"href":"https:\/\/www.europesays.com\/fr\/wp-json\/wp\/v2\/posts\/618821","targetHints":{"allow":["GET"]}}],"collection":[{"href":"https:\/\/www.europesays.com\/fr\/wp-json\/wp\/v2\/posts"}],"about":[{"href":"https:\/\/www.europesays.com\/fr\/wp-json\/wp\/v2\/types\/post"}],"author":[{"embeddable":true,"href":"https:\/\/www.europesays.com\/fr\/wp-json\/wp\/v2\/users\/2"}],"replies":[{"embeddable":true,"href":"https:\/\/www.europesays.com\/fr\/wp-json\/wp\/v2\/comments?post=618821"}],"version-history":[{"count":0,"href":"https:\/\/www.europesays.com\/fr\/wp-json\/wp\/v2\/posts\/618821\/revisions"}],"wp:featuredmedia":[{"embeddable":true,"href":"https:\/\/www.europesays.com\/fr\/wp-json\/wp\/v2\/media\/618822"}],"wp:attachment":[{"href":"https:\/\/www.europesays.com\/fr\/wp-json\/wp\/v2\/media?parent=618821"}],"wp:term":[{"taxonomy":"category","embeddable":true,"href":"https:\/\/www.europesays.com\/fr\/wp-json\/wp\/v2\/categories?post=618821"},{"taxonomy":"post_tag","embeddable":true,"href":"https:\/\/www.europesays.com\/fr\/wp-json\/wp\/v2\/tags?post=618821"}],"curies":[{"name":"wp","href":"https:\/\/api.w.org\/{rel}","templated":true}]}}