{"id":618827,"date":"2025-12-23T23:13:12","date_gmt":"2025-12-23T23:13:12","guid":{"rendered":"https:\/\/www.europesays.com\/fr\/618827\/"},"modified":"2025-12-23T23:13:12","modified_gmt":"2025-12-23T23:13:12","slug":"explosion-dans-une-usine-chimique-pres-de-lyon-lun-des-quatre-blesses-est-decede","status":"publish","type":"post","link":"https:\/\/www.europesays.com\/fr\/618827\/","title":{"rendered":"Explosion dans une usine chimique pr\u00e8s de Lyon\u00a0: l\u2019un des quatre bless\u00e9s est d\u00e9c\u00e9d\u00e9"},"content":{"rendered":"<p>\n                                                                La victime, un homme \u00e2g\u00e9 de 47 ans dont le pronostic vital \u00e9tait engag\u00e9, est d\u00e9c\u00e9d\u00e9e des suites de ses br\u00fblures.\n                            <\/p>\n<p>Une des quatre personnes bless\u00e9es lundi 22\u00a0d\u00e9cembre dans l\u2019explosion dans l\u2019usine chimique Elkem Silicones \u00e0 Saint-Fons, pr\u00e8s de Lyon, est d\u00e9c\u00e9d\u00e9e mardi apr\u00e8s-midi, a indiqu\u00e9 la pr\u00e9fecture.<\/p>\n<p>La victime, un homme \u00e2g\u00e9 de 47 ans dont le pronostic vital \u00e9tait engag\u00e9, \u00ab\u00a0est d\u00e9c\u00e9d\u00e9e des suites de ses br\u00fblures\u00a0\u00bb, a pr\u00e9cis\u00e9 la pr\u00e9fecture \u00e0 l\u2019AFP, confirmant une information de <a href=\"https:\/\/www.rtl.fr\/\" target=\"_self\" rel=\"noopener\">RTL<\/a>.<\/p>\n<p>Cet homme avait \u00e9t\u00e9 bless\u00e9 avec deux autres hommes et une femme dans une explosion survenue \u00e0 l\u2019int\u00e9rieur d\u2019un atelier pilote du site chimique, class\u00e9 Seveso seuil haut, avait pr\u00e9cis\u00e9 \u00e0 l\u2019AFP Guillaume Artois, charg\u00e9 de la communication de l\u2019entreprise.<\/p>\n<p>Il s\u2019agit du deuxi\u00e8me d\u00e9c\u00e8s enregistr\u00e9 en pr\u00e8s de dix ans sur le site Elkem de Saint-Fons, apr\u00e8s la mort en 2016 d\u2019une personne tu\u00e9e dans l\u2019incendie de f\u00fbts de silicone dans un entrep\u00f4t de 2.500 m2.<\/p>\n<p>Le parquet de Lyon a indiqu\u00e9 mardi que trois bless\u00e9s lundi dans l\u2019explosion \u00e9taient \u00ab\u00a0gri\u00e8vement br\u00fbl\u00e9s\u00a0\u00bb, pr\u00e9cisant avoir ouvert une enqu\u00eate pour \u00ab\u00a0blessures involontaires par personne morale suivies d\u2019incapacit\u00e9 sup\u00e9rieure \u00e0 trois mois\u00a0\u00bb.<\/p>\n<p>La Division de la criminalit\u00e9 organis\u00e9e sp\u00e9cialis\u00e9e (DCOS, ex PJ), et la Direction d\u00e9partementale de l\u2019emploi, du travail et des solidarit\u00e9s (DDETS), ont \u00e9t\u00e9 saisies pour d\u00e9terminer les causes et circonstances de l\u2019explosion, selon le parquet.<\/p>\n<p>La d\u00e9flagration a pu \u00eatre caus\u00e9e par l\u2019\u00e9manation d\u2019hydrog\u00e8ne \u00ab\u00a0dans un atelier exp\u00e9rimental\u00a0\u00bb, avait d\u00e9clar\u00e9 lundi \u00e0 la presse Jean-Pierre Lerat, le directeur de l\u2019usine.<\/p>\n<p>Selon le porte-parole Guillaume Artois, cet atelier \u00e9tait une \u00ab\u00a0unit\u00e9 bien particuli\u00e8re, le laboratoire pilote, qui n\u2019est pas connect\u00e9 au reste du site\u00a0\u00bb. Il avait \u00e9t\u00e9 install\u00e9 en 2021 et r\u00e9pondait aux exigences des \u00ab\u00a0derni\u00e8res normes de s\u00e9curit\u00e9\u00a0\u00bb, a-t-il assur\u00e9 \u00e0 l\u2019AFP.<\/p>\n<p>Une \u00e9quipe y testait une m\u00e9thode de d\u00e9volatilisation d\u2019huiles de silicone hydrog\u00e9n\u00e9es, une \u00ab\u00a0manipulation relativement courante dans un atelier pilote\u00a0\u00bb, a-t-il poursuivi.<\/p>\n<p>\u00ab\u00a0Il y avait une r\u00e9action qui se passait mal et l\u2019\u00e9quipe est intervenue. Pendant l\u2019intervention, il y a eu une \u00e9mission, probablement d\u2019hydrog\u00e8ne gazeux, qui a pu d\u00e9clencher l\u2019explosion\u00a0\u00bb, a ajout\u00e9 le porte-parole.<\/p>\n<p>Pour \u00e9teindre l\u2019incendie qui a suivi, une centaine de pompiers ont \u00e9t\u00e9 mobilis\u00e9s lundi. L\u2019autoroute A7, les voies ferr\u00e9es et fluviales sur le Rh\u00f4ne \u00e0 proximit\u00e9 de l\u2019usine avaient \u00e9t\u00e9 coup\u00e9es quelques heures, et environ un millier de personnes autour de la zone avaient \u00e9t\u00e9 confin\u00e9es quelques heures \u00e9galement.<\/p>\n","protected":false},"excerpt":{"rendered":"La victime, un homme \u00e2g\u00e9 de 47 ans dont le pronostic vital \u00e9tait engag\u00e9, est d\u00e9c\u00e9d\u00e9e des suites&hellip;\n","protected":false},"author":2,"featured_media":618828,"comment_status":"","ping_status":"","sticky":false,"template":"","format":"standard","meta":{"footnotes":""},"categories":[1889],"tags":[1111,11,2430,1777,674,118,1011,27,2428,12,25],"class_list":{"0":"post-618827","1":"post","2":"type-post","3":"status-publish","4":"format-standard","5":"has-post-thumbnail","7":"category-lyon","8":"tag-actu","9":"tag-actualites","10":"tag-auvergne-rhone-alpes","11":"tag-eu","12":"tag-europe","13":"tag-faits-divers","14":"tag-fr","15":"tag-france","16":"tag-lyon","17":"tag-news","18":"tag-republique-francaise"},"share_on_mastodon":{"url":"https:\/\/pubeurope.com\/@fr\/115771421722539384","error":""},"_links":{"self":[{"href":"https:\/\/www.europesays.com\/fr\/wp-json\/wp\/v2\/posts\/618827","targetHints":{"allow":["GET"]}}],"collection":[{"href":"https:\/\/www.europesays.com\/fr\/wp-json\/wp\/v2\/posts"}],"about":[{"href":"https:\/\/www.europesays.com\/fr\/wp-json\/wp\/v2\/types\/post"}],"author":[{"embeddable":true,"href":"https:\/\/www.europesays.com\/fr\/wp-json\/wp\/v2\/users\/2"}],"replies":[{"embeddable":true,"href":"https:\/\/www.europesays.com\/fr\/wp-json\/wp\/v2\/comments?post=618827"}],"version-history":[{"count":0,"href":"https:\/\/www.europesays.com\/fr\/wp-json\/wp\/v2\/posts\/618827\/revisions"}],"wp:featuredmedia":[{"embeddable":true,"href":"https:\/\/www.europesays.com\/fr\/wp-json\/wp\/v2\/media\/618828"}],"wp:attachment":[{"href":"https:\/\/www.europesays.com\/fr\/wp-json\/wp\/v2\/media?parent=618827"}],"wp:term":[{"taxonomy":"category","embeddable":true,"href":"https:\/\/www.europesays.com\/fr\/wp-json\/wp\/v2\/categories?post=618827"},{"taxonomy":"post_tag","embeddable":true,"href":"https:\/\/www.europesays.com\/fr\/wp-json\/wp\/v2\/tags?post=618827"}],"curies":[{"name":"wp","href":"https:\/\/api.w.org\/{rel}","templated":true}]}}